{"id":926,"date":"2021-01-18T10:40:52","date_gmt":"2021-01-18T16:40:52","guid":{"rendered":"https:\/\/garbar.info\/?p=926"},"modified":"2024-10-04T12:16:59","modified_gmt":"2024-10-04T18:16:59","slug":"reglamento-de-la-ley-general-de-salud-en-materia-de-control-sanitario-para-la-produccion-investigacion-y-uso-medicinal-de-la-cannabis-y-sus-derivados-farmacologicos","status":"publish","type":"post","link":"https:\/\/garbar.info\/zh\/reglamento-de-la-ley-general-de-salud-en-materia-de-control-sanitario-para-la-produccion-investigacion-y-uso-medicinal-de-la-cannabis-y-sus-derivados-farmacologicos\/","title":{"rendered":"\u300a\u4e00\u822c\u536b\u751f\u6cd5\u300b\u5bf9\u5927\u9ebb\u53ca\u5176\u836f\u7406\u884d\u751f\u7269\u7684\u751f\u4ea7\u3001\u7814\u7a76\u548c\u836f\u7528\u536b\u751f\u63a7\u5236\u7684\u89c4\u5b9a\u3002"},"content":{"rendered":"<div data-elementor-type=\"wp-post\" data-elementor-id=\"926\" class=\"elementor elementor-926\" data-elementor-post-type=\"post\">\n\t\t\t\t\t\t<section class=\"elementor-section elementor-top-section elementor-element elementor-element-8fd0310 elementor-section-boxed elementor-section-height-default elementor-section-height-default\" data-id=\"8fd0310\" data-element_type=\"section\" data-settings=\"{&quot;background_background&quot;:&quot;classic&quot;}\">\n\t\t\t\t\t\t<div class=\"elementor-container elementor-column-gap-default\">\n\t\t\t\t\t<div class=\"elementor-column elementor-col-50 elementor-top-column elementor-element elementor-element-0f328b8\" data-id=\"0f328b8\" data-element_type=\"column\">\n\t\t\t<div class=\"elementor-widget-wrap elementor-element-populated\">\n\t\t\t\t\t\t<div class=\"elementor-element elementor-element-d3842a5 elementor-widget elementor-widget-heading\" data-id=\"d3842a5\" data-element_type=\"widget\" data-widget_type=\"heading.default\">\n\t\t\t\t<div class=\"elementor-widget-container\">\n\t\t\t\t\t<h2 class=\"elementor-heading-title elementor-size-default\">\u76d1\u7ba1<\/h2>\t\t\t\t<\/div>\n\t\t\t\t<\/div>\n\t\t\t\t<div class=\"elementor-element elementor-element-74ab396 elementor-widget elementor-widget-image\" data-id=\"74ab396\" data-element_type=\"widget\" data-widget_type=\"image.default\">\n\t\t\t\t<div class=\"elementor-widget-container\">\n\t\t\t\t\t\t\t\t\t\t\t\t\t\t\t<img loading=\"lazy\" decoding=\"async\" width=\"900\" height=\"506\" src=\"https:\/\/garbar.info\/wp-content\/uploads\/2024\/10\/Reglamento-de-la-Ley-General-De-Salud-en-materia-de-control-sanitario-para-la-produccion-investigacion-y-uso-medicinal-de-la-Cannabis-y-sus-derivados-farmacologicos-1024x576.jpg\" class=\"attachment-large size-large wp-image-927\" alt=\"\" srcset=\"https:\/\/garbar.info\/wp-content\/uploads\/2024\/10\/Reglamento-de-la-Ley-General-De-Salud-en-materia-de-control-sanitario-para-la-produccion-investigacion-y-uso-medicinal-de-la-Cannabis-y-sus-derivados-farmacologicos-1024x576.jpg 1024w, https:\/\/garbar.info\/wp-content\/uploads\/2024\/10\/Reglamento-de-la-Ley-General-De-Salud-en-materia-de-control-sanitario-para-la-produccion-investigacion-y-uso-medicinal-de-la-Cannabis-y-sus-derivados-farmacologicos-300x169.jpg 300w, https:\/\/garbar.info\/wp-content\/uploads\/2024\/10\/Reglamento-de-la-Ley-General-De-Salud-en-materia-de-control-sanitario-para-la-produccion-investigacion-y-uso-medicinal-de-la-Cannabis-y-sus-derivados-farmacologicos-768x432.jpg 768w, https:\/\/garbar.info\/wp-content\/uploads\/2024\/10\/Reglamento-de-la-Ley-General-De-Salud-en-materia-de-control-sanitario-para-la-produccion-investigacion-y-uso-medicinal-de-la-Cannabis-y-sus-derivados-farmacologicos-18x10.jpg 18w, https:\/\/garbar.info\/wp-content\/uploads\/2024\/10\/Reglamento-de-la-Ley-General-De-Salud-en-materia-de-control-sanitario-para-la-produccion-investigacion-y-uso-medicinal-de-la-Cannabis-y-sus-derivados-farmacologicos.jpg 1200w\" sizes=\"(max-width: 900px) 100vw, 900px\" \/>\t\t\t\t\t\t\t\t\t\t\t\t\t\t\t<\/div>\n\t\t\t\t<\/div>\n\t\t\t\t<div class=\"elementor-element elementor-element-b85d41d elementor-widget elementor-widget-heading\" data-id=\"b85d41d\" data-element_type=\"widget\" data-widget_type=\"heading.default\">\n\t\t\t\t<div class=\"elementor-widget-container\">\n\t\t\t\t\t<h1 class=\"elementor-heading-title elementor-size-default\">\u300a\u4e00\u822c\u536b\u751f\u6cd5\u300b\u5bf9\u5927\u9ebb\u53ca\u5176\u836f\u7406\u884d\u751f\u7269\u7684\u751f\u4ea7\u3001\u7814\u7a76\u548c\u836f\u7528\u536b\u751f\u63a7\u5236\u7684\u89c4\u5b9a\u3002<\/h1>\t\t\t\t<\/div>\n\t\t\t\t<\/div>\n\t\t\t\t<div class=\"elementor-element elementor-element-ee35502 elementor-widget elementor-widget-text-editor\" data-id=\"ee35502\" data-element_type=\"widget\" data-widget_type=\"text-editor.default\">\n\t\t\t\t<div class=\"elementor-widget-container\">\n\t\t\t\t\t\t\t\t\t<article class=\"post-content\"><article class=\"post-content\"><p><span style=\"color: #ffffff;\">Finalmente, el d\u00eda martes 12 de enero del a\u00f1o en curso se public\u00f3 el Reglamento de la Ley General de Salud en Materia de Control Sanitario para la Producci\u00f3n, Investigaci\u00f3n y Uso Medicinal de la Cannabis y sus Derivados Farmacol\u00f3gicos (Reglamento), el cual entr\u00f3 en vigor al d\u00eda siguiente de su publicaci\u00f3n, y el cual regula las reformas a la Ley General de Salud y al C\u00f3digo Penal Federal, publicadas el 19 de junio de 2017 en el Diario Oficial de la Federaci\u00f3n.<\/span><\/p><p><span style=\"color: #ffffff;\">Esta reforma a la Ley General de Salud permiti\u00f3 el uso medicinal y para fines de investigaci\u00f3n cient\u00edfica de la cannabis sativa, \u00edndica y americana o marihuana, y de sus derivados farmacol\u00f3gicos. Conforme a los transitorios de la reforma, una vez entrada \u00e9sta en vigor, el Poder Ejecutivo, a trav\u00e9s de la Secretar\u00eda de Salud, ten\u00eda 180 d\u00edas para armonizar los ordenamientos jur\u00eddicos. La falta de reglamentaci\u00f3n en tiempo tuvo como consecuencia el posterior exhorto que hizo la Suprema Corte de Justicia de la Naci\u00f3n a la Secretar\u00eda de Salud para regular el uso medicinal de cannabis y sus derivados, puesto que esta omisi\u00f3n afectaba la eficacia del derecho humano y constitucional de protecci\u00f3n a la salud.<\/span><\/p><p><span style=\"text-decoration: underline; color: #ffffff;\">Estructura<\/span><\/p><p><span style=\"color: #ffffff;\">El Reglamento consta de 80 art\u00edculos, los cuales est\u00e1n divididos en 6 t\u00edtulos: Disposiciones Generales; Laboratorios de Control de Calidad; De los Fines de la Cannabis; De la Importaci\u00f3n y Exportaci\u00f3n; De los Establecimientos para la Atenci\u00f3n M\u00e9dica que suministren Medicamentos de Cannabis, y De la Publicidad y Comercializaci\u00f3n.<\/span><\/p><p><span style=\"text-decoration: underline; color: #ffffff;\">Objeto<\/span><\/p><p><span style=\"color: #ffffff;\">El objeto del Reglamento es la regulaci\u00f3n, control, fomento y vigilancia sanitaria de materia prima, derivados farmacol\u00f3gicos y medicamentos de la cannabis, con fines de producci\u00f3n, investigaci\u00f3n, fabricaci\u00f3n y m\u00e9dicos.<\/span><\/p><p><span style=\"text-decoration: underline; color: #ffffff;\">Fines<\/span><\/p><p><span style=\"color: #ffffff;\">Las actividades reguladas por el Reglamento deben tener exclusivamente alguno de los siguientes fines:<\/span><\/p><p><span style=\"color: #ffffff;\">1.\u00a0\u00a0\u00a0\u00a0\u00a0\u00a0 Producci\u00f3n primaria, que es aqu\u00e9lla que se refiere a :<\/span><\/p><p><span style=\"color: #ffffff;\">1.1. Abastecer la fabricaci\u00f3n para fines m\u00e9dicos;<\/span><\/p><p><span style=\"color: #ffffff;\">1.2. Generar materia prima para realizar investigaci\u00f3n para la salud e investigaci\u00f3n farmacol\u00f3gica, y<\/span><\/p><p><span style=\"color: #ffffff;\">1.3. Producir semilla.<\/span><\/p><p><span style=\"color: #ffffff;\">2.\u00a0\u00a0\u00a0\u00a0\u00a0\u00a0 Investigaci\u00f3n<\/span><\/p><p><span style=\"color: #ffffff;\">2.1. Investigaci\u00f3n para la salud, e<\/span><\/p><p><span style=\"color: #ffffff;\">2.2. Investigaci\u00f3n farmacol\u00f3gica.<\/span><\/p><p><span style=\"color: #ffffff;\">3.\u00a0\u00a0\u00a0\u00a0\u00a0\u00a0 Fabricaci\u00f3n de derivados farmacol\u00f3gicos y medicamentos.<\/span><\/p><p><span style=\"color: #ffffff;\">4.\u00a0\u00a0\u00a0\u00a0\u00a0\u00a0 M\u00e9dicos para la realizaci\u00f3n de diagn\u00f3sticos, preventivos, terap\u00e9uticos, de rehabilitaci\u00f3n y cuidados paliativos.<\/span><\/p><p><span style=\"text-decoration: underline; color: #ffffff;\">Definiciones a considerar<\/span><\/p><p><span style=\"color: #ffffff;\">o\u00a0\u00a0 Cannabis: Planta de cannabis sativa, \u00edndica y americana o mariguana, su resina, preparados y semillas.<\/span><\/p><p><span style=\"color: #ffffff;\">o\u00a0\u00a0 Cannabinoides: Compuestos org\u00e1nicos pertenecientes al grupo de los terpenofenoles, entre los que se encuentran, el cannabidiol y tetrahidrocannabinol<\/span><\/p><p><span style=\"color: #ffffff;\">o\u00a0\u00a0 CBD: Cannabidiol y sus formas \u00e1cidas, compuesto cannabinoide que carece de propiedades psicoactivas<\/span><\/p><p><span style=\"color: #ffffff;\">o\u00a0\u00a0 THC: Tetrahidrocannabinol y su forma \u00e1cida, compuesto Cannabinoide con propiedades psicoactivas<\/span><\/p><p><span style=\"text-decoration: underline; color: #ffffff;\">Vigilancia<\/span><\/p><p><span style=\"color: #ffffff;\">Las dependecias de la Adminsitraci\u00f3n P\u00fablica Federal facultadas para llevar a cabo las acciones de vigilancia del presente reglamento son:<\/span><\/p><p><span style=\"color: #ffffff;\">\u00b7\u00a0\u00a0\u00a0\u00a0\u00a0\u00a0 Comisi\u00f3n Federal para la Protecci\u00f3n contra Riesgos Sanitarios (COFEPRIS);<\/span><\/p><p><span style=\"color: #ffffff;\">\u00b7\u00a0\u00a0\u00a0\u00a0\u00a0\u00a0 Secretar\u00eda de Agricultura y Desarrollo Rural (SADER), a trav\u00e9s del Servicio Nacional de Sanidad, Inocuidad, y Calidad Agroalimentaria (SENASICA) y del Servicio Nacional de Inspecci\u00f3n y Certificaci\u00f3n de Semillas (SNICS);<\/span><\/p><p><span style=\"color: #ffffff;\">\u00b7\u00a0\u00a0\u00a0\u00a0\u00a0\u00a0 Secretar\u00eda de Econom\u00eda, y<\/span><\/p><p><span style=\"color: #ffffff;\">\u00b7\u00a0\u00a0\u00a0\u00a0\u00a0\u00a0 Secretar\u00eda de Hacienda y Cr\u00e9dito P\u00fablico, a trav\u00e9s del Servicio de Administaci\u00f3n Tributaria (SAT).<\/span><\/p><p><span style=\"text-decoration: underline; color: #ffffff;\">Otros ordenamientos jur\u00eddicos aplicables<\/span><\/p><p><span style=\"color: #ffffff;\">En general, el uso de cannabis para fines m\u00e9dicos y de investigaci\u00f3n cient\u00edfica se regular\u00e1 tambi\u00e9n por las disposiciones aplicables a materia prima y medicamentos controlados de la normatividad sanitaria vigente, como lo es la Ley General de Salud; el Reglamento de Insumos para la Salud; el Reglamento de la Ley General de Salud en Materia de Investigaci\u00f3n para la Salud; el Reglamento de la Ley General de Salud en Materia de Prestaci\u00f3n de Servicios de Atenci\u00f3n M\u00e9dica; el Reglamento de la Ley General de Salud en Materia de Publicidad; la NOM-059-SSA1-2015 Buenas pr\u00e1cticas de fabricaci\u00f3n de medicamentos, entre otros.<\/span><\/p><p><span style=\"text-decoration: underline; color: #ffffff;\">Comentarios<\/span><\/p><p><span style=\"color: #ffffff;\">\u00b7\u00a0\u00a0\u00a0\u00a0\u00a0\u00a0 Siembra de Cannabis. Lo m\u00e1s novedoso del Reglamento es lo referente a la siembra de cannabis, prevista en el T\u00edtulo Segundo, Cap\u00edtulo Segundo \u201cDe la Producci\u00f3n\u201d. \u00c9sta se refiere a la \u201cproducci\u00f3n primaria\u201d, la cual es el proceso de la cannabis en el campo, que incluye la preparaci\u00f3n del terreno, siembre, desarrollo del cultivo, cosecha y empaque.<\/span><\/p><p><span style=\"color: #ffffff;\">o\u00a0\u00a0 El permiso de siembra de cannabis debe tramitarse ante SENASICA.<\/span><\/p><p><span style=\"color: #ffffff;\">o\u00a0\u00a0 Las actividades para las cuales se otorgan los permisos de siembre son:<\/span><\/p><p><span style=\"color: #ffffff;\">\u00a7\u00a0 Siembra, cultivo y cosecha de cannabis;<\/span><\/p><p><span style=\"color: #ffffff;\">\u00a7\u00a0 Investigaci\u00f3n para la salud, y<\/span><\/p><p><span style=\"color: #ffffff;\">\u00a7\u00a0 Fabricaci\u00f3n de Derivados Farmacol\u00f3gicos y Medicamentos.<\/span><\/p><p><span style=\"color: #ffffff;\">o\u00a0\u00a0 Para solicitar el permiso de siembra, debe presentarse el Protocolo de Investigaci\u00f3n o el registro sanitario para el medicamento a producirse, seg\u00fan corresponda.<\/span><\/p><p><span style=\"color: #ffffff;\">o\u00a0\u00a0 El Sitio Confinado Permitido de siembra es el espacio f\u00edsico donde se encuentra la producci\u00f3n primaria de cannabis y se realiza su comercializaci\u00f3n, siempre que en la realizaci\u00f3n de tales actividades se utilicen barreras, con el fin de limitar de manera efectiva su contacto con la poblaci\u00f3n y el ambiente.<\/span><\/p><p><span style=\"color: #ffffff;\">\u00b7\u00a0\u00a0\u00a0\u00a0\u00a0\u00a0 Fines m\u00e9dicos.<\/span><\/p><p><span style=\"color: #ffffff;\">o\u00a0\u00a0 Prescripci\u00f3n de Medicamentos de Cannabis: Se requiere un recetario especial con c\u00f3digo de barras.<\/span><\/p><p><span style=\"color: #ffffff;\">o\u00a0\u00a0 Receta m\u00e9dica es la que acredita la legal posesi\u00f3n de Medicamentos de Cannabis.<\/span><\/p><p><span style=\"color: #ffffff;\">\u00b7\u00a0\u00a0\u00a0\u00a0\u00a0\u00a0 Publicidad. \u00danicamente ser\u00e1 autorizada la publicidad dirigida a profesionales de la salud.<\/span><\/p><p>\u00a0<\/p><p><span style=\"color: #ffffff;\">\u00b7\u00a0\u00a0\u00a0\u00a0\u00a0\u00a0 Importaci\u00f3n. Pueden importarse, previo permiso sanitario de importaci\u00f3n:<\/span><\/p><p><span style=\"color: #ffffff;\">o\u00a0\u00a0 Materia Prima;<\/span><\/p><p><span style=\"color: #ffffff;\">o\u00a0\u00a0 Derivados Farmacol\u00f3gicos, y<\/span><\/p><p><span style=\"color: #ffffff;\">o\u00a0\u00a0 Medicamentos de cannabis.<\/span><\/p><p><span style=\"color: #ffffff;\">\u00b7\u00a0\u00a0\u00a0\u00a0\u00a0\u00a0 Exportaci\u00f3n. Pueden exportarse, previo permiso de exportaci\u00f3n y permiso de importaci\u00f3n del pa\u00eds a donde se exporte:<\/span><\/p><p><span style=\"color: #ffffff;\">o\u00a0\u00a0 Derivados Farmacol\u00f3gicos, y<\/span><\/p><p><span style=\"color: #ffffff;\">o\u00a0\u00a0 Medicamentos de Cannabis.<\/span><\/p><p><span style=\"color: #ffffff;\">Finalmente, es importante resalta que este Reglamento no regula el uso l\u00fadico o recreativo de la cannabis.<\/span><\/p><p><span style=\"color: #ffffff;\">Les recordamos que seguimos trabajando para brindarles el mejor servicio y asistirlos oportunamente.\u00a0<\/span><\/p><p><span style=\"color: #ffffff;\">Garc\u00eda Barrag\u00e1n Abogados<\/span><\/p><p>\u00a0<\/p><\/article><\/article>\t\t\t\t\t\t\t\t<\/div>\n\t\t\t\t<\/div>\n\t\t\t\t\t<\/div>\n\t\t<\/div>\n\t\t\t\t<div class=\"elementor-column elementor-col-50 elementor-top-column elementor-element elementor-element-4b1b38c\" data-id=\"4b1b38c\" data-element_type=\"column\">\n\t\t\t<div class=\"elementor-widget-wrap elementor-element-populated\">\n\t\t\t\t\t\t<div class=\"elementor-element elementor-element-51f16d6 elementor-widget elementor-widget-spacer\" data-id=\"51f16d6\" data-element_type=\"widget\" data-widget_type=\"spacer.default\">\n\t\t\t\t<div class=\"elementor-widget-container\">\n\t\t\t\t\t\t\t<div class=\"elementor-spacer\">\n\t\t\t<div class=\"elementor-spacer-inner\"><\/div>\n\t\t<\/div>\n\t\t\t\t\t\t<\/div>\n\t\t\t\t<\/div>\n\t\t\t\t<div class=\"elementor-element elementor-element-05cf4ec elementor-widget elementor-widget-sidebar\" data-id=\"05cf4ec\" data-element_type=\"widget\" data-widget_type=\"sidebar.default\">\n\t\t\t\t<div class=\"elementor-widget-container\">\n\t\t\t\t\t<aside id=\"block-3\" class=\"widget inner-padding widget_block\">\n<div class=\"wp-block-group is-layout-constrained wp-block-group-is-layout-constrained\"><ul style=\"font-size:13px;\" class=\"wp-block-latest-posts__list has-dates has-author wp-block-latest-posts\"><li><div class=\"wp-block-latest-posts__featured-image alignright\"><a href=\"https:\/\/garbar.info\/zh\/chambers-and-partners-2026-ha-reconocido-a-nuestro-socio-daniel-garcia-barragan-l\/\" aria-label=\"Chambers and Partners 2026 ha reconocido a nuestro socio Daniel Garc\u00eda Barrag\u00e1n L.\"><img loading=\"lazy\" decoding=\"async\" width=\"150\" height=\"150\" src=\"https:\/\/garbar.info\/wp-content\/uploads\/2026\/02\/garbar-dgbl-chambers-2026-all-150x150.jpg\" class=\"attachment-thumbnail size-thumbnail wp-post-image\" alt=\"\" style=\"max-width:113px;max-height:113px;\" srcset=\"https:\/\/garbar.info\/wp-content\/uploads\/2026\/02\/garbar-dgbl-chambers-2026-all-150x150.jpg 150w, https:\/\/garbar.info\/wp-content\/uploads\/2026\/02\/garbar-dgbl-chambers-2026-all-700x700.jpg 700w\" sizes=\"(max-width: 150px) 100vw, 150px\" \/><\/a><\/div><a class=\"wp-block-latest-posts__post-title\" href=\"https:\/\/garbar.info\/zh\/chambers-and-partners-2026-ha-reconocido-a-nuestro-socio-daniel-garcia-barragan-l\/\">Chambers and Partners 2026 ha reconocido a nuestro socio Daniel Garc\u00eda Barrag\u00e1n L.<\/a><div class=\"wp-block-latest-posts__post-author\">\u4f5c\u8005\uff1aGarc\u00eda Barrag\u00e1n Abogados<\/div><time datetime=\"2026-02-18T12:45:12-06:00\" class=\"wp-block-latest-posts__post-date\">18 de 2 \u6708 de 2026<\/time><div class=\"wp-block-latest-posts__post-excerpt\">Con gran orgullo y entusiasmo, compartimos que el d\u00eda de ayer nuestra consejera, la licenciada Luc\u00eda Mello Gonz\u00e1lez recibi\u00f3 por parte de la ANIERM, en el marco de\u00a0\u201cThe Logistics World Summit & Expo 2025\u201d, el evento de log\u00edstica m\u00e1s importante de Latinoam\u00e9rica, su certificado del Diplomado de Comercio Exterior y Operaciones Aduaneras, as\u00ed como su certificaci\u00f3n en el Est\u00e1ndar de Competencias Laborales EC0537, avalada por el CONOCER y la SEP; lo que refleja su compromiso y trayectoria en esta \u00e1rea del Derecho.<\/div><\/li>\n<li><div class=\"wp-block-latest-posts__featured-image alignright\"><a href=\"https:\/\/garbar.info\/zh\/analisis-al-decreto-por-el-que-se-reforman-y-adicionan-disposiciones-a-la-ley-de-amparo\/\" aria-label=\"\u00a0An\u00e1lisis al Decreto por el que se reforman y adicionan disposiciones a la Ley de Amparo\"><img loading=\"lazy\" decoding=\"async\" width=\"150\" height=\"150\" src=\"https:\/\/garbar.info\/wp-content\/uploads\/2025\/11\/garbar.2025.analisis.ley_.amparo.news_-150x150.jpg\" class=\"attachment-thumbnail size-thumbnail wp-post-image\" alt=\"\" style=\"max-width:113px;max-height:113px;\" srcset=\"https:\/\/garbar.info\/wp-content\/uploads\/2025\/11\/garbar.2025.analisis.ley_.amparo.news_-150x150.jpg 150w, https:\/\/garbar.info\/wp-content\/uploads\/2025\/11\/garbar.2025.analisis.ley_.amparo.news_-700x700.jpg 700w\" sizes=\"(max-width: 150px) 100vw, 150px\" \/><\/a><\/div><a class=\"wp-block-latest-posts__post-title\" href=\"https:\/\/garbar.info\/zh\/analisis-al-decreto-por-el-que-se-reforman-y-adicionan-disposiciones-a-la-ley-de-amparo\/\">\u00a0An\u00e1lisis al Decreto por el que se reforman y adicionan disposiciones a la Ley de Amparo<\/a><div class=\"wp-block-latest-posts__post-author\">\u4f5c\u8005\uff1aGarc\u00eda Barrag\u00e1n Abogados<\/div><time datetime=\"2025-11-05T11:47:30-06:00\" class=\"wp-block-latest-posts__post-date\">5 de 11 \u6708 de 2025<\/time><div class=\"wp-block-latest-posts__post-excerpt\">Con gran orgullo y entusiasmo, compartimos que el d\u00eda de ayer nuestra consejera, la licenciada Luc\u00eda Mello Gonz\u00e1lez recibi\u00f3 por parte de la ANIERM, en el marco de\u00a0\u201cThe Logistics World Summit & Expo 2025\u201d, el evento de log\u00edstica m\u00e1s importante de Latinoam\u00e9rica, su certificado del Diplomado de Comercio Exterior y Operaciones Aduaneras, as\u00ed como su certificaci\u00f3n en el Est\u00e1ndar de Competencias Laborales EC0537, avalada por el CONOCER y la SEP; lo que refleja su compromiso y trayectoria en esta \u00e1rea del Derecho.<\/div><\/li>\n<li><div class=\"wp-block-latest-posts__featured-image alignright\"><a href=\"https:\/\/garbar.info\/zh\/compartimos-el-reconocimiento-de-nuestro-socio-daniel-garcia-barragan-lopez-como-socio-de-proxima-generacion-en-el-ranking-de-legal-500-2026-para-mexico\/\" aria-label=\"Compartimos el reconocimiento de nuestro socio Daniel Garc\u00eda Barrag\u00e1n L\u00f3pez como Socio de Pr\u00f3xima Generaci\u00f3n, en el ranking de Legal 500 2026 para M\u00e9xico\"><img loading=\"lazy\" decoding=\"async\" width=\"150\" height=\"150\" src=\"https:\/\/garbar.info\/wp-content\/uploads\/2025\/10\/garbar.web_.dgbl_.2025-150x150.jpg\" class=\"attachment-thumbnail size-thumbnail wp-post-image\" alt=\"\" style=\"max-width:113px;max-height:113px;\" srcset=\"https:\/\/garbar.info\/wp-content\/uploads\/2025\/10\/garbar.web_.dgbl_.2025-150x150.jpg 150w, https:\/\/garbar.info\/wp-content\/uploads\/2025\/10\/garbar.web_.dgbl_.2025-700x700.jpg 700w\" sizes=\"(max-width: 150px) 100vw, 150px\" \/><\/a><\/div><a class=\"wp-block-latest-posts__post-title\" href=\"https:\/\/garbar.info\/zh\/compartimos-el-reconocimiento-de-nuestro-socio-daniel-garcia-barragan-lopez-como-socio-de-proxima-generacion-en-el-ranking-de-legal-500-2026-para-mexico\/\">Compartimos el reconocimiento de nuestro socio Daniel Garc\u00eda Barrag\u00e1n L\u00f3pez como Socio de Pr\u00f3xima Generaci\u00f3n, en el ranking de Legal 500 2026 para M\u00e9xico<\/a><div class=\"wp-block-latest-posts__post-author\">\u4f5c\u8005\uff1aGarc\u00eda Barrag\u00e1n Abogados<\/div><time datetime=\"2025-10-27T13:06:22-06:00\" class=\"wp-block-latest-posts__post-date\">27 de 10 \u6708 de 2025<\/time><div class=\"wp-block-latest-posts__post-excerpt\">Con gran orgullo y entusiasmo, compartimos que el d\u00eda de ayer nuestra consejera, la licenciada Luc\u00eda Mello Gonz\u00e1lez recibi\u00f3 por parte de la ANIERM, en el marco de\u00a0\u201cThe Logistics World Summit & Expo 2025\u201d, el evento de log\u00edstica m\u00e1s importante de Latinoam\u00e9rica, su certificado del Diplomado de Comercio Exterior y Operaciones Aduaneras, as\u00ed como su certificaci\u00f3n en el Est\u00e1ndar de Competencias Laborales EC0537, avalada por el CONOCER y la SEP; lo que refleja su compromiso y trayectoria en esta \u00e1rea del Derecho.<\/div><\/li>\n<li><div class=\"wp-block-latest-posts__featured-image alignright\"><a href=\"https:\/\/garbar.info\/zh\/compartimos-el-reconocimiento-de-nuestro-socio-fundador-manuel-garcia-barragan-martinez-como-abogado-recomendado-en-el-ranking-de-the-legal-500-2026-para-mexico\/\" aria-label=\"Compartimos el reconocimiento de nuestro socio fundador Manuel Garc\u00eda Barrag\u00e1n Mart\u00ednez como Abogado Recomendado, en el ranking de The Legal 500 2026 para M\u00e9xico\"><img loading=\"lazy\" decoding=\"async\" width=\"150\" height=\"150\" src=\"https:\/\/garbar.info\/wp-content\/uploads\/2025\/10\/garbar.web_.mgbm_.2025-150x150.jpg\" class=\"attachment-thumbnail size-thumbnail wp-post-image\" alt=\"\" style=\"max-width:113px;max-height:113px;\" srcset=\"https:\/\/garbar.info\/wp-content\/uploads\/2025\/10\/garbar.web_.mgbm_.2025-150x150.jpg 150w, https:\/\/garbar.info\/wp-content\/uploads\/2025\/10\/garbar.web_.mgbm_.2025-700x700.jpg 700w\" sizes=\"auto, (max-width: 150px) 100vw, 150px\" \/><\/a><\/div><a class=\"wp-block-latest-posts__post-title\" href=\"https:\/\/garbar.info\/zh\/compartimos-el-reconocimiento-de-nuestro-socio-fundador-manuel-garcia-barragan-martinez-como-abogado-recomendado-en-el-ranking-de-the-legal-500-2026-para-mexico\/\">Compartimos el reconocimiento de nuestro socio fundador Manuel Garc\u00eda Barrag\u00e1n Mart\u00ednez como Abogado Recomendado, en el ranking de The Legal 500 2026 para M\u00e9xico<\/a><div class=\"wp-block-latest-posts__post-author\">\u4f5c\u8005\uff1aGarc\u00eda Barrag\u00e1n Abogados<\/div><time datetime=\"2025-10-27T13:03:40-06:00\" class=\"wp-block-latest-posts__post-date\">27 de 10 \u6708 de 2025<\/time><div class=\"wp-block-latest-posts__post-excerpt\">Con gran orgullo y entusiasmo, compartimos que el d\u00eda de ayer nuestra consejera, la licenciada Luc\u00eda Mello Gonz\u00e1lez recibi\u00f3 por parte de la ANIERM, en el marco de\u00a0\u201cThe Logistics World Summit & Expo 2025\u201d, el evento de log\u00edstica m\u00e1s importante de Latinoam\u00e9rica, su certificado del Diplomado de Comercio Exterior y Operaciones Aduaneras, as\u00ed como su certificaci\u00f3n en el Est\u00e1ndar de Competencias Laborales EC0537, avalada por el CONOCER y la SEP; lo que refleja su compromiso y trayectoria en esta \u00e1rea del Derecho.<\/div><\/li>\n<li><div class=\"wp-block-latest-posts__featured-image alignright\"><a href=\"https:\/\/garbar.info\/zh\/garcia-barragan-abogados-s-c-ha-sido-reconocido-por-legal-500-como-firma-recomendada-y-destacada-en-el-area-de-practica-de-resolucion-de-disputas-arbitraje-en-el-ranking-de-2026-para-mexico\/\" aria-label=\"Garc\u00eda Barrag\u00e1n Abogados, S.C., ha sido reconocido por Legal 500 como Firma recomendada y destacada en el \u00e1rea de pr\u00e1ctica de Resoluci\u00f3n de Disputas: Arbitraje en el ranking de 2026 para M\u00e9xico\"><img loading=\"lazy\" decoding=\"async\" width=\"150\" height=\"150\" src=\"https:\/\/garbar.info\/wp-content\/uploads\/2025\/10\/garbar.web_.gba_.2025-150x150.jpg\" class=\"attachment-thumbnail size-thumbnail wp-post-image\" alt=\"\" style=\"max-width:113px;max-height:113px;\" srcset=\"https:\/\/garbar.info\/wp-content\/uploads\/2025\/10\/garbar.web_.gba_.2025-150x150.jpg 150w, https:\/\/garbar.info\/wp-content\/uploads\/2025\/10\/garbar.web_.gba_.2025-700x700.jpg 700w\" sizes=\"auto, (max-width: 150px) 100vw, 150px\" \/><\/a><\/div><a class=\"wp-block-latest-posts__post-title\" href=\"https:\/\/garbar.info\/zh\/garcia-barragan-abogados-s-c-ha-sido-reconocido-por-legal-500-como-firma-recomendada-y-destacada-en-el-area-de-practica-de-resolucion-de-disputas-arbitraje-en-el-ranking-de-2026-para-mexico\/\">Garc\u00eda Barrag\u00e1n Abogados, S.C., ha sido reconocido por Legal 500 como Firma recomendada y destacada en el \u00e1rea de pr\u00e1ctica de Resoluci\u00f3n de Disputas: Arbitraje en el ranking de 2026 para M\u00e9xico<\/a><div class=\"wp-block-latest-posts__post-author\">\u4f5c\u8005\uff1aGarc\u00eda Barrag\u00e1n Abogados<\/div><time datetime=\"2025-10-27T12:51:54-06:00\" class=\"wp-block-latest-posts__post-date\">27 de 10 \u6708 de 2025<\/time><div class=\"wp-block-latest-posts__post-excerpt\">Con gran orgullo y entusiasmo, compartimos que el d\u00eda de ayer nuestra consejera, la licenciada Luc\u00eda Mello Gonz\u00e1lez recibi\u00f3 por parte de la ANIERM, en el marco de\u00a0\u201cThe Logistics World Summit & Expo 2025\u201d, el evento de log\u00edstica m\u00e1s importante de Latinoam\u00e9rica, su certificado del Diplomado de Comercio Exterior y Operaciones Aduaneras, as\u00ed como su certificaci\u00f3n en el Est\u00e1ndar de Competencias Laborales EC0537, avalada por el CONOCER y la SEP; lo que refleja su compromiso y trayectoria en esta \u00e1rea del Derecho.<\/div><\/li>\n<li><div class=\"wp-block-latest-posts__featured-image alignright\"><a href=\"https:\/\/garbar.info\/zh\/proyecto-de-reforma-a-la-ley-de-amparo\/\" aria-label=\"Proyecto de Reforma a la Ley de Amparo\"><img loading=\"lazy\" decoding=\"async\" width=\"150\" height=\"150\" src=\"https:\/\/garbar.info\/wp-content\/uploads\/2025\/09\/garbar.2025.proyecto.de_.reforma.a.la_.ley_.de_.amparo.news_-150x150.jpg\" class=\"attachment-thumbnail size-thumbnail wp-post-image\" alt=\"\" style=\"max-width:113px;max-height:113px;\" srcset=\"https:\/\/garbar.info\/wp-content\/uploads\/2025\/09\/garbar.2025.proyecto.de_.reforma.a.la_.ley_.de_.amparo.news_-150x150.jpg 150w, https:\/\/garbar.info\/wp-content\/uploads\/2025\/09\/garbar.2025.proyecto.de_.reforma.a.la_.ley_.de_.amparo.news_-700x700.jpg 700w\" sizes=\"auto, (max-width: 150px) 100vw, 150px\" \/><\/a><\/div><a class=\"wp-block-latest-posts__post-title\" href=\"https:\/\/garbar.info\/zh\/proyecto-de-reforma-a-la-ley-de-amparo\/\">Proyecto de Reforma a la Ley de Amparo<\/a><div class=\"wp-block-latest-posts__post-author\">\u4f5c\u8005\uff1aGarc\u00eda Barrag\u00e1n Abogados<\/div><time datetime=\"2025-09-23T17:09:48-06:00\" class=\"wp-block-latest-posts__post-date\">23 de 9 \u6708 de 2025<\/time><div class=\"wp-block-latest-posts__post-excerpt\">Con gran orgullo y entusiasmo, compartimos que el d\u00eda de ayer nuestra consejera, la licenciada Luc\u00eda Mello Gonz\u00e1lez recibi\u00f3 por parte de la ANIERM, en el marco de\u00a0\u201cThe Logistics World Summit & Expo 2025\u201d, el evento de log\u00edstica m\u00e1s importante de Latinoam\u00e9rica, su certificado del Diplomado de Comercio Exterior y Operaciones Aduaneras, as\u00ed como su certificaci\u00f3n en el Est\u00e1ndar de Competencias Laborales EC0537, avalada por el CONOCER y la SEP; lo que refleja su compromiso y trayectoria en esta \u00e1rea del Derecho.<\/div><\/li>\n<li><div class=\"wp-block-latest-posts__featured-image alignright\"><a href=\"https:\/\/garbar.info\/zh\/adriana-lopez-gonzalez-latin-america-guide-en-arbitration-mexico-band-4\/\" aria-label=\"Adriana L\u00f3pez Gonz\u00e1lez Latin America Guide\u00a0en\u00a0Arbitration \u2013 Mexico, Band 4\"><img loading=\"lazy\" decoding=\"async\" width=\"150\" height=\"150\" src=\"https:\/\/garbar.info\/wp-content\/uploads\/2025\/08\/garbar-alg-chambers-intellectual-property-2026-150x150.png\" class=\"attachment-thumbnail size-thumbnail wp-post-image\" alt=\"\" style=\"max-width:113px;max-height:113px;\" srcset=\"https:\/\/garbar.info\/wp-content\/uploads\/2025\/08\/garbar-alg-chambers-intellectual-property-2026-150x150.png 150w, https:\/\/garbar.info\/wp-content\/uploads\/2025\/08\/garbar-alg-chambers-intellectual-property-2026-700x700.png 700w\" sizes=\"auto, (max-width: 150px) 100vw, 150px\" \/><\/a><\/div><a class=\"wp-block-latest-posts__post-title\" href=\"https:\/\/garbar.info\/zh\/adriana-lopez-gonzalez-latin-america-guide-en-arbitration-mexico-band-4\/\">Adriana L\u00f3pez Gonz\u00e1lez Latin America Guide\u00a0en\u00a0Arbitration \u2013 Mexico, Band 4<\/a><div class=\"wp-block-latest-posts__post-author\">\u4f5c\u8005\uff1aGarc\u00eda Barrag\u00e1n Abogados<\/div><time datetime=\"2025-08-26T09:57:03-06:00\" class=\"wp-block-latest-posts__post-date\">26 de 8 \u6708 de 2025<\/time><div class=\"wp-block-latest-posts__post-excerpt\">Con gran orgullo y entusiasmo, compartimos que el d\u00eda de ayer nuestra consejera, la licenciada Luc\u00eda Mello Gonz\u00e1lez recibi\u00f3 por parte de la ANIERM, en el marco de\u00a0\u201cThe Logistics World Summit & Expo 2025\u201d, el evento de log\u00edstica m\u00e1s importante de Latinoam\u00e9rica, su certificado del Diplomado de Comercio Exterior y Operaciones Aduaneras, as\u00ed como su certificaci\u00f3n en el Est\u00e1ndar de Competencias Laborales EC0537, avalada por el CONOCER y la SEP; lo que refleja su compromiso y trayectoria en esta \u00e1rea del Derecho.<\/div><\/li>\n<li><div class=\"wp-block-latest-posts__featured-image alignright\"><a href=\"https:\/\/garbar.info\/zh\/daniel-garcia-barragan-lopez-corporate-ma-highly-regarded-mexico-band-4\/\" aria-label=\"Daniel Garc\u00eda Barrag\u00e1n L\u00f3pez Corporate \/ M&amp;A: Highly Regarded \u2013 Mexico, Band 4\"><img loading=\"lazy\" decoding=\"async\" width=\"150\" height=\"150\" src=\"https:\/\/garbar.info\/wp-content\/uploads\/2025\/08\/garbar-dgbl-chambers-corporate-ma-2026-150x150.png\" class=\"attachment-thumbnail size-thumbnail wp-post-image\" alt=\"\" style=\"max-width:113px;max-height:113px;\" srcset=\"https:\/\/garbar.info\/wp-content\/uploads\/2025\/08\/garbar-dgbl-chambers-corporate-ma-2026-150x150.png 150w, https:\/\/garbar.info\/wp-content\/uploads\/2025\/08\/garbar-dgbl-chambers-corporate-ma-2026-700x700.png 700w\" sizes=\"auto, (max-width: 150px) 100vw, 150px\" \/><\/a><\/div><a class=\"wp-block-latest-posts__post-title\" href=\"https:\/\/garbar.info\/zh\/daniel-garcia-barragan-lopez-corporate-ma-highly-regarded-mexico-band-4\/\">Daniel Garc\u00eda Barrag\u00e1n L\u00f3pez Corporate \/ M&amp;A: Highly Regarded \u2013 Mexico, Band 4<\/a><div class=\"wp-block-latest-posts__post-author\">\u4f5c\u8005\uff1aGarc\u00eda Barrag\u00e1n Abogados<\/div><time datetime=\"2025-08-26T09:45:30-06:00\" class=\"wp-block-latest-posts__post-date\">26 de 8 \u6708 de 2025<\/time><div class=\"wp-block-latest-posts__post-excerpt\">Con gran orgullo y entusiasmo, compartimos que el d\u00eda de ayer nuestra consejera, la licenciada Luc\u00eda Mello Gonz\u00e1lez recibi\u00f3 por parte de la ANIERM, en el marco de\u00a0\u201cThe Logistics World Summit & Expo 2025\u201d, el evento de log\u00edstica m\u00e1s importante de Latinoam\u00e9rica, su certificado del Diplomado de Comercio Exterior y Operaciones Aduaneras, as\u00ed como su certificaci\u00f3n en el Est\u00e1ndar de Competencias Laborales EC0537, avalada por el CONOCER y la SEP; lo que refleja su compromiso y trayectoria en esta \u00e1rea del Derecho.<\/div><\/li>\n<li><div class=\"wp-block-latest-posts__featured-image alignright\"><a href=\"https:\/\/garbar.info\/zh\/daniel-garcia-barragan-lopez-dispute-resolution-civil-commercial-litigation-mexico-band-4\/\" aria-label=\"Daniel Garc\u00eda Barrag\u00e1n L\u00f3pez Dispute Resolution: Civil &amp; Commercial Litigation \u2013 Mexico, Band 4\"><img loading=\"lazy\" decoding=\"async\" width=\"150\" height=\"150\" src=\"https:\/\/garbar.info\/wp-content\/uploads\/2025\/08\/garbar-dgbl-chambers-civil-commercial-2026-150x150.png\" class=\"attachment-thumbnail size-thumbnail wp-post-image\" alt=\"\" style=\"max-width:113px;max-height:113px;\" srcset=\"https:\/\/garbar.info\/wp-content\/uploads\/2025\/08\/garbar-dgbl-chambers-civil-commercial-2026-150x150.png 150w, https:\/\/garbar.info\/wp-content\/uploads\/2025\/08\/garbar-dgbl-chambers-civil-commercial-2026-700x700.png 700w\" sizes=\"auto, (max-width: 150px) 100vw, 150px\" \/><\/a><\/div><a class=\"wp-block-latest-posts__post-title\" href=\"https:\/\/garbar.info\/zh\/daniel-garcia-barragan-lopez-dispute-resolution-civil-commercial-litigation-mexico-band-4\/\">Daniel Garc\u00eda Barrag\u00e1n L\u00f3pez Dispute Resolution: Civil &amp; Commercial Litigation \u2013 Mexico, Band 4<\/a><div class=\"wp-block-latest-posts__post-author\">\u4f5c\u8005\uff1aGarc\u00eda Barrag\u00e1n Abogados<\/div><time datetime=\"2025-08-26T09:39:53-06:00\" class=\"wp-block-latest-posts__post-date\">26 de 8 \u6708 de 2025<\/time><div class=\"wp-block-latest-posts__post-excerpt\">Con gran orgullo y entusiasmo, compartimos que el d\u00eda de ayer nuestra consejera, la licenciada Luc\u00eda Mello Gonz\u00e1lez recibi\u00f3 por parte de la ANIERM, en el marco de\u00a0\u201cThe Logistics World Summit & Expo 2025\u201d, el evento de log\u00edstica m\u00e1s importante de Latinoam\u00e9rica, su certificado del Diplomado de Comercio Exterior y Operaciones Aduaneras, as\u00ed como su certificaci\u00f3n en el Est\u00e1ndar de Competencias Laborales EC0537, avalada por el CONOCER y la SEP; lo que refleja su compromiso y trayectoria en esta \u00e1rea del Derecho.<\/div><\/li>\n<\/ul><\/div>\n<\/aside><aside id=\"block-8\" class=\"widget inner-padding widget_block\">\n<div style=\"height:49px\" aria-hidden=\"true\" class=\"wp-block-spacer\"><\/div>\n<\/aside><aside id=\"nav_menu-3\" class=\"widget inner-padding widget_nav_menu\"><div class=\"menu-garbar-menu-container\"><ul id=\"menu-garbar-menu\" class=\"menu\"><li id=\"menu-item-516\" class=\"menu-item menu-item-type-post_type menu-item-object-page menu-item-516\"><a href=\"https:\/\/garbar.info\/zh\/acerca-de\/\">\u5173\u4e8e\u6211\u4eec<\/a><\/li>\n<li id=\"menu-item-501\" class=\"menu-item menu-item-type-post_type menu-item-object-page menu-item-501\"><a href=\"https:\/\/garbar.info\/zh\/areas-de-practica\/\">\u5b9e\u8df5\u9886\u57df<\/a><\/li>\n<li id=\"menu-item-502\" class=\"menu-item menu-item-type-post_type menu-item-object-page menu-item-502\"><a href=\"https:\/\/garbar.info\/zh\/equipo\/\">\u56e2\u961f<\/a><\/li>\n<li id=\"menu-item-503\" class=\"menu-item menu-item-type-post_type menu-item-object-page menu-item-503\"><a href=\"https:\/\/garbar.info\/zh\/noticias\/\">\u6d88\u606f<\/a><\/li>\n<li id=\"menu-item-559\" class=\"menu-item menu-item-type-post_type menu-item-object-page menu-item-559\"><a href=\"https:\/\/garbar.info\/zh\/contacto\/\">\u63a5\u89e6<\/a><\/li>\n<\/ul><\/div><\/aside>\t\t\t\t<\/div>\n\t\t\t\t<\/div>\n\t\t\t\t\t<\/div>\n\t\t<\/div>\n\t\t\t\t\t<\/div>\n\t\t<\/section>\n\t\t\t\t<\/div>","protected":false},"excerpt":{"rendered":"<p>Regulatorio Reglamento de la Ley General De Salud en materia de control sanitario para la producci\u00f3n, investigaci\u00f3n y uso medicinal de la Cannabis y sus derivados farmacol\u00f3gicos. Finalmente, el d\u00eda martes 12 de enero del a\u00f1o en curso se public\u00f3 el Reglamento de la Ley General de Salud en Materia de Control Sanitario para la &#8230; <a title=\"\u300a\u4e00\u822c\u536b\u751f\u6cd5\u300b\u5bf9\u5927\u9ebb\u53ca\u5176\u836f\u7406\u884d\u751f\u7269\u7684\u751f\u4ea7\u3001\u7814\u7a76\u548c\u836f\u7528\u536b\u751f\u63a7\u5236\u7684\u89c4\u5b9a\u3002\" class=\"read-more\" href=\"https:\/\/garbar.info\/zh\/reglamento-de-la-ley-general-de-salud-en-materia-de-control-sanitario-para-la-produccion-investigacion-y-uso-medicinal-de-la-cannabis-y-sus-derivados-farmacologicos\/\" aria-label=\"\u9605\u8bfb Reglamento de la Ley General De Salud en materia de control sanitario para la producci\u00f3n, investigaci\u00f3n y uso medicinal de la Cannabis y sus derivados farmacol\u00f3gicos.\">\u9605\u8bfb\u66f4\u591a<\/a><\/p>","protected":false},"author":1,"featured_media":927,"comment_status":"open","ping_status":"open","sticky":false,"template":"elementor_header_footer","format":"standard","meta":{"inline_featured_image":false,"footnotes":""},"categories":[60],"tags":[],"class_list":["post-926","post","type-post","status-publish","format-standard","has-post-thumbnail","hentry","category-regulatorio"],"_links":{"self":[{"href":"https:\/\/garbar.info\/zh\/wp-json\/wp\/v2\/posts\/926","targetHints":{"allow":["GET"]}}],"collection":[{"href":"https:\/\/garbar.info\/zh\/wp-json\/wp\/v2\/posts"}],"about":[{"href":"https:\/\/garbar.info\/zh\/wp-json\/wp\/v2\/types\/post"}],"author":[{"embeddable":true,"href":"https:\/\/garbar.info\/zh\/wp-json\/wp\/v2\/users\/1"}],"replies":[{"embeddable":true,"href":"https:\/\/garbar.info\/zh\/wp-json\/wp\/v2\/comments?post=926"}],"version-history":[{"count":4,"href":"https:\/\/garbar.info\/zh\/wp-json\/wp\/v2\/posts\/926\/revisions"}],"predecessor-version":[{"id":931,"href":"https:\/\/garbar.info\/zh\/wp-json\/wp\/v2\/posts\/926\/revisions\/931"}],"wp:featuredmedia":[{"embeddable":true,"href":"https:\/\/garbar.info\/zh\/wp-json\/wp\/v2\/media\/927"}],"wp:attachment":[{"href":"https:\/\/garbar.info\/zh\/wp-json\/wp\/v2\/media?parent=926"}],"wp:term":[{"taxonomy":"category","embeddable":true,"href":"https:\/\/garbar.info\/zh\/wp-json\/wp\/v2\/categories?post=926"},{"taxonomy":"post_tag","embeddable":true,"href":"https:\/\/garbar.info\/zh\/wp-json\/wp\/v2\/tags?post=926"}],"curies":[{"name":"wp","href":"https:\/\/api.w.org\/{rel}","templated":true}]}}