{"id":860,"date":"2020-04-03T09:47:12","date_gmt":"2020-04-03T15:47:12","guid":{"rendered":"https:\/\/garbar.info\/?p=860"},"modified":"2024-10-04T10:01:42","modified_gmt":"2024-10-04T16:01:42","slug":"situacion-de-autoridades-en-temas-de-p-i-y-regulatorio-ante-epidemia-covid-19","status":"publish","type":"post","link":"https:\/\/garbar.info\/zh\/situacion-de-autoridades-en-temas-de-p-i-y-regulatorio-ante-epidemia-covid-19\/","title":{"rendered":"\u4e3b\u7ba1\u673a\u5173\u5728\u77e5\u8bc6\u4ea7\u6743\u95ee\u9898\u4e0a\u7684\u60c5\u51b5\u3002\u9762\u5bf9 COVID -19 \u75ab\u60c5\u7684\u76d1\u7ba1\u3002"},"content":{"rendered":"<div data-elementor-type=\"wp-post\" data-elementor-id=\"860\" class=\"elementor elementor-860\" data-elementor-post-type=\"post\">\n\t\t\t\t\t\t<section class=\"elementor-section elementor-top-section elementor-element elementor-element-8fd0310 elementor-section-boxed elementor-section-height-default elementor-section-height-default\" data-id=\"8fd0310\" data-element_type=\"section\" data-settings=\"{&quot;background_background&quot;:&quot;classic&quot;}\">\n\t\t\t\t\t\t<div class=\"elementor-container elementor-column-gap-default\">\n\t\t\t\t\t<div class=\"elementor-column elementor-col-50 elementor-top-column elementor-element elementor-element-0f328b8\" data-id=\"0f328b8\" data-element_type=\"column\">\n\t\t\t<div class=\"elementor-widget-wrap elementor-element-populated\">\n\t\t\t\t\t\t<div class=\"elementor-element elementor-element-d3842a5 elementor-widget elementor-widget-heading\" data-id=\"d3842a5\" data-element_type=\"widget\" data-widget_type=\"heading.default\">\n\t\t\t\t<div class=\"elementor-widget-container\">\n\t\t\t\t\t<h2 class=\"elementor-heading-title elementor-size-default\">\u76d1\u7ba1<\/h2>\t\t\t\t<\/div>\n\t\t\t\t<\/div>\n\t\t\t\t<div class=\"elementor-element elementor-element-74ab396 elementor-widget elementor-widget-image\" data-id=\"74ab396\" data-element_type=\"widget\" data-widget_type=\"image.default\">\n\t\t\t\t<div class=\"elementor-widget-container\">\n\t\t\t\t\t\t\t\t\t\t\t\t\t\t\t<img loading=\"lazy\" decoding=\"async\" width=\"900\" height=\"506\" src=\"https:\/\/garbar.info\/wp-content\/uploads\/2024\/10\/Situacion-de-Autoridades-en-temas-de-P.I.-y-Regulatorio-ante-epidemia-COVID-19-1024x576.jpg\" class=\"attachment-large size-large wp-image-861\" alt=\"\" srcset=\"https:\/\/garbar.info\/wp-content\/uploads\/2024\/10\/Situacion-de-Autoridades-en-temas-de-P.I.-y-Regulatorio-ante-epidemia-COVID-19-1024x576.jpg 1024w, https:\/\/garbar.info\/wp-content\/uploads\/2024\/10\/Situacion-de-Autoridades-en-temas-de-P.I.-y-Regulatorio-ante-epidemia-COVID-19-300x169.jpg 300w, https:\/\/garbar.info\/wp-content\/uploads\/2024\/10\/Situacion-de-Autoridades-en-temas-de-P.I.-y-Regulatorio-ante-epidemia-COVID-19-768x432.jpg 768w, https:\/\/garbar.info\/wp-content\/uploads\/2024\/10\/Situacion-de-Autoridades-en-temas-de-P.I.-y-Regulatorio-ante-epidemia-COVID-19-18x10.jpg 18w, https:\/\/garbar.info\/wp-content\/uploads\/2024\/10\/Situacion-de-Autoridades-en-temas-de-P.I.-y-Regulatorio-ante-epidemia-COVID-19.jpg 1200w\" sizes=\"(max-width: 900px) 100vw, 900px\" \/>\t\t\t\t\t\t\t\t\t\t\t\t\t\t\t<\/div>\n\t\t\t\t<\/div>\n\t\t\t\t<div class=\"elementor-element elementor-element-b85d41d elementor-widget elementor-widget-heading\" data-id=\"b85d41d\" data-element_type=\"widget\" data-widget_type=\"heading.default\">\n\t\t\t\t<div class=\"elementor-widget-container\">\n\t\t\t\t\t<h1 class=\"elementor-heading-title elementor-size-default\">Situaci\u00f3n de Autoridades  en temas de P.I. y Regulatorio ante epidemia COVID -19.<\/h1>\t\t\t\t<\/div>\n\t\t\t\t<\/div>\n\t\t\t\t<div class=\"elementor-element elementor-element-ee35502 elementor-widget elementor-widget-text-editor\" data-id=\"ee35502\" data-element_type=\"widget\" data-widget_type=\"text-editor.default\">\n\t\t\t\t<div class=\"elementor-widget-container\">\n\t\t\t\t\t\t\t\t\t<article class=\"post-content\"><article class=\"post-content\"><p><span style=\"color: #ffffff;\">Estimados clientes y amigos,<\/span><\/p><p><span style=\"color: #ffffff;\">Como bien saben, la pandemia de COVID-19 tambi\u00e9n est\u00e1 afectando a M\u00e9xico. Por ello, la Secretar\u00eda de Salud implement\u00f3 la Jornada Nacional de Sana Distancia, como parte de las medidas de prevenci\u00f3n y mitigaci\u00f3n, por medio de la cual recomend\u00f3 suspender temporalmente las actividades no esenciales de los sectores p\u00fablico, social y privado, la cual comenz\u00f3 el lunes 23 de marzo.<\/span><\/p><p><span style=\"color: #ffffff;\">Consecuentemente, en d\u00edas posteriores, dependencias de la administraci\u00f3n p\u00fablica federal emitieron acuerdos a trav\u00e9s de los cuales dieron a conocer la suspensi\u00f3n de plazos y t\u00e9rminos legales por causa de fuerza mayor.<\/span><\/p><p><span style=\"color: #ffffff;\">Resulta importante destacar que debido al avance de la pandemia, el pasado 30 de marzo \u00e9sta fue declarada como emergencia sanitaria por causa de fuerza mayor en M\u00e9xico. En virtud de lo anterior, la Secretar\u00eda de Salud extendi\u00f3 el plazo de suspensi\u00f3n de actividades hasta el 30 de abril de 2020. Derivado de esta situaci\u00f3n, la continuidad de la suspensi\u00f3n de los plazos y t\u00e9rminos legales a que se hace referencia en cada una de las dependencias gubernamentales, depender\u00e1n de las medidas sanitarias que las autoridades en materia de salud determinen con posterioridad a la publicaci\u00f3n de los acuerdos emitidos por cada una de \u00e9stas.<\/span><\/p><p><span style=\"color: #ffffff;\">Es as\u00ed que, las dependencias a trav\u00e9s de las cuales llevamos a cabo nuestra \u00e1rea de trabajo suspendieron actividades se pronunciaron como se muestra a continuaci\u00f3n:<\/span><\/p><p><span style=\"color: #ffffff;\"><strong>Secretar\u00eda de Salud<\/strong><\/span><\/p><p><span style=\"color: #ffffff;\">Se suspenden, por causa de fuerza mayor, los plazos y t\u00e9rminos legales durante el periodo comprendido del 26 de marzo al 19 de abril de 2020, en la pr\u00e1ctica de actuaciones y diligencias en los procedimientos administrativos que se desarrollan ante la Secretar\u00eda de Salud, sus unidades administrativas y \u00f3rganos administrativos desconcentrados, de manera enunciativa mas no limitativa, la recepci\u00f3n de documentos e informes, tr\u00e1mites, actuaciones, diligencias, inicio, substanciaci\u00f3n y resoluci\u00f3n de procedimientos administrativos, notificaciones, citatorios, emplazamientos, requerimientos, solicitudes de informes o documentos y medios de impugnaci\u00f3n, as\u00ed como cualquier acto administrativo que sea solicitado a sus servidores p\u00fablicos adscritos.<\/span><\/p><p><span style=\"color: #ffffff;\"><strong>Instituto Mexicano de la Propiedad Industrial (IMPI)<\/strong><\/span><\/p><p><span style=\"color: #ffffff;\">El 23 de marzo de 2020, el IMPI public\u00f3 a trav\u00e9s de un Ejemplar Extraordinario de la Gaceta de la Propiedad Industrial el Acuerdo mediante el cual dio a conocer que, por causas de fuerza mayor, se suspend\u00edan los plazos y no correr\u00edan t\u00e9rminos legales en el Instituto en el periodo comprendido del 24 de marzo al 19 de abril de 2020. En virtud de lo anterior, las solicitudes o promociones presentadas ante el Instituto, ya sea directamente en ventanillas, como en el sistema en l\u00ednea durante dicho periodo se entender\u00e1n realizadas hasta el primer d\u00eda h\u00e1bil siguiente, es decir, el 20 de abril de 2020.<\/span><\/p><p><span style=\"color: #ffffff;\">En consecuencia de lo anterior, las ventanillas de atenci\u00f3n al p\u00fablico permanecieron abiertas, proporcionando el servicio al p\u00fablico, no obstante que la fecha de recepci\u00f3n a considerar legalmente ser\u00eda hasta el d\u00eda 20 de abril de 2020. Mientras que todo el sistema de tr\u00e1mites en l\u00ednea del IMPI fue inhabilitado para la presentaci\u00f3n de solicitudes de marca o de promociones pendientes desde el 24 de marzo de 2020 y dicho sistema ser\u00e1 rehabilitado en la misma fecha, es decir, el 20 de abril de 2020.<\/span><\/p><p><span style=\"color: #ffffff;\">Debido a las actualizaciones en la seguridad de la poblaci\u00f3n, con fecha 26 de marzo de 2020 el IMPI emiti\u00f3 un segundo Acuerdo mediante el cual se da a conocer la suspensi\u00f3n de actividades del Instituto en el periodo comprendido del 27 de marzo al 19 de abril de 2020, por lo que se suspende la presentaci\u00f3n de cualquier tr\u00e1mite, ya sea a trav\u00e9s de presentaci\u00f3n f\u00edsica o bien cualquier tr\u00e1mite en l\u00ednea. Dentro de dicho Acuerdo se hace una excepci\u00f3n, donde el Instituto podr\u00e1 convocar al personal estrictamente necesario para lo siguiente:<\/span><\/p><p><span style=\"color: #ffffff;\">\u2022 Atender los asuntos urgentes relacionados con la administraci\u00f3n de la Entidad o cualquier tipo de diligencia que sea necesaria para contribuir a la mitigaci\u00f3n de los efectos de la pandemia, o<\/span><br \/><br \/><span style=\"color: #ffffff;\">\u2022 Levantar medidas provisionales impuestas dentro de un procedimiento de declaraci\u00f3n administrativa de infracci\u00f3n, habilitando las horas o d\u00edas necesarios, previa solicitud v\u00eda correo electr\u00f3nico, a excepci\u00f3n del levantamiento de medidas provisionales impuestas dentro de un procedimiento de declaraci\u00f3n administrativa de infracci\u00f3n.<\/span><\/p><p><span style=\"color: #ffffff;\">Como consecuencia de lo anterior, y para efectos legales y\/o administrativos en el c\u00f3mputo de los t\u00e9rminos, se consideran como inh\u00e1biles los d\u00edas comprendidos en el periodo del 24 de marzo al 19 de abril de 2020.<\/span><\/p><p><span style=\"color: #ffffff;\"><strong>Instituto Nacional de Derecho de Autor (INDAUTOR)<\/strong><\/span><\/p><p><span style=\"color: #ffffff;\">La suspensi\u00f3n de actividades de atenci\u00f3n al p\u00fablico en el INDAUTOR comenz\u00f3 a partir del 26 de marzo de 2020 y la reanudaci\u00f3n depender\u00e1 de las indicaciones que dicte la Secretar\u00eda de Cultura, con base en las medidas sanitarias que las autoridades en materia sanitaria determinen. Consecuentemente, a partir del 26 de marzo se pusieron en marcha diferentes l\u00edneas de acci\u00f3n v\u00eda remota en sustituci\u00f3n a los tr\u00e1mites presenciales para la atenci\u00f3n al p\u00fablico, tal es el caso de:<\/span><\/p><p><span style=\"color: #ffffff;\">\u2022 Registro de obras podr\u00e1n ser presentados v\u00eda correo electr\u00f3nico, exceptuando la b\u00fasqueda de antecedentes registrales. La conclusi\u00f3n del registro estar\u00e1 subordinada a las indicaciones de la Secretar\u00eda de Cultura.<\/span><br \/><br \/><span style=\"color: #ffffff;\">\u2022 La presentaci\u00f3n de solicitudes de dictamen previo se podr\u00e1 realizar a trav\u00e9s del sitio web del INDAUTOR. <\/span><br \/><br \/><span style=\"color: #ffffff;\">\u2022 En el caso de editores que ya cuenten con un registro, podr\u00e1n continuar presentando solicitudes de n\u00fameros internacionales normalizados ISBN e ISSN a trav\u00e9s del sitio web donde habitualmente se solicitan dichos n\u00fameros internacionales.<\/span><br \/><br \/><span style=\"color: #ffffff;\">\u2022 Las Reservas de Derechos al Uso Exclusivo que se encuentren en proceso de renovaci\u00f3n, as\u00ed como aquellas que se venzan durante el periodo de suspensi\u00f3n seguir\u00e1n surtiendo todos sus efectos, como si estuvieran vigentes, hasta en tanto se levante el estado de suspensi\u00f3n.<\/span><\/p><p><span style=\"color: #ffffff;\">Cabe destacar que el periodo de suspensi\u00f3n de actividades en el INDAUTOR se considerar\u00e1 inh\u00e1bil en t\u00e9rminos de la Ley Federal de Procedimiento Administrativo, por lo que no correr\u00e1n plazos ni t\u00e9rminos procesales.<\/span><\/p><p><span style=\"color: #ffffff;\">Por ello que se suspenden los plazos, t\u00e9rminos, celebraci\u00f3n de audiencias y juntas de avenencia, la pr\u00e1ctica de notificaciones, requerimientos y desahogos, as\u00ed como todo tipo de diligencias procesales.<\/span><\/p><p><span style=\"color: #ffffff;\"><strong>Procuradur\u00eda Federal del Consumidor (PROFECO)<\/strong><\/span><\/p><p><span style=\"color: #ffffff;\">Se suspenden los t\u00e9rminos y plazos procesales, para la sustanciaci\u00f3n de Procedimientos por Infracciones a la Ley y Procedimientos Arbitrales del 23 de marzo al 20 de abril de 2020 en todas las unidades administrativas de la Procuradur\u00eda Federal del Consumidor, y en consecuencia no correr\u00e1n plazos y t\u00e9rminos procesales. En virtud de lo anterior, las acciones a tomar son las siguientes:<\/span><\/p><p><span style=\"color: #ffffff;\">\u2022 Los procedimientos de conciliaci\u00f3n que cuenten con fecha de audiencia programada del 23 de marzo al 20 de abril de 2020 podr\u00e1n ser atendidos de manera telef\u00f3nica y excepcionalmente a trav\u00e9s de correo electr\u00f3nico. Las audiencias que no sea posible atender de la forma antes precisada, ser\u00e1n diferidas a la fecha m\u00e1s pr\u00f3xima disponible, posterior al 20 de abril del 2020.<\/span><br \/><br \/><span style=\"color: #ffffff;\">\u2022 Concilianet, la atenci\u00f3n de procedimientos de conciliaci\u00f3n iniciados por esta v\u00eda, seguir\u00e1n siendo atendidos por el mismo medio.<\/span><br \/><br \/><span style=\"color: #ffffff;\">\u2022 Las quejas o reclamaciones en las Oficinas de Defensa del Consumidor (ODECO), durante el periodo comprendido del 23 de marzo al 20 de abril de 2020, se recibir\u00e1n principalmente por v\u00eda telef\u00f3nica o mediante correo electr\u00f3nico, cumpliendo con los requisitos del art\u00edculo 99 de la Ley Federal de Protecci\u00f3n al Consumidor. Para ello, se pondr\u00e1 a disposici\u00f3n un directorio con n\u00fameros telef\u00f3nicos y correos electr\u00f3nicos de las Oficinas de Defensa del Consumidor (ODECO), en la p\u00e1gina oficial de la Procuradur\u00eda Federal del Consumidor en internet, y en cada oficina de defensa del consumidor.<\/span><\/p><p><span style=\"color: #ffffff;\">\u2022 La recepci\u00f3n de quejas o inconformidades en materia de telecomunicaciones ser\u00e1n recibidas mediante el correo electr\u00f3nico proporcionado por la PROFECO.<\/span><\/p><p><span style=\"color: #ffffff;\">Les recordamos que seguimos trabajando desde casa, acatando las indicaciones de las autoridades sanitarias, para evitar contagios y la propagaci\u00f3n exponencial del virus; sin embargo, nuestra l\u00ednea telef\u00f3nica agrupadora (+52 55) 5703 3020 sigue funcionando normalmente. Asimismo continuamos recibiendo en nuestra oficina correspondencia y paqueter\u00eda entregada a trav\u00e9s de mensajer\u00eda especializada. Les recordamos que nuestro despacho est\u00e1 ubicado en R\u00edo Guadiana 11, Colonia Cuauht\u00e9moc, Alcald\u00eda Cuauht\u00e9moc,\u00a0 C\u00f3digo Postal 06500, Ciudad de M\u00e9xico, M\u00e9xico.<\/span><\/p><p><span style=\"color: #ffffff;\">Los mantendremos actualizados sobre la situaci\u00f3n de la pandemia COVID-19\u00a0 en M\u00e9xico y de sus respetivos asuntos.<\/span><\/p><p><span style=\"color: #ffffff;\">Deseamos que sus seres queridos y ustedes gocen de buena salud. Cu\u00eddense mucho.<\/span><\/p><p><span style=\"color: #ffffff;\"><strong>Garc\u00eda Barrag\u00e1n Abogados<\/strong><\/span><\/p><\/article><\/article>\t\t\t\t\t\t\t\t<\/div>\n\t\t\t\t<\/div>\n\t\t\t\t\t<\/div>\n\t\t<\/div>\n\t\t\t\t<div class=\"elementor-column elementor-col-50 elementor-top-column elementor-element elementor-element-4b1b38c\" data-id=\"4b1b38c\" data-element_type=\"column\">\n\t\t\t<div class=\"elementor-widget-wrap elementor-element-populated\">\n\t\t\t\t\t\t<div class=\"elementor-element elementor-element-51f16d6 elementor-widget elementor-widget-spacer\" data-id=\"51f16d6\" data-element_type=\"widget\" data-widget_type=\"spacer.default\">\n\t\t\t\t<div class=\"elementor-widget-container\">\n\t\t\t\t\t\t\t<div class=\"elementor-spacer\">\n\t\t\t<div class=\"elementor-spacer-inner\"><\/div>\n\t\t<\/div>\n\t\t\t\t\t\t<\/div>\n\t\t\t\t<\/div>\n\t\t\t\t<div class=\"elementor-element elementor-element-05cf4ec elementor-widget elementor-widget-sidebar\" data-id=\"05cf4ec\" data-element_type=\"widget\" data-widget_type=\"sidebar.default\">\n\t\t\t\t<div class=\"elementor-widget-container\">\n\t\t\t\t\t<aside id=\"block-3\" class=\"widget inner-padding widget_block\">\n<div class=\"wp-block-group is-layout-constrained wp-block-group-is-layout-constrained\"><ul style=\"font-size:13px;\" class=\"wp-block-latest-posts__list has-dates has-author wp-block-latest-posts\"><li><div class=\"wp-block-latest-posts__featured-image alignright\"><a href=\"https:\/\/garbar.info\/zh\/chambers-and-partners-2026-ha-reconocido-a-nuestro-socio-daniel-garcia-barragan-l\/\" aria-label=\"Chambers and Partners 2026 ha reconocido a nuestro socio Daniel Garc\u00eda Barrag\u00e1n L.\"><img loading=\"lazy\" decoding=\"async\" width=\"150\" height=\"150\" src=\"https:\/\/garbar.info\/wp-content\/uploads\/2026\/02\/garbar-dgbl-chambers-2026-all-150x150.jpg\" class=\"attachment-thumbnail size-thumbnail wp-post-image\" alt=\"\" style=\"max-width:113px;max-height:113px;\" srcset=\"https:\/\/garbar.info\/wp-content\/uploads\/2026\/02\/garbar-dgbl-chambers-2026-all-150x150.jpg 150w, https:\/\/garbar.info\/wp-content\/uploads\/2026\/02\/garbar-dgbl-chambers-2026-all-700x700.jpg 700w\" sizes=\"(max-width: 150px) 100vw, 150px\" \/><\/a><\/div><a class=\"wp-block-latest-posts__post-title\" href=\"https:\/\/garbar.info\/zh\/chambers-and-partners-2026-ha-reconocido-a-nuestro-socio-daniel-garcia-barragan-l\/\">Chambers and Partners 2026 ha reconocido a nuestro socio Daniel Garc\u00eda Barrag\u00e1n L.<\/a><div class=\"wp-block-latest-posts__post-author\">\u4f5c\u8005\uff1aGarc\u00eda Barrag\u00e1n Abogados<\/div><time datetime=\"2026-02-18T12:45:12-06:00\" class=\"wp-block-latest-posts__post-date\">18 de 2 \u6708 de 2026<\/time><div class=\"wp-block-latest-posts__post-excerpt\">Con gran orgullo y entusiasmo, compartimos que el d\u00eda de ayer nuestra consejera, la licenciada Luc\u00eda Mello Gonz\u00e1lez recibi\u00f3 por parte de la ANIERM, en el marco de\u00a0\u201cThe Logistics World Summit & Expo 2025\u201d, el evento de log\u00edstica m\u00e1s importante de Latinoam\u00e9rica, su certificado del Diplomado de Comercio Exterior y Operaciones Aduaneras, as\u00ed como su certificaci\u00f3n en el Est\u00e1ndar de Competencias Laborales EC0537, avalada por el CONOCER y la SEP; lo que refleja su compromiso y trayectoria en esta \u00e1rea del Derecho.<\/div><\/li>\n<li><div class=\"wp-block-latest-posts__featured-image alignright\"><a href=\"https:\/\/garbar.info\/zh\/analisis-al-decreto-por-el-que-se-reforman-y-adicionan-disposiciones-a-la-ley-de-amparo\/\" aria-label=\"\u00a0An\u00e1lisis al Decreto por el que se reforman y adicionan disposiciones a la Ley de Amparo\"><img loading=\"lazy\" decoding=\"async\" width=\"150\" height=\"150\" src=\"https:\/\/garbar.info\/wp-content\/uploads\/2025\/11\/garbar.2025.analisis.ley_.amparo.news_-150x150.jpg\" class=\"attachment-thumbnail size-thumbnail wp-post-image\" alt=\"\" style=\"max-width:113px;max-height:113px;\" srcset=\"https:\/\/garbar.info\/wp-content\/uploads\/2025\/11\/garbar.2025.analisis.ley_.amparo.news_-150x150.jpg 150w, https:\/\/garbar.info\/wp-content\/uploads\/2025\/11\/garbar.2025.analisis.ley_.amparo.news_-700x700.jpg 700w\" sizes=\"(max-width: 150px) 100vw, 150px\" \/><\/a><\/div><a class=\"wp-block-latest-posts__post-title\" href=\"https:\/\/garbar.info\/zh\/analisis-al-decreto-por-el-que-se-reforman-y-adicionan-disposiciones-a-la-ley-de-amparo\/\">\u00a0An\u00e1lisis al Decreto por el que se reforman y adicionan disposiciones a la Ley de Amparo<\/a><div class=\"wp-block-latest-posts__post-author\">\u4f5c\u8005\uff1aGarc\u00eda Barrag\u00e1n Abogados<\/div><time datetime=\"2025-11-05T11:47:30-06:00\" class=\"wp-block-latest-posts__post-date\">5 de 11 \u6708 de 2025<\/time><div class=\"wp-block-latest-posts__post-excerpt\">Con gran orgullo y entusiasmo, compartimos que el d\u00eda de ayer nuestra consejera, la licenciada Luc\u00eda Mello Gonz\u00e1lez recibi\u00f3 por parte de la ANIERM, en el marco de\u00a0\u201cThe Logistics World Summit & Expo 2025\u201d, el evento de log\u00edstica m\u00e1s importante de Latinoam\u00e9rica, su certificado del Diplomado de Comercio Exterior y Operaciones Aduaneras, as\u00ed como su certificaci\u00f3n en el Est\u00e1ndar de Competencias Laborales EC0537, avalada por el CONOCER y la SEP; lo que refleja su compromiso y trayectoria en esta \u00e1rea del Derecho.<\/div><\/li>\n<li><div class=\"wp-block-latest-posts__featured-image alignright\"><a href=\"https:\/\/garbar.info\/zh\/compartimos-el-reconocimiento-de-nuestro-socio-daniel-garcia-barragan-lopez-como-socio-de-proxima-generacion-en-el-ranking-de-legal-500-2026-para-mexico\/\" aria-label=\"Compartimos el reconocimiento de nuestro socio Daniel Garc\u00eda Barrag\u00e1n L\u00f3pez como Socio de Pr\u00f3xima Generaci\u00f3n, en el ranking de Legal 500 2026 para M\u00e9xico\"><img loading=\"lazy\" decoding=\"async\" width=\"150\" height=\"150\" src=\"https:\/\/garbar.info\/wp-content\/uploads\/2025\/10\/garbar.web_.dgbl_.2025-150x150.jpg\" class=\"attachment-thumbnail size-thumbnail wp-post-image\" alt=\"\" style=\"max-width:113px;max-height:113px;\" srcset=\"https:\/\/garbar.info\/wp-content\/uploads\/2025\/10\/garbar.web_.dgbl_.2025-150x150.jpg 150w, https:\/\/garbar.info\/wp-content\/uploads\/2025\/10\/garbar.web_.dgbl_.2025-700x700.jpg 700w\" sizes=\"(max-width: 150px) 100vw, 150px\" \/><\/a><\/div><a class=\"wp-block-latest-posts__post-title\" href=\"https:\/\/garbar.info\/zh\/compartimos-el-reconocimiento-de-nuestro-socio-daniel-garcia-barragan-lopez-como-socio-de-proxima-generacion-en-el-ranking-de-legal-500-2026-para-mexico\/\">Compartimos el reconocimiento de nuestro socio Daniel Garc\u00eda Barrag\u00e1n L\u00f3pez como Socio de Pr\u00f3xima Generaci\u00f3n, en el ranking de Legal 500 2026 para M\u00e9xico<\/a><div class=\"wp-block-latest-posts__post-author\">\u4f5c\u8005\uff1aGarc\u00eda Barrag\u00e1n Abogados<\/div><time datetime=\"2025-10-27T13:06:22-06:00\" class=\"wp-block-latest-posts__post-date\">27 de 10 \u6708 de 2025<\/time><div class=\"wp-block-latest-posts__post-excerpt\">Con gran orgullo y entusiasmo, compartimos que el d\u00eda de ayer nuestra consejera, la licenciada Luc\u00eda Mello Gonz\u00e1lez recibi\u00f3 por parte de la ANIERM, en el marco de\u00a0\u201cThe Logistics World Summit & Expo 2025\u201d, el evento de log\u00edstica m\u00e1s importante de Latinoam\u00e9rica, su certificado del Diplomado de Comercio Exterior y Operaciones Aduaneras, as\u00ed como su certificaci\u00f3n en el Est\u00e1ndar de Competencias Laborales EC0537, avalada por el CONOCER y la SEP; lo que refleja su compromiso y trayectoria en esta \u00e1rea del Derecho.<\/div><\/li>\n<li><div class=\"wp-block-latest-posts__featured-image alignright\"><a href=\"https:\/\/garbar.info\/zh\/compartimos-el-reconocimiento-de-nuestro-socio-fundador-manuel-garcia-barragan-martinez-como-abogado-recomendado-en-el-ranking-de-the-legal-500-2026-para-mexico\/\" aria-label=\"Compartimos el reconocimiento de nuestro socio fundador Manuel Garc\u00eda Barrag\u00e1n Mart\u00ednez como Abogado Recomendado, en el ranking de The Legal 500 2026 para M\u00e9xico\"><img loading=\"lazy\" decoding=\"async\" width=\"150\" height=\"150\" src=\"https:\/\/garbar.info\/wp-content\/uploads\/2025\/10\/garbar.web_.mgbm_.2025-150x150.jpg\" class=\"attachment-thumbnail size-thumbnail wp-post-image\" alt=\"\" style=\"max-width:113px;max-height:113px;\" srcset=\"https:\/\/garbar.info\/wp-content\/uploads\/2025\/10\/garbar.web_.mgbm_.2025-150x150.jpg 150w, https:\/\/garbar.info\/wp-content\/uploads\/2025\/10\/garbar.web_.mgbm_.2025-700x700.jpg 700w\" sizes=\"auto, (max-width: 150px) 100vw, 150px\" \/><\/a><\/div><a class=\"wp-block-latest-posts__post-title\" href=\"https:\/\/garbar.info\/zh\/compartimos-el-reconocimiento-de-nuestro-socio-fundador-manuel-garcia-barragan-martinez-como-abogado-recomendado-en-el-ranking-de-the-legal-500-2026-para-mexico\/\">Compartimos el reconocimiento de nuestro socio fundador Manuel Garc\u00eda Barrag\u00e1n Mart\u00ednez como Abogado Recomendado, en el ranking de The Legal 500 2026 para M\u00e9xico<\/a><div class=\"wp-block-latest-posts__post-author\">\u4f5c\u8005\uff1aGarc\u00eda Barrag\u00e1n Abogados<\/div><time datetime=\"2025-10-27T13:03:40-06:00\" class=\"wp-block-latest-posts__post-date\">27 de 10 \u6708 de 2025<\/time><div class=\"wp-block-latest-posts__post-excerpt\">Con gran orgullo y entusiasmo, compartimos que el d\u00eda de ayer nuestra consejera, la licenciada Luc\u00eda Mello Gonz\u00e1lez recibi\u00f3 por parte de la ANIERM, en el marco de\u00a0\u201cThe Logistics World Summit & Expo 2025\u201d, el evento de log\u00edstica m\u00e1s importante de Latinoam\u00e9rica, su certificado del Diplomado de Comercio Exterior y Operaciones Aduaneras, as\u00ed como su certificaci\u00f3n en el Est\u00e1ndar de Competencias Laborales EC0537, avalada por el CONOCER y la SEP; lo que refleja su compromiso y trayectoria en esta \u00e1rea del Derecho.<\/div><\/li>\n<li><div class=\"wp-block-latest-posts__featured-image alignright\"><a href=\"https:\/\/garbar.info\/zh\/garcia-barragan-abogados-s-c-ha-sido-reconocido-por-legal-500-como-firma-recomendada-y-destacada-en-el-area-de-practica-de-resolucion-de-disputas-arbitraje-en-el-ranking-de-2026-para-mexico\/\" aria-label=\"Garc\u00eda Barrag\u00e1n Abogados, S.C., ha sido reconocido por Legal 500 como Firma recomendada y destacada en el \u00e1rea de pr\u00e1ctica de Resoluci\u00f3n de Disputas: Arbitraje en el ranking de 2026 para M\u00e9xico\"><img loading=\"lazy\" decoding=\"async\" width=\"150\" height=\"150\" src=\"https:\/\/garbar.info\/wp-content\/uploads\/2025\/10\/garbar.web_.gba_.2025-150x150.jpg\" class=\"attachment-thumbnail size-thumbnail wp-post-image\" alt=\"\" style=\"max-width:113px;max-height:113px;\" srcset=\"https:\/\/garbar.info\/wp-content\/uploads\/2025\/10\/garbar.web_.gba_.2025-150x150.jpg 150w, https:\/\/garbar.info\/wp-content\/uploads\/2025\/10\/garbar.web_.gba_.2025-700x700.jpg 700w\" sizes=\"auto, (max-width: 150px) 100vw, 150px\" \/><\/a><\/div><a class=\"wp-block-latest-posts__post-title\" href=\"https:\/\/garbar.info\/zh\/garcia-barragan-abogados-s-c-ha-sido-reconocido-por-legal-500-como-firma-recomendada-y-destacada-en-el-area-de-practica-de-resolucion-de-disputas-arbitraje-en-el-ranking-de-2026-para-mexico\/\">Garc\u00eda Barrag\u00e1n Abogados, S.C., ha sido reconocido por Legal 500 como Firma recomendada y destacada en el \u00e1rea de pr\u00e1ctica de Resoluci\u00f3n de Disputas: Arbitraje en el ranking de 2026 para M\u00e9xico<\/a><div class=\"wp-block-latest-posts__post-author\">\u4f5c\u8005\uff1aGarc\u00eda Barrag\u00e1n Abogados<\/div><time datetime=\"2025-10-27T12:51:54-06:00\" class=\"wp-block-latest-posts__post-date\">27 de 10 \u6708 de 2025<\/time><div class=\"wp-block-latest-posts__post-excerpt\">Con gran orgullo y entusiasmo, compartimos que el d\u00eda de ayer nuestra consejera, la licenciada Luc\u00eda Mello Gonz\u00e1lez recibi\u00f3 por parte de la ANIERM, en el marco de\u00a0\u201cThe Logistics World Summit & Expo 2025\u201d, el evento de log\u00edstica m\u00e1s importante de Latinoam\u00e9rica, su certificado del Diplomado de Comercio Exterior y Operaciones Aduaneras, as\u00ed como su certificaci\u00f3n en el Est\u00e1ndar de Competencias Laborales EC0537, avalada por el CONOCER y la SEP; lo que refleja su compromiso y trayectoria en esta \u00e1rea del Derecho.<\/div><\/li>\n<li><div class=\"wp-block-latest-posts__featured-image alignright\"><a href=\"https:\/\/garbar.info\/zh\/proyecto-de-reforma-a-la-ley-de-amparo\/\" aria-label=\"Proyecto de Reforma a la Ley de Amparo\"><img loading=\"lazy\" decoding=\"async\" width=\"150\" height=\"150\" src=\"https:\/\/garbar.info\/wp-content\/uploads\/2025\/09\/garbar.2025.proyecto.de_.reforma.a.la_.ley_.de_.amparo.news_-150x150.jpg\" class=\"attachment-thumbnail size-thumbnail wp-post-image\" alt=\"\" style=\"max-width:113px;max-height:113px;\" srcset=\"https:\/\/garbar.info\/wp-content\/uploads\/2025\/09\/garbar.2025.proyecto.de_.reforma.a.la_.ley_.de_.amparo.news_-150x150.jpg 150w, https:\/\/garbar.info\/wp-content\/uploads\/2025\/09\/garbar.2025.proyecto.de_.reforma.a.la_.ley_.de_.amparo.news_-700x700.jpg 700w\" sizes=\"auto, (max-width: 150px) 100vw, 150px\" \/><\/a><\/div><a class=\"wp-block-latest-posts__post-title\" href=\"https:\/\/garbar.info\/zh\/proyecto-de-reforma-a-la-ley-de-amparo\/\">Proyecto de Reforma a la Ley de Amparo<\/a><div class=\"wp-block-latest-posts__post-author\">\u4f5c\u8005\uff1aGarc\u00eda Barrag\u00e1n Abogados<\/div><time datetime=\"2025-09-23T17:09:48-06:00\" class=\"wp-block-latest-posts__post-date\">23 de 9 \u6708 de 2025<\/time><div class=\"wp-block-latest-posts__post-excerpt\">Con gran orgullo y entusiasmo, compartimos que el d\u00eda de ayer nuestra consejera, la licenciada Luc\u00eda Mello Gonz\u00e1lez recibi\u00f3 por parte de la ANIERM, en el marco de\u00a0\u201cThe Logistics World Summit & Expo 2025\u201d, el evento de log\u00edstica m\u00e1s importante de Latinoam\u00e9rica, su certificado del Diplomado de Comercio Exterior y Operaciones Aduaneras, as\u00ed como su certificaci\u00f3n en el Est\u00e1ndar de Competencias Laborales EC0537, avalada por el CONOCER y la SEP; lo que refleja su compromiso y trayectoria en esta \u00e1rea del Derecho.<\/div><\/li>\n<li><div class=\"wp-block-latest-posts__featured-image alignright\"><a href=\"https:\/\/garbar.info\/zh\/adriana-lopez-gonzalez-latin-america-guide-en-arbitration-mexico-band-4\/\" aria-label=\"Adriana L\u00f3pez Gonz\u00e1lez Latin America Guide\u00a0en\u00a0Arbitration \u2013 Mexico, Band 4\"><img loading=\"lazy\" decoding=\"async\" width=\"150\" height=\"150\" src=\"https:\/\/garbar.info\/wp-content\/uploads\/2025\/08\/garbar-alg-chambers-intellectual-property-2026-150x150.png\" class=\"attachment-thumbnail size-thumbnail wp-post-image\" alt=\"\" style=\"max-width:113px;max-height:113px;\" srcset=\"https:\/\/garbar.info\/wp-content\/uploads\/2025\/08\/garbar-alg-chambers-intellectual-property-2026-150x150.png 150w, https:\/\/garbar.info\/wp-content\/uploads\/2025\/08\/garbar-alg-chambers-intellectual-property-2026-700x700.png 700w\" sizes=\"auto, (max-width: 150px) 100vw, 150px\" \/><\/a><\/div><a class=\"wp-block-latest-posts__post-title\" href=\"https:\/\/garbar.info\/zh\/adriana-lopez-gonzalez-latin-america-guide-en-arbitration-mexico-band-4\/\">Adriana L\u00f3pez Gonz\u00e1lez Latin America Guide\u00a0en\u00a0Arbitration \u2013 Mexico, Band 4<\/a><div class=\"wp-block-latest-posts__post-author\">\u4f5c\u8005\uff1aGarc\u00eda Barrag\u00e1n Abogados<\/div><time datetime=\"2025-08-26T09:57:03-06:00\" class=\"wp-block-latest-posts__post-date\">26 de 8 \u6708 de 2025<\/time><div class=\"wp-block-latest-posts__post-excerpt\">Con gran orgullo y entusiasmo, compartimos que el d\u00eda de ayer nuestra consejera, la licenciada Luc\u00eda Mello Gonz\u00e1lez recibi\u00f3 por parte de la ANIERM, en el marco de\u00a0\u201cThe Logistics World Summit & Expo 2025\u201d, el evento de log\u00edstica m\u00e1s importante de Latinoam\u00e9rica, su certificado del Diplomado de Comercio Exterior y Operaciones Aduaneras, as\u00ed como su certificaci\u00f3n en el Est\u00e1ndar de Competencias Laborales EC0537, avalada por el CONOCER y la SEP; lo que refleja su compromiso y trayectoria en esta \u00e1rea del Derecho.<\/div><\/li>\n<li><div class=\"wp-block-latest-posts__featured-image alignright\"><a href=\"https:\/\/garbar.info\/zh\/daniel-garcia-barragan-lopez-corporate-ma-highly-regarded-mexico-band-4\/\" aria-label=\"Daniel Garc\u00eda Barrag\u00e1n L\u00f3pez Corporate \/ M&amp;A: Highly Regarded \u2013 Mexico, Band 4\"><img loading=\"lazy\" decoding=\"async\" width=\"150\" height=\"150\" src=\"https:\/\/garbar.info\/wp-content\/uploads\/2025\/08\/garbar-dgbl-chambers-corporate-ma-2026-150x150.png\" class=\"attachment-thumbnail size-thumbnail wp-post-image\" alt=\"\" style=\"max-width:113px;max-height:113px;\" srcset=\"https:\/\/garbar.info\/wp-content\/uploads\/2025\/08\/garbar-dgbl-chambers-corporate-ma-2026-150x150.png 150w, https:\/\/garbar.info\/wp-content\/uploads\/2025\/08\/garbar-dgbl-chambers-corporate-ma-2026-700x700.png 700w\" sizes=\"auto, (max-width: 150px) 100vw, 150px\" \/><\/a><\/div><a class=\"wp-block-latest-posts__post-title\" href=\"https:\/\/garbar.info\/zh\/daniel-garcia-barragan-lopez-corporate-ma-highly-regarded-mexico-band-4\/\">Daniel Garc\u00eda Barrag\u00e1n L\u00f3pez Corporate \/ M&amp;A: Highly Regarded \u2013 Mexico, Band 4<\/a><div class=\"wp-block-latest-posts__post-author\">\u4f5c\u8005\uff1aGarc\u00eda Barrag\u00e1n Abogados<\/div><time datetime=\"2025-08-26T09:45:30-06:00\" class=\"wp-block-latest-posts__post-date\">26 de 8 \u6708 de 2025<\/time><div class=\"wp-block-latest-posts__post-excerpt\">Con gran orgullo y entusiasmo, compartimos que el d\u00eda de ayer nuestra consejera, la licenciada Luc\u00eda Mello Gonz\u00e1lez recibi\u00f3 por parte de la ANIERM, en el marco de\u00a0\u201cThe Logistics World Summit & Expo 2025\u201d, el evento de log\u00edstica m\u00e1s importante de Latinoam\u00e9rica, su certificado del Diplomado de Comercio Exterior y Operaciones Aduaneras, as\u00ed como su certificaci\u00f3n en el Est\u00e1ndar de Competencias Laborales EC0537, avalada por el CONOCER y la SEP; lo que refleja su compromiso y trayectoria en esta \u00e1rea del Derecho.<\/div><\/li>\n<li><div class=\"wp-block-latest-posts__featured-image alignright\"><a href=\"https:\/\/garbar.info\/zh\/daniel-garcia-barragan-lopez-dispute-resolution-civil-commercial-litigation-mexico-band-4\/\" aria-label=\"Daniel Garc\u00eda Barrag\u00e1n L\u00f3pez Dispute Resolution: Civil &amp; Commercial Litigation \u2013 Mexico, Band 4\"><img loading=\"lazy\" decoding=\"async\" width=\"150\" height=\"150\" src=\"https:\/\/garbar.info\/wp-content\/uploads\/2025\/08\/garbar-dgbl-chambers-civil-commercial-2026-150x150.png\" class=\"attachment-thumbnail size-thumbnail wp-post-image\" alt=\"\" style=\"max-width:113px;max-height:113px;\" srcset=\"https:\/\/garbar.info\/wp-content\/uploads\/2025\/08\/garbar-dgbl-chambers-civil-commercial-2026-150x150.png 150w, https:\/\/garbar.info\/wp-content\/uploads\/2025\/08\/garbar-dgbl-chambers-civil-commercial-2026-700x700.png 700w\" sizes=\"auto, (max-width: 150px) 100vw, 150px\" \/><\/a><\/div><a class=\"wp-block-latest-posts__post-title\" href=\"https:\/\/garbar.info\/zh\/daniel-garcia-barragan-lopez-dispute-resolution-civil-commercial-litigation-mexico-band-4\/\">Daniel Garc\u00eda Barrag\u00e1n L\u00f3pez Dispute Resolution: Civil &amp; Commercial Litigation \u2013 Mexico, Band 4<\/a><div class=\"wp-block-latest-posts__post-author\">\u4f5c\u8005\uff1aGarc\u00eda Barrag\u00e1n Abogados<\/div><time datetime=\"2025-08-26T09:39:53-06:00\" class=\"wp-block-latest-posts__post-date\">26 de 8 \u6708 de 2025<\/time><div class=\"wp-block-latest-posts__post-excerpt\">Con gran orgullo y entusiasmo, compartimos que el d\u00eda de ayer nuestra consejera, la licenciada Luc\u00eda Mello Gonz\u00e1lez recibi\u00f3 por parte de la ANIERM, en el marco de\u00a0\u201cThe Logistics World Summit & Expo 2025\u201d, el evento de log\u00edstica m\u00e1s importante de Latinoam\u00e9rica, su certificado del Diplomado de Comercio Exterior y Operaciones Aduaneras, as\u00ed como su certificaci\u00f3n en el Est\u00e1ndar de Competencias Laborales EC0537, avalada por el CONOCER y la SEP; lo que refleja su compromiso y trayectoria en esta \u00e1rea del Derecho.<\/div><\/li>\n<\/ul><\/div>\n<\/aside><aside id=\"block-8\" class=\"widget inner-padding widget_block\">\n<div style=\"height:49px\" aria-hidden=\"true\" class=\"wp-block-spacer\"><\/div>\n<\/aside><aside id=\"nav_menu-3\" class=\"widget inner-padding widget_nav_menu\"><div class=\"menu-garbar-menu-container\"><ul id=\"menu-garbar-menu\" class=\"menu\"><li id=\"menu-item-516\" class=\"menu-item menu-item-type-post_type menu-item-object-page menu-item-516\"><a href=\"https:\/\/garbar.info\/zh\/acerca-de\/\">\u5173\u4e8e\u6211\u4eec<\/a><\/li>\n<li id=\"menu-item-501\" class=\"menu-item menu-item-type-post_type menu-item-object-page menu-item-501\"><a href=\"https:\/\/garbar.info\/zh\/areas-de-practica\/\">\u5b9e\u8df5\u9886\u57df<\/a><\/li>\n<li id=\"menu-item-502\" class=\"menu-item menu-item-type-post_type menu-item-object-page menu-item-502\"><a href=\"https:\/\/garbar.info\/zh\/equipo\/\">\u56e2\u961f<\/a><\/li>\n<li id=\"menu-item-503\" class=\"menu-item menu-item-type-post_type menu-item-object-page menu-item-503\"><a href=\"https:\/\/garbar.info\/zh\/noticias\/\">\u6d88\u606f<\/a><\/li>\n<li id=\"menu-item-559\" class=\"menu-item menu-item-type-post_type menu-item-object-page menu-item-559\"><a href=\"https:\/\/garbar.info\/zh\/contacto\/\">\u63a5\u89e6<\/a><\/li>\n<\/ul><\/div><\/aside>\t\t\t\t<\/div>\n\t\t\t\t<\/div>\n\t\t\t\t\t<\/div>\n\t\t<\/div>\n\t\t\t\t\t<\/div>\n\t\t<\/section>\n\t\t\t\t<\/div>","protected":false},"excerpt":{"rendered":"<p>Regulatorio Situaci\u00f3n de Autoridades en temas de P.I. y Regulatorio ante epidemia COVID -19. Estimados clientes y amigos, Como bien saben, la pandemia de COVID-19 tambi\u00e9n est\u00e1 afectando a M\u00e9xico. Por ello, la Secretar\u00eda de Salud implement\u00f3 la Jornada Nacional de Sana Distancia, como parte de las medidas de prevenci\u00f3n y mitigaci\u00f3n, por medio de &#8230; <a title=\"\u4e3b\u7ba1\u673a\u5173\u5728\u77e5\u8bc6\u4ea7\u6743\u95ee\u9898\u4e0a\u7684\u60c5\u51b5\u3002\u9762\u5bf9 COVID -19 \u75ab\u60c5\u7684\u76d1\u7ba1\u3002\" class=\"read-more\" href=\"https:\/\/garbar.info\/zh\/situacion-de-autoridades-en-temas-de-p-i-y-regulatorio-ante-epidemia-covid-19\/\" aria-label=\"\u9605\u8bfb Situaci\u00f3n de Autoridades en temas de P.I. y Regulatorio ante epidemia COVID -19.\">\u9605\u8bfb\u66f4\u591a<\/a><\/p>","protected":false},"author":1,"featured_media":861,"comment_status":"open","ping_status":"open","sticky":false,"template":"elementor_header_footer","format":"standard","meta":{"inline_featured_image":false,"footnotes":""},"categories":[60],"tags":[],"class_list":["post-860","post","type-post","status-publish","format-standard","has-post-thumbnail","hentry","category-regulatorio"],"_links":{"self":[{"href":"https:\/\/garbar.info\/zh\/wp-json\/wp\/v2\/posts\/860","targetHints":{"allow":["GET"]}}],"collection":[{"href":"https:\/\/garbar.info\/zh\/wp-json\/wp\/v2\/posts"}],"about":[{"href":"https:\/\/garbar.info\/zh\/wp-json\/wp\/v2\/types\/post"}],"author":[{"embeddable":true,"href":"https:\/\/garbar.info\/zh\/wp-json\/wp\/v2\/users\/1"}],"replies":[{"embeddable":true,"href":"https:\/\/garbar.info\/zh\/wp-json\/wp\/v2\/comments?post=860"}],"version-history":[{"count":4,"href":"https:\/\/garbar.info\/zh\/wp-json\/wp\/v2\/posts\/860\/revisions"}],"predecessor-version":[{"id":865,"href":"https:\/\/garbar.info\/zh\/wp-json\/wp\/v2\/posts\/860\/revisions\/865"}],"wp:featuredmedia":[{"embeddable":true,"href":"https:\/\/garbar.info\/zh\/wp-json\/wp\/v2\/media\/861"}],"wp:attachment":[{"href":"https:\/\/garbar.info\/zh\/wp-json\/wp\/v2\/media?parent=860"}],"wp:term":[{"taxonomy":"category","embeddable":true,"href":"https:\/\/garbar.info\/zh\/wp-json\/wp\/v2\/categories?post=860"},{"taxonomy":"post_tag","embeddable":true,"href":"https:\/\/garbar.info\/zh\/wp-json\/wp\/v2\/tags?post=860"}],"curies":[{"name":"wp","href":"https:\/\/api.w.org\/{rel}","templated":true}]}}