{"id":781,"date":"2018-11-26T15:25:42","date_gmt":"2018-11-26T21:25:42","guid":{"rendered":"https:\/\/garbar.info\/?p=781"},"modified":"2024-10-02T15:39:46","modified_gmt":"2024-10-02T21:39:46","slug":"nuevas-importaciones-a-mexico","status":"publish","type":"post","link":"https:\/\/garbar.info\/zh\/nuevas-importaciones-a-mexico\/","title":{"rendered":"\u58a8\u897f\u54e5\u65b0\u8fdb\u53e3"},"content":{"rendered":"<div data-elementor-type=\"wp-post\" data-elementor-id=\"781\" class=\"elementor elementor-781\" data-elementor-post-type=\"post\">\n\t\t\t\t\t\t<section class=\"elementor-section elementor-top-section elementor-element elementor-element-8fd0310 elementor-section-boxed elementor-section-height-default elementor-section-height-default\" data-id=\"8fd0310\" data-element_type=\"section\" data-settings=\"{&quot;background_background&quot;:&quot;classic&quot;}\">\n\t\t\t\t\t\t<div class=\"elementor-container elementor-column-gap-default\">\n\t\t\t\t\t<div class=\"elementor-column elementor-col-50 elementor-top-column elementor-element elementor-element-0f328b8\" data-id=\"0f328b8\" data-element_type=\"column\">\n\t\t\t<div class=\"elementor-widget-wrap elementor-element-populated\">\n\t\t\t\t\t\t<div class=\"elementor-element elementor-element-d3842a5 elementor-widget elementor-widget-heading\" data-id=\"d3842a5\" data-element_type=\"widget\" data-widget_type=\"heading.default\">\n\t\t\t\t<div class=\"elementor-widget-container\">\n\t\t\t\t\t<h2 class=\"elementor-heading-title elementor-size-default\">\u76d1\u7ba1<\/h2>\t\t\t\t<\/div>\n\t\t\t\t<\/div>\n\t\t\t\t<div class=\"elementor-element elementor-element-74ab396 elementor-widget elementor-widget-image\" data-id=\"74ab396\" data-element_type=\"widget\" data-widget_type=\"image.default\">\n\t\t\t\t<div class=\"elementor-widget-container\">\n\t\t\t\t\t\t\t\t\t\t\t\t\t\t\t<img loading=\"lazy\" decoding=\"async\" width=\"1024\" height=\"576\" src=\"https:\/\/garbar.info\/wp-content\/uploads\/2024\/10\/Nuevas-Importaciones-a-Mexico-1024x576.jpg\" class=\"attachment-large size-large wp-image-782\" alt=\"\" srcset=\"https:\/\/garbar.info\/wp-content\/uploads\/2024\/10\/Nuevas-Importaciones-a-Mexico-1024x576.jpg 1024w, https:\/\/garbar.info\/wp-content\/uploads\/2024\/10\/Nuevas-Importaciones-a-Mexico-300x169.jpg 300w, https:\/\/garbar.info\/wp-content\/uploads\/2024\/10\/Nuevas-Importaciones-a-Mexico-768x432.jpg 768w, https:\/\/garbar.info\/wp-content\/uploads\/2024\/10\/Nuevas-Importaciones-a-Mexico-18x10.jpg 18w, https:\/\/garbar.info\/wp-content\/uploads\/2024\/10\/Nuevas-Importaciones-a-Mexico.jpg 1200w\" sizes=\"(max-width: 1024px) 100vw, 1024px\" \/>\t\t\t\t\t\t\t\t\t\t\t\t\t\t\t<\/div>\n\t\t\t\t<\/div>\n\t\t\t\t<div class=\"elementor-element elementor-element-b85d41d elementor-widget elementor-widget-heading\" data-id=\"b85d41d\" data-element_type=\"widget\" data-widget_type=\"heading.default\">\n\t\t\t\t<div class=\"elementor-widget-container\">\n\t\t\t\t\t<h1 class=\"elementor-heading-title elementor-size-default\">\u58a8\u897f\u54e5\u65b0\u8fdb\u53e3<\/h1>\t\t\t\t<\/div>\n\t\t\t\t<\/div>\n\t\t\t\t<div class=\"elementor-element elementor-element-ee35502 elementor-widget elementor-widget-text-editor\" data-id=\"ee35502\" data-element_type=\"widget\" data-widget_type=\"text-editor.default\">\n\t\t\t\t<div class=\"elementor-widget-container\">\n\t\t\t\t\t\t\t\t\t<article class=\"post-content\"><article class=\"post-content\"><p><span style=\"color: #ffffff;\">Donec ullamcorper nulla non metus auctor fringilla. Praesent commodo cursus magna, vel scelerisque nisl consectetur et. Lorem ipsum dolor sit amet, consectetur adipiscing elit. Donec sed odio dui. Integer posuere erat a ante venenatis dapibus posuere velit aliquet. Cras mattis consectetur purus sit amet fermentum. Nulla vitae elit libero, a pharetra augue. Cras mattis consectetur purus sit amet fermentum. Curabitur blandit tempus porttitor. Sed posuere consectetur est at lobortis. Morbi leo risus, porta ac consectetur ac, vestibulum at eros. Vivamus sagittis lacus vel augue laoreet rutrum faucibus dolor auctor. Nulla vitae elit libero, a pharetra augue. Vestibulum id ligula porta felis euismod semper. Vestibulum id ligula porta felis euismod semper. Fusce dapibus, tellus ac cursus commodo, tortor mauris condimentum nibh, ut fermentum massa justo sit amet risus. Donec sed odio dui. Donec id elit non mi porta gravida at eget metus. Cras mattis consectetur purus sit amet fermentum. Maecenas sed diam eget risus varius blandit sit amet non magna. Duis mollis, est non commodo luctus, nisi erat porttitor ligula, eget lacinia odio sem nec elit.<\/span><\/p><\/article><\/article>\t\t\t\t\t\t\t\t<\/div>\n\t\t\t\t<\/div>\n\t\t\t\t\t<\/div>\n\t\t<\/div>\n\t\t\t\t<div class=\"elementor-column elementor-col-50 elementor-top-column elementor-element elementor-element-4b1b38c\" data-id=\"4b1b38c\" data-element_type=\"column\">\n\t\t\t<div class=\"elementor-widget-wrap elementor-element-populated\">\n\t\t\t\t\t\t<div class=\"elementor-element elementor-element-51f16d6 elementor-widget elementor-widget-spacer\" data-id=\"51f16d6\" data-element_type=\"widget\" data-widget_type=\"spacer.default\">\n\t\t\t\t<div class=\"elementor-widget-container\">\n\t\t\t\t\t\t\t<div class=\"elementor-spacer\">\n\t\t\t<div class=\"elementor-spacer-inner\"><\/div>\n\t\t<\/div>\n\t\t\t\t\t\t<\/div>\n\t\t\t\t<\/div>\n\t\t\t\t<div class=\"elementor-element elementor-element-05cf4ec elementor-widget elementor-widget-sidebar\" data-id=\"05cf4ec\" data-element_type=\"widget\" data-widget_type=\"sidebar.default\">\n\t\t\t\t<div class=\"elementor-widget-container\">\n\t\t\t\t\t<aside id=\"block-3\" class=\"widget inner-padding widget_block\">\n<div class=\"wp-block-group is-layout-constrained wp-block-group-is-layout-constrained\"><ul style=\"font-size:13px;\" class=\"wp-block-latest-posts__list has-dates has-author wp-block-latest-posts\"><li><div class=\"wp-block-latest-posts__featured-image alignright\"><a href=\"https:\/\/garbar.info\/zh\/chambers-and-partners-2026-ha-reconocido-a-nuestro-socio-daniel-garcia-barragan-l\/\" aria-label=\"Chambers and Partners 2026 ha reconocido a nuestro socio Daniel Garc\u00eda Barrag\u00e1n L.\"><img loading=\"lazy\" decoding=\"async\" width=\"150\" height=\"150\" src=\"https:\/\/garbar.info\/wp-content\/uploads\/2026\/02\/garbar-dgbl-chambers-2026-all-150x150.jpg\" class=\"attachment-thumbnail size-thumbnail wp-post-image\" alt=\"\" style=\"max-width:113px;max-height:113px;\" srcset=\"https:\/\/garbar.info\/wp-content\/uploads\/2026\/02\/garbar-dgbl-chambers-2026-all-150x150.jpg 150w, https:\/\/garbar.info\/wp-content\/uploads\/2026\/02\/garbar-dgbl-chambers-2026-all-700x700.jpg 700w\" sizes=\"(max-width: 150px) 100vw, 150px\" \/><\/a><\/div><a class=\"wp-block-latest-posts__post-title\" href=\"https:\/\/garbar.info\/zh\/chambers-and-partners-2026-ha-reconocido-a-nuestro-socio-daniel-garcia-barragan-l\/\">Chambers and Partners 2026 ha reconocido a nuestro socio Daniel Garc\u00eda Barrag\u00e1n L.<\/a><div class=\"wp-block-latest-posts__post-author\">\u4f5c\u8005\uff1aGarc\u00eda Barrag\u00e1n Abogados<\/div><time datetime=\"2026-02-18T12:45:12-06:00\" class=\"wp-block-latest-posts__post-date\">18 de 2 \u6708 de 2026<\/time><div class=\"wp-block-latest-posts__post-excerpt\">Con gran orgullo y entusiasmo, compartimos que el d\u00eda de ayer nuestra consejera, la licenciada Luc\u00eda Mello Gonz\u00e1lez recibi\u00f3 por parte de la ANIERM, en el marco de\u00a0\u201cThe Logistics World Summit & Expo 2025\u201d, el evento de log\u00edstica m\u00e1s importante de Latinoam\u00e9rica, su certificado del Diplomado de Comercio Exterior y Operaciones Aduaneras, as\u00ed como su certificaci\u00f3n en el Est\u00e1ndar de Competencias Laborales EC0537, avalada por el CONOCER y la SEP; lo que refleja su compromiso y trayectoria en esta \u00e1rea del Derecho.<\/div><\/li>\n<li><div class=\"wp-block-latest-posts__featured-image alignright\"><a href=\"https:\/\/garbar.info\/zh\/analisis-al-decreto-por-el-que-se-reforman-y-adicionan-disposiciones-a-la-ley-de-amparo\/\" aria-label=\"\u00a0An\u00e1lisis al Decreto por el que se reforman y adicionan disposiciones a la Ley de Amparo\"><img loading=\"lazy\" decoding=\"async\" width=\"150\" height=\"150\" src=\"https:\/\/garbar.info\/wp-content\/uploads\/2025\/11\/garbar.2025.analisis.ley_.amparo.news_-150x150.jpg\" class=\"attachment-thumbnail size-thumbnail wp-post-image\" alt=\"\" style=\"max-width:113px;max-height:113px;\" srcset=\"https:\/\/garbar.info\/wp-content\/uploads\/2025\/11\/garbar.2025.analisis.ley_.amparo.news_-150x150.jpg 150w, https:\/\/garbar.info\/wp-content\/uploads\/2025\/11\/garbar.2025.analisis.ley_.amparo.news_-700x700.jpg 700w\" sizes=\"(max-width: 150px) 100vw, 150px\" \/><\/a><\/div><a class=\"wp-block-latest-posts__post-title\" href=\"https:\/\/garbar.info\/zh\/analisis-al-decreto-por-el-que-se-reforman-y-adicionan-disposiciones-a-la-ley-de-amparo\/\">\u00a0An\u00e1lisis al Decreto por el que se reforman y adicionan disposiciones a la Ley de Amparo<\/a><div class=\"wp-block-latest-posts__post-author\">\u4f5c\u8005\uff1aGarc\u00eda Barrag\u00e1n Abogados<\/div><time datetime=\"2025-11-05T11:47:30-06:00\" class=\"wp-block-latest-posts__post-date\">5 de 11 \u6708 de 2025<\/time><div class=\"wp-block-latest-posts__post-excerpt\">Con gran orgullo y entusiasmo, compartimos que el d\u00eda de ayer nuestra consejera, la licenciada Luc\u00eda Mello Gonz\u00e1lez recibi\u00f3 por parte de la ANIERM, en el marco de\u00a0\u201cThe Logistics World Summit & Expo 2025\u201d, el evento de log\u00edstica m\u00e1s importante de Latinoam\u00e9rica, su certificado del Diplomado de Comercio Exterior y Operaciones Aduaneras, as\u00ed como su certificaci\u00f3n en el Est\u00e1ndar de Competencias Laborales EC0537, avalada por el CONOCER y la SEP; lo que refleja su compromiso y trayectoria en esta \u00e1rea del Derecho.<\/div><\/li>\n<li><div class=\"wp-block-latest-posts__featured-image alignright\"><a href=\"https:\/\/garbar.info\/zh\/compartimos-el-reconocimiento-de-nuestro-socio-daniel-garcia-barragan-lopez-como-socio-de-proxima-generacion-en-el-ranking-de-legal-500-2026-para-mexico\/\" aria-label=\"Compartimos el reconocimiento de nuestro socio Daniel Garc\u00eda Barrag\u00e1n L\u00f3pez como Socio de Pr\u00f3xima Generaci\u00f3n, en el ranking de Legal 500 2026 para M\u00e9xico\"><img loading=\"lazy\" decoding=\"async\" width=\"150\" height=\"150\" src=\"https:\/\/garbar.info\/wp-content\/uploads\/2025\/10\/garbar.web_.dgbl_.2025-150x150.jpg\" class=\"attachment-thumbnail size-thumbnail wp-post-image\" alt=\"\" style=\"max-width:113px;max-height:113px;\" srcset=\"https:\/\/garbar.info\/wp-content\/uploads\/2025\/10\/garbar.web_.dgbl_.2025-150x150.jpg 150w, https:\/\/garbar.info\/wp-content\/uploads\/2025\/10\/garbar.web_.dgbl_.2025-700x700.jpg 700w\" sizes=\"(max-width: 150px) 100vw, 150px\" \/><\/a><\/div><a class=\"wp-block-latest-posts__post-title\" href=\"https:\/\/garbar.info\/zh\/compartimos-el-reconocimiento-de-nuestro-socio-daniel-garcia-barragan-lopez-como-socio-de-proxima-generacion-en-el-ranking-de-legal-500-2026-para-mexico\/\">Compartimos el reconocimiento de nuestro socio Daniel Garc\u00eda Barrag\u00e1n L\u00f3pez como Socio de Pr\u00f3xima Generaci\u00f3n, en el ranking de Legal 500 2026 para M\u00e9xico<\/a><div class=\"wp-block-latest-posts__post-author\">\u4f5c\u8005\uff1aGarc\u00eda Barrag\u00e1n Abogados<\/div><time datetime=\"2025-10-27T13:06:22-06:00\" class=\"wp-block-latest-posts__post-date\">27 de 10 \u6708 de 2025<\/time><div class=\"wp-block-latest-posts__post-excerpt\">Con gran orgullo y entusiasmo, compartimos que el d\u00eda de ayer nuestra consejera, la licenciada Luc\u00eda Mello Gonz\u00e1lez recibi\u00f3 por parte de la ANIERM, en el marco de\u00a0\u201cThe Logistics World Summit & Expo 2025\u201d, el evento de log\u00edstica m\u00e1s importante de Latinoam\u00e9rica, su certificado del Diplomado de Comercio Exterior y Operaciones Aduaneras, as\u00ed como su certificaci\u00f3n en el Est\u00e1ndar de Competencias Laborales EC0537, avalada por el CONOCER y la SEP; lo que refleja su compromiso y trayectoria en esta \u00e1rea del Derecho.<\/div><\/li>\n<li><div class=\"wp-block-latest-posts__featured-image alignright\"><a href=\"https:\/\/garbar.info\/zh\/compartimos-el-reconocimiento-de-nuestro-socio-fundador-manuel-garcia-barragan-martinez-como-abogado-recomendado-en-el-ranking-de-the-legal-500-2026-para-mexico\/\" aria-label=\"Compartimos el reconocimiento de nuestro socio fundador Manuel Garc\u00eda Barrag\u00e1n Mart\u00ednez como Abogado Recomendado, en el ranking de The Legal 500 2026 para M\u00e9xico\"><img loading=\"lazy\" decoding=\"async\" width=\"150\" height=\"150\" src=\"https:\/\/garbar.info\/wp-content\/uploads\/2025\/10\/garbar.web_.mgbm_.2025-150x150.jpg\" class=\"attachment-thumbnail size-thumbnail wp-post-image\" alt=\"\" style=\"max-width:113px;max-height:113px;\" srcset=\"https:\/\/garbar.info\/wp-content\/uploads\/2025\/10\/garbar.web_.mgbm_.2025-150x150.jpg 150w, https:\/\/garbar.info\/wp-content\/uploads\/2025\/10\/garbar.web_.mgbm_.2025-700x700.jpg 700w\" sizes=\"auto, (max-width: 150px) 100vw, 150px\" \/><\/a><\/div><a class=\"wp-block-latest-posts__post-title\" href=\"https:\/\/garbar.info\/zh\/compartimos-el-reconocimiento-de-nuestro-socio-fundador-manuel-garcia-barragan-martinez-como-abogado-recomendado-en-el-ranking-de-the-legal-500-2026-para-mexico\/\">Compartimos el reconocimiento de nuestro socio fundador Manuel Garc\u00eda Barrag\u00e1n Mart\u00ednez como Abogado Recomendado, en el ranking de The Legal 500 2026 para M\u00e9xico<\/a><div class=\"wp-block-latest-posts__post-author\">\u4f5c\u8005\uff1aGarc\u00eda Barrag\u00e1n Abogados<\/div><time datetime=\"2025-10-27T13:03:40-06:00\" class=\"wp-block-latest-posts__post-date\">27 de 10 \u6708 de 2025<\/time><div class=\"wp-block-latest-posts__post-excerpt\">Con gran orgullo y entusiasmo, compartimos que el d\u00eda de ayer nuestra consejera, la licenciada Luc\u00eda Mello Gonz\u00e1lez recibi\u00f3 por parte de la ANIERM, en el marco de\u00a0\u201cThe Logistics World Summit & Expo 2025\u201d, el evento de log\u00edstica m\u00e1s importante de Latinoam\u00e9rica, su certificado del Diplomado de Comercio Exterior y Operaciones Aduaneras, as\u00ed como su certificaci\u00f3n en el Est\u00e1ndar de Competencias Laborales EC0537, avalada por el CONOCER y la SEP; lo que refleja su compromiso y trayectoria en esta \u00e1rea del Derecho.<\/div><\/li>\n<li><div class=\"wp-block-latest-posts__featured-image alignright\"><a href=\"https:\/\/garbar.info\/zh\/garcia-barragan-abogados-s-c-ha-sido-reconocido-por-legal-500-como-firma-recomendada-y-destacada-en-el-area-de-practica-de-resolucion-de-disputas-arbitraje-en-el-ranking-de-2026-para-mexico\/\" aria-label=\"Garc\u00eda Barrag\u00e1n Abogados, S.C., ha sido reconocido por Legal 500 como Firma recomendada y destacada en el \u00e1rea de pr\u00e1ctica de Resoluci\u00f3n de Disputas: Arbitraje en el ranking de 2026 para M\u00e9xico\"><img loading=\"lazy\" decoding=\"async\" width=\"150\" height=\"150\" src=\"https:\/\/garbar.info\/wp-content\/uploads\/2025\/10\/garbar.web_.gba_.2025-150x150.jpg\" class=\"attachment-thumbnail size-thumbnail wp-post-image\" alt=\"\" style=\"max-width:113px;max-height:113px;\" srcset=\"https:\/\/garbar.info\/wp-content\/uploads\/2025\/10\/garbar.web_.gba_.2025-150x150.jpg 150w, https:\/\/garbar.info\/wp-content\/uploads\/2025\/10\/garbar.web_.gba_.2025-700x700.jpg 700w\" sizes=\"auto, (max-width: 150px) 100vw, 150px\" \/><\/a><\/div><a class=\"wp-block-latest-posts__post-title\" href=\"https:\/\/garbar.info\/zh\/garcia-barragan-abogados-s-c-ha-sido-reconocido-por-legal-500-como-firma-recomendada-y-destacada-en-el-area-de-practica-de-resolucion-de-disputas-arbitraje-en-el-ranking-de-2026-para-mexico\/\">Garc\u00eda Barrag\u00e1n Abogados, S.C., ha sido reconocido por Legal 500 como Firma recomendada y destacada en el \u00e1rea de pr\u00e1ctica de Resoluci\u00f3n de Disputas: Arbitraje en el ranking de 2026 para M\u00e9xico<\/a><div class=\"wp-block-latest-posts__post-author\">\u4f5c\u8005\uff1aGarc\u00eda Barrag\u00e1n Abogados<\/div><time datetime=\"2025-10-27T12:51:54-06:00\" class=\"wp-block-latest-posts__post-date\">27 de 10 \u6708 de 2025<\/time><div class=\"wp-block-latest-posts__post-excerpt\">Con gran orgullo y entusiasmo, compartimos que el d\u00eda de ayer nuestra consejera, la licenciada Luc\u00eda Mello Gonz\u00e1lez recibi\u00f3 por parte de la ANIERM, en el marco de\u00a0\u201cThe Logistics World Summit & Expo 2025\u201d, el evento de log\u00edstica m\u00e1s importante de Latinoam\u00e9rica, su certificado del Diplomado de Comercio Exterior y Operaciones Aduaneras, as\u00ed como su certificaci\u00f3n en el Est\u00e1ndar de Competencias Laborales EC0537, avalada por el CONOCER y la SEP; lo que refleja su compromiso y trayectoria en esta \u00e1rea del Derecho.<\/div><\/li>\n<li><div class=\"wp-block-latest-posts__featured-image alignright\"><a href=\"https:\/\/garbar.info\/zh\/proyecto-de-reforma-a-la-ley-de-amparo\/\" aria-label=\"Proyecto de Reforma a la Ley de Amparo\"><img loading=\"lazy\" decoding=\"async\" width=\"150\" height=\"150\" src=\"https:\/\/garbar.info\/wp-content\/uploads\/2025\/09\/garbar.2025.proyecto.de_.reforma.a.la_.ley_.de_.amparo.news_-150x150.jpg\" class=\"attachment-thumbnail size-thumbnail wp-post-image\" alt=\"\" style=\"max-width:113px;max-height:113px;\" srcset=\"https:\/\/garbar.info\/wp-content\/uploads\/2025\/09\/garbar.2025.proyecto.de_.reforma.a.la_.ley_.de_.amparo.news_-150x150.jpg 150w, https:\/\/garbar.info\/wp-content\/uploads\/2025\/09\/garbar.2025.proyecto.de_.reforma.a.la_.ley_.de_.amparo.news_-700x700.jpg 700w\" sizes=\"auto, (max-width: 150px) 100vw, 150px\" \/><\/a><\/div><a class=\"wp-block-latest-posts__post-title\" href=\"https:\/\/garbar.info\/zh\/proyecto-de-reforma-a-la-ley-de-amparo\/\">Proyecto de Reforma a la Ley de Amparo<\/a><div class=\"wp-block-latest-posts__post-author\">\u4f5c\u8005\uff1aGarc\u00eda Barrag\u00e1n Abogados<\/div><time datetime=\"2025-09-23T17:09:48-06:00\" class=\"wp-block-latest-posts__post-date\">23 de 9 \u6708 de 2025<\/time><div class=\"wp-block-latest-posts__post-excerpt\">Con gran orgullo y entusiasmo, compartimos que el d\u00eda de ayer nuestra consejera, la licenciada Luc\u00eda Mello Gonz\u00e1lez recibi\u00f3 por parte de la ANIERM, en el marco de\u00a0\u201cThe Logistics World Summit & Expo 2025\u201d, el evento de log\u00edstica m\u00e1s importante de Latinoam\u00e9rica, su certificado del Diplomado de Comercio Exterior y Operaciones Aduaneras, as\u00ed como su certificaci\u00f3n en el Est\u00e1ndar de Competencias Laborales EC0537, avalada por el CONOCER y la SEP; lo que refleja su compromiso y trayectoria en esta \u00e1rea del Derecho.<\/div><\/li>\n<li><div class=\"wp-block-latest-posts__featured-image alignright\"><a href=\"https:\/\/garbar.info\/zh\/adriana-lopez-gonzalez-latin-america-guide-en-arbitration-mexico-band-4\/\" aria-label=\"Adriana L\u00f3pez Gonz\u00e1lez Latin America Guide\u00a0en\u00a0Arbitration \u2013 Mexico, Band 4\"><img loading=\"lazy\" decoding=\"async\" width=\"150\" height=\"150\" src=\"https:\/\/garbar.info\/wp-content\/uploads\/2025\/08\/garbar-alg-chambers-intellectual-property-2026-150x150.png\" class=\"attachment-thumbnail size-thumbnail wp-post-image\" alt=\"\" style=\"max-width:113px;max-height:113px;\" srcset=\"https:\/\/garbar.info\/wp-content\/uploads\/2025\/08\/garbar-alg-chambers-intellectual-property-2026-150x150.png 150w, https:\/\/garbar.info\/wp-content\/uploads\/2025\/08\/garbar-alg-chambers-intellectual-property-2026-700x700.png 700w\" sizes=\"auto, (max-width: 150px) 100vw, 150px\" \/><\/a><\/div><a class=\"wp-block-latest-posts__post-title\" href=\"https:\/\/garbar.info\/zh\/adriana-lopez-gonzalez-latin-america-guide-en-arbitration-mexico-band-4\/\">Adriana L\u00f3pez Gonz\u00e1lez Latin America Guide\u00a0en\u00a0Arbitration \u2013 Mexico, Band 4<\/a><div class=\"wp-block-latest-posts__post-author\">\u4f5c\u8005\uff1aGarc\u00eda Barrag\u00e1n Abogados<\/div><time datetime=\"2025-08-26T09:57:03-06:00\" class=\"wp-block-latest-posts__post-date\">26 de 8 \u6708 de 2025<\/time><div class=\"wp-block-latest-posts__post-excerpt\">Con gran orgullo y entusiasmo, compartimos que el d\u00eda de ayer nuestra consejera, la licenciada Luc\u00eda Mello Gonz\u00e1lez recibi\u00f3 por parte de la ANIERM, en el marco de\u00a0\u201cThe Logistics World Summit & Expo 2025\u201d, el evento de log\u00edstica m\u00e1s importante de Latinoam\u00e9rica, su certificado del Diplomado de Comercio Exterior y Operaciones Aduaneras, as\u00ed como su certificaci\u00f3n en el Est\u00e1ndar de Competencias Laborales EC0537, avalada por el CONOCER y la SEP; lo que refleja su compromiso y trayectoria en esta \u00e1rea del Derecho.<\/div><\/li>\n<li><div class=\"wp-block-latest-posts__featured-image alignright\"><a href=\"https:\/\/garbar.info\/zh\/daniel-garcia-barragan-lopez-corporate-ma-highly-regarded-mexico-band-4\/\" aria-label=\"Daniel Garc\u00eda Barrag\u00e1n L\u00f3pez Corporate \/ M&amp;A: Highly Regarded \u2013 Mexico, Band 4\"><img loading=\"lazy\" decoding=\"async\" width=\"150\" height=\"150\" src=\"https:\/\/garbar.info\/wp-content\/uploads\/2025\/08\/garbar-dgbl-chambers-corporate-ma-2026-150x150.png\" class=\"attachment-thumbnail size-thumbnail wp-post-image\" alt=\"\" style=\"max-width:113px;max-height:113px;\" srcset=\"https:\/\/garbar.info\/wp-content\/uploads\/2025\/08\/garbar-dgbl-chambers-corporate-ma-2026-150x150.png 150w, https:\/\/garbar.info\/wp-content\/uploads\/2025\/08\/garbar-dgbl-chambers-corporate-ma-2026-700x700.png 700w\" sizes=\"auto, (max-width: 150px) 100vw, 150px\" \/><\/a><\/div><a class=\"wp-block-latest-posts__post-title\" href=\"https:\/\/garbar.info\/zh\/daniel-garcia-barragan-lopez-corporate-ma-highly-regarded-mexico-band-4\/\">Daniel Garc\u00eda Barrag\u00e1n L\u00f3pez Corporate \/ M&amp;A: Highly Regarded \u2013 Mexico, Band 4<\/a><div class=\"wp-block-latest-posts__post-author\">\u4f5c\u8005\uff1aGarc\u00eda Barrag\u00e1n Abogados<\/div><time datetime=\"2025-08-26T09:45:30-06:00\" class=\"wp-block-latest-posts__post-date\">26 de 8 \u6708 de 2025<\/time><div class=\"wp-block-latest-posts__post-excerpt\">Con gran orgullo y entusiasmo, compartimos que el d\u00eda de ayer nuestra consejera, la licenciada Luc\u00eda Mello Gonz\u00e1lez recibi\u00f3 por parte de la ANIERM, en el marco de\u00a0\u201cThe Logistics World Summit & Expo 2025\u201d, el evento de log\u00edstica m\u00e1s importante de Latinoam\u00e9rica, su certificado del Diplomado de Comercio Exterior y Operaciones Aduaneras, as\u00ed como su certificaci\u00f3n en el Est\u00e1ndar de Competencias Laborales EC0537, avalada por el CONOCER y la SEP; lo que refleja su compromiso y trayectoria en esta \u00e1rea del Derecho.<\/div><\/li>\n<li><div class=\"wp-block-latest-posts__featured-image alignright\"><a href=\"https:\/\/garbar.info\/zh\/daniel-garcia-barragan-lopez-dispute-resolution-civil-commercial-litigation-mexico-band-4\/\" aria-label=\"Daniel Garc\u00eda Barrag\u00e1n L\u00f3pez Dispute Resolution: Civil &amp; Commercial Litigation \u2013 Mexico, Band 4\"><img loading=\"lazy\" decoding=\"async\" width=\"150\" height=\"150\" src=\"https:\/\/garbar.info\/wp-content\/uploads\/2025\/08\/garbar-dgbl-chambers-civil-commercial-2026-150x150.png\" class=\"attachment-thumbnail size-thumbnail wp-post-image\" alt=\"\" style=\"max-width:113px;max-height:113px;\" srcset=\"https:\/\/garbar.info\/wp-content\/uploads\/2025\/08\/garbar-dgbl-chambers-civil-commercial-2026-150x150.png 150w, https:\/\/garbar.info\/wp-content\/uploads\/2025\/08\/garbar-dgbl-chambers-civil-commercial-2026-700x700.png 700w\" sizes=\"auto, (max-width: 150px) 100vw, 150px\" \/><\/a><\/div><a class=\"wp-block-latest-posts__post-title\" href=\"https:\/\/garbar.info\/zh\/daniel-garcia-barragan-lopez-dispute-resolution-civil-commercial-litigation-mexico-band-4\/\">Daniel Garc\u00eda Barrag\u00e1n L\u00f3pez Dispute Resolution: Civil &amp; Commercial Litigation \u2013 Mexico, Band 4<\/a><div class=\"wp-block-latest-posts__post-author\">\u4f5c\u8005\uff1aGarc\u00eda Barrag\u00e1n Abogados<\/div><time datetime=\"2025-08-26T09:39:53-06:00\" class=\"wp-block-latest-posts__post-date\">26 de 8 \u6708 de 2025<\/time><div class=\"wp-block-latest-posts__post-excerpt\">Con gran orgullo y entusiasmo, compartimos que el d\u00eda de ayer nuestra consejera, la licenciada Luc\u00eda Mello Gonz\u00e1lez recibi\u00f3 por parte de la ANIERM, en el marco de\u00a0\u201cThe Logistics World Summit & Expo 2025\u201d, el evento de log\u00edstica m\u00e1s importante de Latinoam\u00e9rica, su certificado del Diplomado de Comercio Exterior y Operaciones Aduaneras, as\u00ed como su certificaci\u00f3n en el Est\u00e1ndar de Competencias Laborales EC0537, avalada por el CONOCER y la SEP; lo que refleja su compromiso y trayectoria en esta \u00e1rea del Derecho.<\/div><\/li>\n<\/ul><\/div>\n<\/aside><aside id=\"block-8\" class=\"widget inner-padding widget_block\">\n<div style=\"height:49px\" aria-hidden=\"true\" class=\"wp-block-spacer\"><\/div>\n<\/aside><aside id=\"nav_menu-3\" class=\"widget inner-padding widget_nav_menu\"><div class=\"menu-garbar-menu-container\"><ul id=\"menu-garbar-menu\" class=\"menu\"><li id=\"menu-item-516\" class=\"menu-item menu-item-type-post_type menu-item-object-page menu-item-516\"><a href=\"https:\/\/garbar.info\/zh\/acerca-de\/\">\u5173\u4e8e\u6211\u4eec<\/a><\/li>\n<li id=\"menu-item-501\" class=\"menu-item menu-item-type-post_type menu-item-object-page menu-item-501\"><a href=\"https:\/\/garbar.info\/zh\/areas-de-practica\/\">\u5b9e\u8df5\u9886\u57df<\/a><\/li>\n<li id=\"menu-item-502\" class=\"menu-item menu-item-type-post_type menu-item-object-page menu-item-502\"><a href=\"https:\/\/garbar.info\/zh\/equipo\/\">\u56e2\u961f<\/a><\/li>\n<li id=\"menu-item-503\" class=\"menu-item menu-item-type-post_type menu-item-object-page menu-item-503\"><a href=\"https:\/\/garbar.info\/zh\/noticias\/\">\u6d88\u606f<\/a><\/li>\n<li id=\"menu-item-559\" class=\"menu-item menu-item-type-post_type menu-item-object-page menu-item-559\"><a href=\"https:\/\/garbar.info\/zh\/contacto\/\">\u63a5\u89e6<\/a><\/li>\n<\/ul><\/div><\/aside>\t\t\t\t<\/div>\n\t\t\t\t<\/div>\n\t\t\t\t\t<\/div>\n\t\t<\/div>\n\t\t\t\t\t<\/div>\n\t\t<\/section>\n\t\t\t\t<\/div>","protected":false},"excerpt":{"rendered":"<p>Regulatorio Nuevas Importaciones a M\u00e9xico Donec ullamcorper nulla non metus auctor fringilla. Praesent commodo cursus magna, vel scelerisque nisl consectetur et. Lorem ipsum dolor sit amet, consectetur adipiscing elit. Donec sed odio dui. Integer posuere erat a ante venenatis dapibus posuere velit aliquet. Cras mattis consectetur purus sit amet fermentum. Nulla vitae elit libero, a &#8230; <a title=\"\u58a8\u897f\u54e5\u65b0\u8fdb\u53e3\" class=\"read-more\" href=\"https:\/\/garbar.info\/zh\/nuevas-importaciones-a-mexico\/\" aria-label=\"\u9605\u8bfb Nuevas Importaciones a M\u00e9xico\">\u9605\u8bfb\u66f4\u591a<\/a><\/p>","protected":false},"author":1,"featured_media":782,"comment_status":"open","ping_status":"open","sticky":false,"template":"elementor_header_footer","format":"standard","meta":{"inline_featured_image":false,"footnotes":""},"categories":[61],"tags":[],"class_list":["post-781","post","type-post","status-publish","format-standard","has-post-thumbnail","hentry","category-bancario-y-financiero"],"_links":{"self":[{"href":"https:\/\/garbar.info\/zh\/wp-json\/wp\/v2\/posts\/781","targetHints":{"allow":["GET"]}}],"collection":[{"href":"https:\/\/garbar.info\/zh\/wp-json\/wp\/v2\/posts"}],"about":[{"href":"https:\/\/garbar.info\/zh\/wp-json\/wp\/v2\/types\/post"}],"author":[{"embeddable":true,"href":"https:\/\/garbar.info\/zh\/wp-json\/wp\/v2\/users\/1"}],"replies":[{"embeddable":true,"href":"https:\/\/garbar.info\/zh\/wp-json\/wp\/v2\/comments?post=781"}],"version-history":[{"count":7,"href":"https:\/\/garbar.info\/zh\/wp-json\/wp\/v2\/posts\/781\/revisions"}],"predecessor-version":[{"id":789,"href":"https:\/\/garbar.info\/zh\/wp-json\/wp\/v2\/posts\/781\/revisions\/789"}],"wp:featuredmedia":[{"embeddable":true,"href":"https:\/\/garbar.info\/zh\/wp-json\/wp\/v2\/media\/782"}],"wp:attachment":[{"href":"https:\/\/garbar.info\/zh\/wp-json\/wp\/v2\/media?parent=781"}],"wp:term":[{"taxonomy":"category","embeddable":true,"href":"https:\/\/garbar.info\/zh\/wp-json\/wp\/v2\/categories?post=781"},{"taxonomy":"post_tag","embeddable":true,"href":"https:\/\/garbar.info\/zh\/wp-json\/wp\/v2\/tags?post=781"}],"curies":[{"name":"wp","href":"https:\/\/api.w.org\/{rel}","templated":true}]}}