{"id":451,"date":"2018-11-16T11:00:51","date_gmt":"2018-11-16T17:00:51","guid":{"rendered":"https:\/\/garbar.info\/?p=451"},"modified":"2024-10-02T15:43:48","modified_gmt":"2024-10-02T21:43:48","slug":"seguimiento-a-la-regulacion-de-cannabis-en-mexico-alimentos-suplementos-alimenticios-bebidas-no-alcoholicas-y-bebidas-alcoholicas","status":"publish","type":"post","link":"https:\/\/garbar.info\/zh\/seguimiento-a-la-regulacion-de-cannabis-en-mexico-alimentos-suplementos-alimenticios-bebidas-no-alcoholicas-y-bebidas-alcoholicas\/","title":{"rendered":"\u76d1\u6d4b\u58a8\u897f\u54e5\u5bf9\u5927\u9ebb\u7684\u76d1\u7ba1\u3002\u98df\u54c1\u3001\u81b3\u98df\u8865\u5145\u5242\u3001\u975e\u9152\u7cbe\u996e\u6599\u548c\u9152\u7cbe\u996e\u6599\u3002"},"content":{"rendered":"<div data-elementor-type=\"wp-post\" data-elementor-id=\"451\" class=\"elementor elementor-451\" data-elementor-post-type=\"post\">\n\t\t\t\t\t\t<section class=\"elementor-section elementor-top-section elementor-element elementor-element-8fd0310 elementor-section-boxed elementor-section-height-default elementor-section-height-default\" data-id=\"8fd0310\" data-element_type=\"section\" data-settings=\"{&quot;background_background&quot;:&quot;classic&quot;}\">\n\t\t\t\t\t\t<div class=\"elementor-container elementor-column-gap-default\">\n\t\t\t\t\t<div class=\"elementor-column elementor-col-50 elementor-top-column elementor-element elementor-element-0f328b8\" data-id=\"0f328b8\" data-element_type=\"column\">\n\t\t\t<div class=\"elementor-widget-wrap elementor-element-populated\">\n\t\t\t\t\t\t<div class=\"elementor-element elementor-element-d3842a5 elementor-widget elementor-widget-heading\" data-id=\"d3842a5\" data-element_type=\"widget\" data-widget_type=\"heading.default\">\n\t\t\t\t<div class=\"elementor-widget-container\">\n\t\t\t\t\t<h2 class=\"elementor-heading-title elementor-size-default\">\u76d1\u7ba1<\/h2>\t\t\t\t<\/div>\n\t\t\t\t<\/div>\n\t\t\t\t<div class=\"elementor-element elementor-element-d8765a7 elementor-widget elementor-widget-image\" data-id=\"d8765a7\" data-element_type=\"widget\" data-widget_type=\"image.default\">\n\t\t\t\t<div class=\"elementor-widget-container\">\n\t\t\t\t\t\t\t\t\t\t\t\t\t\t\t<img loading=\"lazy\" decoding=\"async\" width=\"900\" height=\"506\" src=\"https:\/\/garbar.info\/wp-content\/uploads\/2018\/11\/Regulacion-de-cannabis-en-Mexico.-Medicamentos-1024x576.jpg\" class=\"attachment-large size-large wp-image-780\" alt=\"\" srcset=\"https:\/\/garbar.info\/wp-content\/uploads\/2018\/11\/Regulacion-de-cannabis-en-Mexico.-Medicamentos-1024x576.jpg 1024w, https:\/\/garbar.info\/wp-content\/uploads\/2018\/11\/Regulacion-de-cannabis-en-Mexico.-Medicamentos-300x169.jpg 300w, https:\/\/garbar.info\/wp-content\/uploads\/2018\/11\/Regulacion-de-cannabis-en-Mexico.-Medicamentos-768x432.jpg 768w, https:\/\/garbar.info\/wp-content\/uploads\/2018\/11\/Regulacion-de-cannabis-en-Mexico.-Medicamentos-18x10.jpg 18w, https:\/\/garbar.info\/wp-content\/uploads\/2018\/11\/Regulacion-de-cannabis-en-Mexico.-Medicamentos.jpg 1200w\" sizes=\"(max-width: 900px) 100vw, 900px\" \/>\t\t\t\t\t\t\t\t\t\t\t\t\t\t\t<\/div>\n\t\t\t\t<\/div>\n\t\t\t\t<div class=\"elementor-element elementor-element-b85d41d elementor-widget elementor-widget-heading\" data-id=\"b85d41d\" data-element_type=\"widget\" data-widget_type=\"heading.default\">\n\t\t\t\t<div class=\"elementor-widget-container\">\n\t\t\t\t\t<h1 class=\"elementor-heading-title elementor-size-default\">\u76d1\u6d4b\u58a8\u897f\u54e5\u5bf9\u5927\u9ebb\u7684\u76d1\u7ba1\u3002\u98df\u54c1\u3001\u81b3\u98df\u8865\u5145\u5242\u3001\u975e\u9152\u7cbe\u996e\u6599\u548c\u9152\u7cbe\u996e\u6599\u3002\n<\/h1>\t\t\t\t<\/div>\n\t\t\t\t<\/div>\n\t\t\t\t<div class=\"elementor-element elementor-element-ee35502 elementor-widget elementor-widget-text-editor\" data-id=\"ee35502\" data-element_type=\"widget\" data-widget_type=\"text-editor.default\">\n\t\t\t\t<div class=\"elementor-widget-container\">\n\t\t\t\t\t\t\t\t\t<p><span style=\"color: #ffffff;\">SUMARIO: I. Antecedentes. II. Jurisprudencia. III. Lineamientos en Materia de Control Sanitario de la Cannabis y Derivados de la Misma. IV. Proyecto de Decreto por el que se expide la Ley General para Regulaci\u00f3n y Control de Cannabis. V. Comentarios finales.<\/span><\/p><p><span style=\"color: #ffffff;\">I. ANTECEDENTES<\/span><\/p><p><span style=\"color: #ffffff;\">El Decreto de Reforma a la Ley General de Salud (Ley), publicado el 19 de junio de 2017, mediante el cual se autoriz\u00f3 el uso terap\u00e9utico del Tetrahidrocannabinol (THC), estableci\u00f3, en el art\u00edculo cuarto transitorio, que la autoridad tiene 180 d\u00edas para armonizar los reglamentos y la normatividad en esta materia.<\/span><\/p><p><span style=\"color: #ffffff;\">Esta modificaci\u00f3n a la Ley se dio en un contexto donde la Suprema Corte de Justicia de la Naci\u00f3n (SCJN), m\u00e1ximo tribunal en M\u00e9xico, hab\u00eda resuelto en el 2015, el amparo en revisi\u00f3n 237\/2014, donde asent\u00f3 por vez primera el criterio sobre la inconstitucionalidad de la prohibici\u00f3n del consumo recreativo de cannabis, ya que dicha prohibici\u00f3n vulnera el derecho humano al libre desarrollo de la personalidad.<\/span><\/p><p><span style=\"color: #ffffff;\">El reglamento a la Ley, en materia de cannabis, debi\u00f3 de haber sido publicado el 20 de diciembre del 2017, sin embargo, \u00e9ste estuvo detenido varios meses en la Comisi\u00f3n Federal de Mejora Regulatoria (COFEMER), mas nunca se public\u00f3. El 31 de octubre del a\u00f1o en curso, la Comisi\u00f3n Federal para la Protecci\u00f3n Contra Riesgos Sanitarios (COFEPRIS), de manera expr\u00e9s, public\u00f3 los Lineamientos en Materia de Control Sanitario de la Cannabis y Derivados de la Misma, en vez del reglamento. En este sentido, cabe destacar que COFEPRIS no est\u00e1 facultada para emitir un reglamento, puesto que esta atribuci\u00f3n le corresponde al Poder Ejecutivo, a trav\u00e9s de la Secretar\u00eda de Salud, por tratarse de la materia en cuesti\u00f3n.<\/span><\/p><p><span style=\"color: #ffffff;\">II. JURISPRUDENCIA<\/span><\/p><p><span style=\"color: #ffffff;\">El 31 de octubre del a\u00f1o en curso la Primera Sala de la Suprema Corte de Justicia de la Naci\u00f3n reiter\u00f3 la inconstitucionalidad de la prohibici\u00f3n absoluta del consumo recreativo de cannabis, al haber aprobado los amparos en revisi\u00f3n 547\/2018 y 548\/2018. Tras la resoluci\u00f3n de dichos amparos se integr\u00f3 jurisprudencia, puesto que estos constituyeron la cuarta y quinta vez, respectivamente, y sin interrupci\u00f3n de criterios contrarios, en que las salas de la SCJN sustentaron un mismo criterio, por una mayor\u00eda de cuando menos cuatro votos. El criterio sustentado, como se mencion\u00f3 anteriormente, fue el de la inconstitucionalidad de la prohibici\u00f3n absoluta del consumo recreativo de cannabis. Lo relevante de la situaci\u00f3n, es que esta jurisprudencia es obligatoria para los juzgados y tribunales, es decir, estos deben acatar el criterio que yace en la jurisprudencia, por lo que de manera uniforme se reconoce la existencia del derecho.<\/span><\/p><p><span style=\"color: #ffffff;\">A la par, se inician los tr\u00e1mites para la declaratoria general de inconstitucionalidad. Esto quiere decir que se notifica al Congreso, una vez que se hayan emitido los engroses y se haya publicado en el Semanario Judicial de la Federaci\u00f3n la jurisprudencia. Una vez que se notifica al Congreso, se le da 90 d\u00edas para cambiar las leyes. En la pr\u00e1ctica, si no se cambian las leyes, la consecuencia es nula para el Congreso, puesto que no hay una obligaci\u00f3n real de cambiar las leyes; \u00fanicamente es el poder judicial, la SCJN, quien le notifica al Congreso el cambio por ser inconstitucionales. Si el Congreso no cambia las leyes, contin\u00faa el proceso de la declaratoria general de inconstitucionalidad, y si hay 8 votos en la SCJN, que no los hay en este momento, entonces la SCJN, por s\u00ed misma, elimina de la Ley estos art\u00edculos. Nunca se ha llevado a cabo este acto, pero en este caso que nos compete, no tendr\u00eda mucho impacto porque la Ley fue reformada en 2017, o sea, se estar\u00eda declarando la inconstitucionalidad de art\u00edculos que ya fueron modificados.<\/span><\/p><p><span style=\"color: #ffffff;\">III. LINEAMIENTOS EN MATERIA DE CONTROL SANITARIO DE LA CANNABIS Y DERIVADOS DE LA MISMA (LINEAMIENTO)<\/span><\/p><p><span style=\"color: #ffffff;\">Los Lineamientos establecen los criterios sobre cannabis y sus derivados farmacol\u00f3gicos respecto de los siguientes aspectos: la investigaci\u00f3n para fines m\u00e9dicos y cient\u00edficos; uso m\u00e9dico; comercializaci\u00f3n, importaci\u00f3n y exportaci\u00f3n para uso industrial; publicidad y promoci\u00f3n, y verificaci\u00f3n, medidas de seguridad y sanciones.<\/span><\/p><p><span style=\"color: #ffffff;\">1. Definiciones<\/span><\/p><p><span style=\"color: #ffffff;\">Los Lineamientos asientan tres definiciones que son importantes de mencionar:\u00a0 cannabis, derivado farmacol\u00f3gico y uso industrial.<\/span><\/p><p><span style=\"color: #ffffff;\">A. Cannabis: A la Cannabis sativa, \u00edndica y americana o marihuana, su resina, preparados o semillas.<\/span><\/p><p><span style=\"color: #ffffff;\">B. Derivado farmacol\u00f3gico de la cannabis: A todo cannabinoide o la mezcla o composici\u00f3n de estos, que tengan alguna actividad farmacol\u00f3gica, que se identifique por sus propiedades f\u00edsicas, qu\u00edmicas o acciones biol\u00f3gicas, que no se presente en forma farmac\u00e9utica y que re\u00fana condiciones para ser empleado como Medicamento o principio activo de un Medicamento.<\/span><\/p><p><span style=\"color: #ffffff;\">C. Uso industrial: Al uso correspondiente a la obtenci\u00f3n, elaboraci\u00f3n, fabricaci\u00f3n, preparaci\u00f3n, conservaci\u00f3n, mezclado, acondicionamiento, envasado, manipulaci\u00f3n, transporte, distribuci\u00f3n, almacenamiento y expendio o suministro al p\u00fablico de productos distintos a Medicamentos, que contengan derivados de la Cannabis en concentraciones del 1% o menores de THC.<\/span><\/p><p><span style=\"color: #ffffff;\">2. Comercializaci\u00f3n, importaci\u00f3n y exportaci\u00f3n de productos para uso industrial<\/span><\/p><p><span style=\"color: #ffffff;\">A. Alimentos, suplementos alimenticios, bebidas no alcoh\u00f3licas y bebidas alcoh\u00f3licas<\/span><\/p><p><span style=\"color: #ffffff;\">En los Lineamientos se establece qu\u00e9 se entiende por uso industrial. De la definici\u00f3n reproducida arriba, se desprende que en esta clasificaci\u00f3n quedan comprendidos todos los productos, materia prima o sustancias distintas a medicamentos que contengan derivados de cannabis, siempre y cuando estos no se presenten en concentraciones mayores al 1% de THC. En esta l\u00f3gica, los alimentos, suplementos alimenticios, bebidas no alcoh\u00f3licas y bebidas alcoh\u00f3licas que cumplan con los requisitos estipulados quedan comprendidos dentro de la clasificaci\u00f3n de productos para uso industrial. De igual forma, dentro de esta clasificaci\u00f3n, est\u00e1n incluidos los productos cosm\u00e9ticos, de aseo y repelentes de insectos. Las actividades relacionadas con todos estos productos, como lo son su fabricaci\u00f3n, comercializaci\u00f3n e importaci\u00f3n, requieren una evaluaci\u00f3n sanitaria que realiza la Comisi\u00f3n de Autorizaci\u00f3n Sanitaria de la COFEPRIS, y tambi\u00e9n deben cumplir con determinados requisitos que se detallar\u00e1n a continuaci\u00f3n.<\/span><\/p><p><span style=\"color: #ffffff;\">a. Evaluaci\u00f3n sanitaria. La fabricaci\u00f3n, comercializaci\u00f3n, exportaci\u00f3n e importaci\u00f3n de alimentos, suplementos alimenticios, bebidas no alcoh\u00f3licas y bebidas alcoh\u00f3licas requieren de la autorizaci\u00f3n de COFEPRIS. Para ello, es necesario que la Comisi\u00f3n de Autorizaci\u00f3n Sanitaria de la COFEPRIS realice una evaluaci\u00f3n sanitaria, y para su obtenci\u00f3n, el interesado debe solicitarla y aportar lo siguiente:<\/span><\/p><p><span style=\"color: #ffffff;\">i) La descripci\u00f3n general e intenci\u00f3n de uso del producto o sustancia;<\/span><\/p><p><span style=\"color: #ffffff;\">ii) Propuesta de clasificaci\u00f3n regulatoria;<\/span><\/p><p><span style=\"color: #ffffff;\">iii) Certificados de an\u00e1lisis por producto emitido por el fabricante, la COFEPRIS, tercero autorizado o entidad radicada en el extranjero reconocida por la COFEPRIS. El certificado deber\u00e1 expresar igual o menor concentraci\u00f3n de 1% de THC en la materia prima.<\/span><\/p><p><span style=\"color: #ffffff;\">iv) Propuesta de etiquetas y denominaci\u00f3n distintiva.<\/span><\/p><p><span style=\"color: #ffffff;\">La evaluaci\u00f3n sanitaria deber\u00e1 considerar los efectos por dosis acumulativas, estableciendo como dosis m\u00e1xima permisible hasta el 1% de THC en la materia prima.<\/span><\/p><p><span style=\"color: #ffffff;\">b. Etiquetado. En el etiquetado deber\u00e1 se\u00f1alarse la cantidad de THC que contendr\u00e1 el empaque o la pieza, seg\u00fan la presentaci\u00f3n del producto, cantidad que no podr\u00e1 exceder el 1% de THC, puesto que es la dosis permisible. El etiquetado queda tambi\u00e9n sujeto a las disposiciones previstas en las normas oficiales mexicanas pertinentes.<\/span><\/p><p><span style=\"color: #ffffff;\">B. Remedios herbolarios<\/span><\/p><p><span style=\"color: #ffffff;\">a. Clave alfanum\u00e9rica. Las personas f\u00edsicas o morales dedicadas a la obtenci\u00f3n, elaboraci\u00f3n, fabricaci\u00f3n, preparaci\u00f3n, conservaci\u00f3n, mezclado, acondicionamiento, envasado, manipulaci\u00f3n, distribuci\u00f3n, almacenamiento, expendio o suministro al p\u00fablico, importaci\u00f3n y exportaci\u00f3n de remedios herbolarios que contengan derivados de cannabis en concentraciones de hasta el 1% de THC deben contar con la clave alfanum\u00e9rica que al efecto emita COFEPRIS para poder realizar dichas actividades. Para la obtenci\u00f3n de la clave alfanum\u00e9rica es necesario contar, en primer lugar, con la evaluaci\u00f3n sanitaria (referida en el numeral 1 titulado Evaluaci\u00f3n Sanitaria), y adem\u00e1s cumplir con los requisitos de cualquier remedio herbolario, que son los siguientes:<\/span><\/p><p><span style=\"color: #ffffff;\">i) Tener el giro de f\u00e1brica o laboratorio de remedios herbolarios para uso humano, que cuente con laboratorio de control interno o externo y aviso de funcionamiento;<\/span><\/p><p><span style=\"color: #ffffff;\">ii) Contar con responsable sanitario;<\/span><\/p><p><span style=\"color: #ffffff;\">iii) Certificado de an\u00e1lisis de producto terminado de aspectos organol\u00e9pticos, f\u00edsicos y microbiol\u00f3gicos y ausencia de residuos t\u00f3xicos;<\/span><\/p><p><span style=\"color: #ffffff;\">iv) Descripci\u00f3n del proceso de fabricaci\u00f3n;<\/span><\/p><p><span style=\"color: #ffffff;\">v) Certificado de autenticaci\u00f3n taxon\u00f3mica para cada componente o el documento en que consta la informaci\u00f3n sobre la identidad de los componentes.<\/span><\/p><p><span style=\"color: #ffffff;\">vi) Denominaci\u00f3n cient\u00edfica y popular de la planta o plantas empleadas.<\/span><\/p><p><span style=\"color: #ffffff;\">vii) Las indicaciones y tiempo para su uso.<\/span><\/p><p><span style=\"color: #ffffff;\">viii) F\u00f3rmula cualitativa y cuantitativa de los componentes y aditivos, firmada por el responsable sanitario, y<\/span><\/p><p><span style=\"color: #ffffff;\">ix) Proyectos de marbete o etiqueta.<\/span><\/p><p><span style=\"color: #ffffff;\">b. Clave alfanum\u00e9rica para productos extranjeros. Para obtener la clave alfanum\u00e9rica de remedios herbolarios de fabricaci\u00f3n extranjera que contengan derivados de cannabis en concentraciones hasta el 1% de THC, en primer lugar, se debe obtener una evaluaci\u00f3n sanitaria, referida en el numeral 1 titulado Evaluaci\u00f3n Sanitaria; asimismo, se debe cumplir con los requisitos para la obtenci\u00f3n de la clave alfanum\u00e9rica de productos nacionales, es decir, los requisitos mencionados arriba en el numeral 1 titulado Clave Alfanum\u00e9rica, y por \u00faltimo deben presentarse los siguientes elementos:<\/span><\/p><p><span style=\"color: #ffffff;\">i) Proyecto de etiqueta en espa\u00f1ol y de contra etiqueta, en su caso;<\/span><\/p><p><span style=\"color: #ffffff;\">ii) Certificado de libre venta expedido por la autoridad sanitaria del pa\u00eds de origen;<\/span><\/p><p><span style=\"color: #ffffff;\">iii) Certificado de an\u00e1lisis emitido por la empresa que fabrica el remedio herbolario, con el membrete de su raz\u00f3n social y avalado por los qu\u00edmicos responsables de la empresa extranjera y nacional;<\/span><\/p><p><span style=\"color: #ffffff;\">iv) Certificado de buenas pr\u00e1cticas de fabricaci\u00f3n, y<\/span><\/p><p><span style=\"color: #ffffff;\">v) Carta de representaci\u00f3n. Si el producto es fabricado por la casa matriz o filial del laboratorio solicitante en M\u00e9xico, no se requerir\u00e1 de esta carta.<\/span><\/p><p><span style=\"color: #ffffff;\">C. Permisos de importaci\u00f3n y exportaci\u00f3n<\/span><\/p><p><span style=\"color: #ffffff;\">a. Permiso de importaci\u00f3n de COFEPRIS. Los productos para uso industrial, previstos en el Lineamiento y se\u00f1alados en este Memo, requieren permiso de la COFEPRIS para su importaci\u00f3n y exportaci\u00f3n.<\/span><\/p><p><span style=\"color: #ffffff;\">b. Solicitud. Para obtener el permiso de importaci\u00f3n de los productos en comento, se debe presentar solicitud en el formato oficial que autorice la COFEPRIS. Dichas solicitudes de permisos de importaci\u00f3n ser\u00e1n resueltas por COFEPRIS en los plazos y t\u00e9rminos establecidos en el marco jur\u00eddico vigente, dependiendo del producto en cuesti\u00f3n.<\/span><\/p><p><span style=\"color: #ffffff;\">Si el importador no cuenta con el certificado de an\u00e1lisis emitido por la empresa que fabrica el remedio herbolario, con el membrete de su raz\u00f3n social y avalado por los qu\u00edmicos responsables de la empresa extranjera y nacional, entonces podr\u00e1 solicitar un permiso de importaci\u00f3n para pruebas de laboratorio con el fin de obtener dicha evaluaci\u00f3n.<\/span><\/p><p><span style=\"color: #ffffff;\">c. Permiso de exportaci\u00f3n. Para obtener el permiso de exportaci\u00f3n de los productos en comento, debe presentarse solicitud en el formato oficial que autorice la Secretar\u00eda, a la cual debe anexarse copia del permiso de importaci\u00f3n emitido por la autoridad sanitaria del pa\u00eds destinatario.<\/span><\/p><p><span style=\"color: #ffffff;\">d. Certificaci\u00f3n de productos. Los establecimientos dedicados a la exportaci\u00f3n de remedios herbolarios que contengan derivados de cannabis en concentraciones hasta el 1% de THC, previa evaluaci\u00f3n sanitaria, podr\u00e1n solicitar ante la COFEPRIS, la certificaci\u00f3n de que dichos productos cumplen con las disposiciones sanitarias aplicables para su comercializaci\u00f3n.<\/span><\/p><p><span style=\"color: #ffffff;\">D. Publicidad<\/span><\/p><p><span style=\"color: #ffffff;\">a. Requisitos. La publicidad de los productos para uso industrial, previstos en el Lineamiento y se\u00f1alados en este Memo, debe cumplir con los requisitos que establece la normativa aplicable para cada tipo de producto.<\/span><\/p><p><span style=\"color: #ffffff;\">IV. Proyecto de Decreto por el que se expide la Ley General para Regulaci\u00f3n y Control de Cannabis (Proyecto).<\/span><\/p><p><span style=\"color: #ffffff;\">El Proyecto fue presentado por la senadora Olga S\u00e1nchez Cordero de la bancada de MORENA el d\u00eda 6 de noviembre del a\u00f1o en curso. El Proyecto consta de ocho t\u00edtulos: Disposiciones Generales; Producci\u00f3n para Uso personal; Uso Cient\u00edfico y de Investigaci\u00f3n; Uso Comercial; Instituto Mexicano de Regulaci\u00f3n y control de la Cannabis; Licencias y permisos; Reducci\u00f3n de riesgos, y Sanciones.<\/span><\/p><p><span style=\"color: #ffffff;\">La novedad del Proyecto estriba en los siguientes puntos:<\/span><\/p><p><span style=\"color: #ffffff;\">1.\u00a0\u00a0\u00a0\u00a0\u00a0\u00a0 Instituto Mexicano de Regulaci\u00f3n y Control de la Cannabis (Instituto)<\/span><\/p><p><span style=\"color: #ffffff;\">Se propone la creaci\u00f3n de dicha entidad, a la cual se le otorgar\u00eda el car\u00e1cter de organismo p\u00fablico desconcentrado de la Secretar\u00eda de Salud. Este organismo tendr\u00eda un papel de regulador y director de la pol\u00edtica p\u00fablica en materia de cannabis, as\u00ed como de fiscal. Entre sus posibles facultades destacan: establecer los lineamientos respecto de licencias; implementar el Registro An\u00f3nimo de Autoproductores para Uso Personal de Cannabis; establecer los lineamientos para la creaci\u00f3n del padr\u00f3n de cooperativas de cannabis, entre otros.<\/span><\/p><p><span style=\"color: #ffffff;\">2.\u00a0\u00a0\u00a0\u00a0 Uso personal<\/span><\/p><p><span style=\"color: #ffffff;\">A.\u00a0\u00a0\u00a0 Autoconsumo de cannabis<\/span><\/p><p><span style=\"color: #ffffff;\">a. Autorizaci\u00f3n. Se propone la autorizaci\u00f3n del autoconsumo de cannabis, a trav\u00e9s de la regulaci\u00f3n de la producci\u00f3n de \u00e9sta con el fin de hacer un uso personal.<\/span><\/p><p><span style=\"color: #ffffff;\">b. Limitaciones<\/span><\/p><p><span style=\"color: #ffffff;\">i) La producci\u00f3n de cannabis no debe sobrepasar los 480 gramos por a\u00f1o.<\/span><\/p><p><span style=\"color: #ffffff;\">ii) Las personas deben registrar sus plantas ante el Instituto en el padr\u00f3n an\u00f3nimo.<\/span><\/p><p><span style=\"color: #ffffff;\">iii) El m\u00e1ximo de plantas de cannabis que una persona puede poseer para su consumo personal es 20.<\/span><\/p><p><span style=\"color: #ffffff;\">B.\u00a0\u00a0\u00a0 Cooperativas de producci\u00f3n<\/span><\/p><p><span style=\"color: #ffffff;\">a. Autorizaci\u00f3n. Se propone permitir la constituci\u00f3n de sociedades cooperativas de producci\u00f3n de cannabis, a quienes se les autorizar\u00eda realizar las actividades de siembra, cultivo, cosecha, aprovechamiento, preparaci\u00f3n y transformaci\u00f3n de plantas de cannabis. Se establecen los requisitos que dichas cooperativas deben de cumplir, as\u00ed como las limitaciones a las que estar\u00edan sujetas, tanto ellas como sus socios, entre las que destacan las mencionados en el siguiente enciso.<\/span><\/p><p><span style=\"color: #ffffff;\">b. Limitaciones<\/span><\/p><p><span style=\"color: #ffffff;\">i) Dedicarse \u00fanicamente a la producci\u00f3n de cannabis, sus derivados y accesorios.<\/span><\/p><p><span style=\"color: #ffffff;\">ii) Queda prohibido producir m\u00e1s de 480 gramos al a\u00f1o por socio. El excedente deber\u00e1 donarse a las instituciones correspondientes para fines de investigaci\u00f3n cient\u00edfica.<\/span><\/p><p><span style=\"color: #ffffff;\">3.\u00a0\u00a0\u00a0\u00a0 Uso comercial<\/span><\/p><p><span style=\"color: #ffffff;\">A.\u00a0\u00a0\u00a0 Actividades<\/span><\/p><p><span style=\"color: #ffffff;\">El uso comercial implica la siembra, cultivo, cosecha, producci\u00f3n, procesamiento y venta de cannabis con fines comerciales, es decir, de lucro. Se proponen distintos tipos de uso comercial de cannabis, de acuerdo con la finalidad para la que se la adquiera, entre los que se encuentran el farmac\u00e9utico, terap\u00e9utico o paliativo, herbolario, adulto e industrial.<\/span><\/p><p><span style=\"color: #ffffff;\">B.\u00a0\u00a0\u00a0 Impuestos<\/span><\/p><p><span style=\"color: #ffffff;\">El Instituto determinar\u00e1 los impuestos en la compra y venta de cannabis y sus productos, con base en la protecci\u00f3n de la salud p\u00fablica y el desplazamiento del mercado informal.<\/span><\/p><p><span style=\"color: #ffffff;\">C.\u00a0\u00a0\u00a0 Uso adulto<\/span><\/p><p><span style=\"color: #ffffff;\">a. Fines l\u00fadicos. Se permite sembrar, cultivar, cosechar, preparar, producir, procesar, transportar, distribuir y vender cannabis con fines l\u00fadicos, siempre y cuando cuenten con una licencia de autorizaci\u00f3n.<\/span><\/p><p><span style=\"color: #ffffff;\">b. Venta de cannabis. La venta de cannabis podr\u00e1 realizarse \u00fanicamente en establecimientos espec\u00edficos, dedicados exclusivamente a la venta de cannabis, sus derivados y accesorios. El Instituto determinar\u00e1 los puntos de venta autorizados.<\/span><\/p><p><span style=\"color: #ffffff;\">c. Espacios p\u00fablicos. Queda permitido fumar cannabis en espacios p\u00fablicos, a excepci\u00f3n de los espacios 100% libres de humo.<\/span><\/p><p><span style=\"color: #ffffff;\">4.\u00a0\u00a0\u00a0\u00a0 Uso industrial<\/span><\/p><p><span style=\"color: #ffffff;\">Queda permitida la siembra, cultivo, cosecha, preparaci\u00f3n, fabricaci\u00f3n, producci\u00f3n, distribuci\u00f3n y venta de cannabis para fines industriales, siempre y cuando se realice en el marco de la legislaci\u00f3n vigente.<\/span><\/p><p><span style=\"color: #ffffff;\">Por otro lado, queda prohibido el uso de cualquier variedad de cannabis en productos que se ingieran. En este sentido, el Proyecto proh\u00edbe algo que los lineamientos s\u00ed permiten.<\/span><\/p><p><span style=\"color: #ffffff;\">5.\u00a0\u00a0\u00a0\u00a0 Prohibiciones<\/span><\/p><p><span style=\"color: #ffffff;\">A. Menores de edad. Queda prohibido el comercio, distribuci\u00f3n, donaci\u00f3n, regalo, venta y suministro de productos de Cannabis a menores de edad; as\u00ed como emplearlos en dichas actividades.<\/span><\/p><p><span style=\"color: #ffffff;\">B. Conducir. Queda prohibido conducir cualquier veh\u00edculo, manejar equipo o maquinaria peligrosa bajo el efecto del THC. Los niveles de THC bajo los cuales una persona puede o no manejar, ser\u00e1n establecidos por el Instituto.<\/span><\/p><p><span style=\"color: #ffffff;\">C. Productos alimenticios, suplementos alimenticios, y remedios herbolarios que se ingieran.<\/span><\/p><p><span style=\"color: #ffffff;\">V. COMENTARIOS FINALES<\/span><\/p><p><span style=\"color: #ffffff;\">El Proyecto presentado por la senadora S\u00e1nchez Cordero es de trascendencia por el contexto pol\u00edtico en el que est\u00e1 inmerso. La senadora pedir\u00e1 licencia en estos d\u00edas para incorporarse al nuevo gobierno como Secretaria de Gobernaci\u00f3n. El hecho de haber presentado la iniciativa demuestra que la regulaci\u00f3n de cannabis, principalmente, el consumo para uso personal, y con fines l\u00fadicos o recreativos, es una pol\u00edtica que abandera el nuevo gobierno. Asimismo, es importante recordar que Morena tiene fuerza mayoritaria en el Congreso, por lo que la aprobaci\u00f3n de la iniciativa no deber\u00eda tener ning\u00fan problema, sin embargo, no es posible asegurar nada.<\/span><\/p><p><span style=\"color: #ffffff;\">El Proyecto de Morena cuenta con los tres elementos indispensables para ser una ley s\u00f3lida que regule cualquier droga, en este caso, cannabis. Los elementos son los siguientes:<\/span><\/p><p><span style=\"color: #ffffff;\">1. Despenalizar. Esto implica no sancionar; no usar el aparato militar o policiaco para violentar a los usuarios de cannabis;<\/span><\/p><p><span style=\"color: #ffffff;\">2. Regular el acceso, y.<\/span><\/p><p><span style=\"color: #ffffff;\">3. Pol\u00edtica de reducci\u00f3n de da\u00f1os. Para ello es necesario un consenso sobre los riesgos en la salud que implica el consumo de cannabis. Estos deben ser riesgos y da\u00f1os manejables desde el sistema de salud.<\/span><\/p><p><span style=\"color: #ffffff;\">No obstante, el Proyecto contiene otros elementos que son cuestionables, por ejemplo, el padr\u00f3n an\u00f3nimo que llevar\u00e1 el Instituto donde se registrar\u00e1n las plantas de los usuarios. Asimismo, el Proyecto responde a un modelo de libre mercado, por lo que podr\u00eda pensarse si no ser\u00eda mejor utilizar un modelo m\u00e1s restringido; o bien, implementar una segmentaci\u00f3n no s\u00f3lo de productos sino de la cadena de producci\u00f3n, es decir, que las personas que produzcan cannabis \u00fanicamente se dediquen a esta actividad, por lo que no podr\u00edan transportarla o comercializarla.<\/span><\/p><p><span style=\"color: #ffffff;\">El hecho de que los Lineamientos, hoy vigentes, permitan el cannabis para uso industrial, mientras que el Proyecto no define uso industrial, y, en todo caso, parece prohibirlo, generar\u00e1 incertidumbre.<\/span><\/p><p><span style=\"color: #ffffff;\">En conclusi\u00f3n, es muy importante mencionar que estamos frente a un r\u00e9gimen normativo inestable, tendiente al cambio, por lo tanto, las decisiones de negocio sobre productos con cannabis deben tomarse con cautela.<\/span><\/p>\t\t\t\t\t\t\t\t<\/div>\n\t\t\t\t<\/div>\n\t\t\t\t\t<\/div>\n\t\t<\/div>\n\t\t\t\t<div class=\"elementor-column elementor-col-50 elementor-top-column elementor-element elementor-element-4b1b38c\" data-id=\"4b1b38c\" data-element_type=\"column\">\n\t\t\t<div class=\"elementor-widget-wrap elementor-element-populated\">\n\t\t\t\t\t\t<div class=\"elementor-element elementor-element-602292b elementor-widget elementor-widget-spacer\" data-id=\"602292b\" data-element_type=\"widget\" data-widget_type=\"spacer.default\">\n\t\t\t\t<div class=\"elementor-widget-container\">\n\t\t\t\t\t\t\t<div class=\"elementor-spacer\">\n\t\t\t<div class=\"elementor-spacer-inner\"><\/div>\n\t\t<\/div>\n\t\t\t\t\t\t<\/div>\n\t\t\t\t<\/div>\n\t\t\t\t<div class=\"elementor-element elementor-element-f1946fb elementor-widget elementor-widget-sidebar\" data-id=\"f1946fb\" data-element_type=\"widget\" data-widget_type=\"sidebar.default\">\n\t\t\t\t<div class=\"elementor-widget-container\">\n\t\t\t\t\t<aside id=\"block-3\" class=\"widget inner-padding widget_block\">\n<div class=\"wp-block-group is-layout-constrained wp-block-group-is-layout-constrained\"><ul style=\"font-size:13px;\" class=\"wp-block-latest-posts__list has-dates has-author wp-block-latest-posts\"><li><div class=\"wp-block-latest-posts__featured-image alignright\"><a href=\"https:\/\/garbar.info\/zh\/chambers-and-partners-2026-ha-reconocido-a-nuestro-socio-daniel-garcia-barragan-l\/\" aria-label=\"Chambers and Partners 2026 ha reconocido a nuestro socio Daniel Garc\u00eda Barrag\u00e1n L.\"><img loading=\"lazy\" decoding=\"async\" width=\"150\" height=\"150\" src=\"https:\/\/garbar.info\/wp-content\/uploads\/2026\/02\/garbar-dgbl-chambers-2026-all-150x150.jpg\" class=\"attachment-thumbnail size-thumbnail wp-post-image\" alt=\"\" style=\"max-width:113px;max-height:113px;\" srcset=\"https:\/\/garbar.info\/wp-content\/uploads\/2026\/02\/garbar-dgbl-chambers-2026-all-150x150.jpg 150w, https:\/\/garbar.info\/wp-content\/uploads\/2026\/02\/garbar-dgbl-chambers-2026-all-700x700.jpg 700w\" sizes=\"(max-width: 150px) 100vw, 150px\" \/><\/a><\/div><a class=\"wp-block-latest-posts__post-title\" href=\"https:\/\/garbar.info\/zh\/chambers-and-partners-2026-ha-reconocido-a-nuestro-socio-daniel-garcia-barragan-l\/\">Chambers and Partners 2026 ha reconocido a nuestro socio Daniel Garc\u00eda Barrag\u00e1n L.<\/a><div class=\"wp-block-latest-posts__post-author\">\u4f5c\u8005\uff1aGarc\u00eda Barrag\u00e1n Abogados<\/div><time datetime=\"2026-02-18T12:45:12-06:00\" class=\"wp-block-latest-posts__post-date\">18 de 2 \u6708 de 2026<\/time><div class=\"wp-block-latest-posts__post-excerpt\">Con gran orgullo y entusiasmo, compartimos que el d\u00eda de ayer nuestra consejera, la licenciada Luc\u00eda Mello Gonz\u00e1lez recibi\u00f3 por parte de la ANIERM, en el marco de\u00a0\u201cThe Logistics World Summit & Expo 2025\u201d, el evento de log\u00edstica m\u00e1s importante de Latinoam\u00e9rica, su certificado del Diplomado de Comercio Exterior y Operaciones Aduaneras, as\u00ed como su certificaci\u00f3n en el Est\u00e1ndar de Competencias Laborales EC0537, avalada por el CONOCER y la SEP; lo que refleja su compromiso y trayectoria en esta \u00e1rea del Derecho.<\/div><\/li>\n<li><div class=\"wp-block-latest-posts__featured-image alignright\"><a href=\"https:\/\/garbar.info\/zh\/analisis-al-decreto-por-el-que-se-reforman-y-adicionan-disposiciones-a-la-ley-de-amparo\/\" aria-label=\"\u00a0An\u00e1lisis al Decreto por el que se reforman y adicionan disposiciones a la Ley de Amparo\"><img loading=\"lazy\" decoding=\"async\" width=\"150\" height=\"150\" src=\"https:\/\/garbar.info\/wp-content\/uploads\/2025\/11\/garbar.2025.analisis.ley_.amparo.news_-150x150.jpg\" class=\"attachment-thumbnail size-thumbnail wp-post-image\" alt=\"\" style=\"max-width:113px;max-height:113px;\" srcset=\"https:\/\/garbar.info\/wp-content\/uploads\/2025\/11\/garbar.2025.analisis.ley_.amparo.news_-150x150.jpg 150w, https:\/\/garbar.info\/wp-content\/uploads\/2025\/11\/garbar.2025.analisis.ley_.amparo.news_-700x700.jpg 700w\" sizes=\"(max-width: 150px) 100vw, 150px\" \/><\/a><\/div><a class=\"wp-block-latest-posts__post-title\" href=\"https:\/\/garbar.info\/zh\/analisis-al-decreto-por-el-que-se-reforman-y-adicionan-disposiciones-a-la-ley-de-amparo\/\">\u00a0An\u00e1lisis al Decreto por el que se reforman y adicionan disposiciones a la Ley de Amparo<\/a><div class=\"wp-block-latest-posts__post-author\">\u4f5c\u8005\uff1aGarc\u00eda Barrag\u00e1n Abogados<\/div><time datetime=\"2025-11-05T11:47:30-06:00\" class=\"wp-block-latest-posts__post-date\">5 de 11 \u6708 de 2025<\/time><div class=\"wp-block-latest-posts__post-excerpt\">Con gran orgullo y entusiasmo, compartimos que el d\u00eda de ayer nuestra consejera, la licenciada Luc\u00eda Mello Gonz\u00e1lez recibi\u00f3 por parte de la ANIERM, en el marco de\u00a0\u201cThe Logistics World Summit & Expo 2025\u201d, el evento de log\u00edstica m\u00e1s importante de Latinoam\u00e9rica, su certificado del Diplomado de Comercio Exterior y Operaciones Aduaneras, as\u00ed como su certificaci\u00f3n en el Est\u00e1ndar de Competencias Laborales EC0537, avalada por el CONOCER y la SEP; lo que refleja su compromiso y trayectoria en esta \u00e1rea del Derecho.<\/div><\/li>\n<li><div class=\"wp-block-latest-posts__featured-image alignright\"><a href=\"https:\/\/garbar.info\/zh\/compartimos-el-reconocimiento-de-nuestro-socio-daniel-garcia-barragan-lopez-como-socio-de-proxima-generacion-en-el-ranking-de-legal-500-2026-para-mexico\/\" aria-label=\"Compartimos el reconocimiento de nuestro socio Daniel Garc\u00eda Barrag\u00e1n L\u00f3pez como Socio de Pr\u00f3xima Generaci\u00f3n, en el ranking de Legal 500 2026 para M\u00e9xico\"><img loading=\"lazy\" decoding=\"async\" width=\"150\" height=\"150\" src=\"https:\/\/garbar.info\/wp-content\/uploads\/2025\/10\/garbar.web_.dgbl_.2025-150x150.jpg\" class=\"attachment-thumbnail size-thumbnail wp-post-image\" alt=\"\" style=\"max-width:113px;max-height:113px;\" srcset=\"https:\/\/garbar.info\/wp-content\/uploads\/2025\/10\/garbar.web_.dgbl_.2025-150x150.jpg 150w, https:\/\/garbar.info\/wp-content\/uploads\/2025\/10\/garbar.web_.dgbl_.2025-700x700.jpg 700w\" sizes=\"(max-width: 150px) 100vw, 150px\" \/><\/a><\/div><a class=\"wp-block-latest-posts__post-title\" href=\"https:\/\/garbar.info\/zh\/compartimos-el-reconocimiento-de-nuestro-socio-daniel-garcia-barragan-lopez-como-socio-de-proxima-generacion-en-el-ranking-de-legal-500-2026-para-mexico\/\">Compartimos el reconocimiento de nuestro socio Daniel Garc\u00eda Barrag\u00e1n L\u00f3pez como Socio de Pr\u00f3xima Generaci\u00f3n, en el ranking de Legal 500 2026 para M\u00e9xico<\/a><div class=\"wp-block-latest-posts__post-author\">\u4f5c\u8005\uff1aGarc\u00eda Barrag\u00e1n Abogados<\/div><time datetime=\"2025-10-27T13:06:22-06:00\" class=\"wp-block-latest-posts__post-date\">27 de 10 \u6708 de 2025<\/time><div class=\"wp-block-latest-posts__post-excerpt\">Con gran orgullo y entusiasmo, compartimos que el d\u00eda de ayer nuestra consejera, la licenciada Luc\u00eda Mello Gonz\u00e1lez recibi\u00f3 por parte de la ANIERM, en el marco de\u00a0\u201cThe Logistics World Summit & Expo 2025\u201d, el evento de log\u00edstica m\u00e1s importante de Latinoam\u00e9rica, su certificado del Diplomado de Comercio Exterior y Operaciones Aduaneras, as\u00ed como su certificaci\u00f3n en el Est\u00e1ndar de Competencias Laborales EC0537, avalada por el CONOCER y la SEP; lo que refleja su compromiso y trayectoria en esta \u00e1rea del Derecho.<\/div><\/li>\n<li><div class=\"wp-block-latest-posts__featured-image alignright\"><a href=\"https:\/\/garbar.info\/zh\/compartimos-el-reconocimiento-de-nuestro-socio-fundador-manuel-garcia-barragan-martinez-como-abogado-recomendado-en-el-ranking-de-the-legal-500-2026-para-mexico\/\" aria-label=\"Compartimos el reconocimiento de nuestro socio fundador Manuel Garc\u00eda Barrag\u00e1n Mart\u00ednez como Abogado Recomendado, en el ranking de The Legal 500 2026 para M\u00e9xico\"><img loading=\"lazy\" decoding=\"async\" width=\"150\" height=\"150\" src=\"https:\/\/garbar.info\/wp-content\/uploads\/2025\/10\/garbar.web_.mgbm_.2025-150x150.jpg\" class=\"attachment-thumbnail size-thumbnail wp-post-image\" alt=\"\" style=\"max-width:113px;max-height:113px;\" srcset=\"https:\/\/garbar.info\/wp-content\/uploads\/2025\/10\/garbar.web_.mgbm_.2025-150x150.jpg 150w, https:\/\/garbar.info\/wp-content\/uploads\/2025\/10\/garbar.web_.mgbm_.2025-700x700.jpg 700w\" sizes=\"auto, (max-width: 150px) 100vw, 150px\" \/><\/a><\/div><a class=\"wp-block-latest-posts__post-title\" href=\"https:\/\/garbar.info\/zh\/compartimos-el-reconocimiento-de-nuestro-socio-fundador-manuel-garcia-barragan-martinez-como-abogado-recomendado-en-el-ranking-de-the-legal-500-2026-para-mexico\/\">Compartimos el reconocimiento de nuestro socio fundador Manuel Garc\u00eda Barrag\u00e1n Mart\u00ednez como Abogado Recomendado, en el ranking de The Legal 500 2026 para M\u00e9xico<\/a><div class=\"wp-block-latest-posts__post-author\">\u4f5c\u8005\uff1aGarc\u00eda Barrag\u00e1n Abogados<\/div><time datetime=\"2025-10-27T13:03:40-06:00\" class=\"wp-block-latest-posts__post-date\">27 de 10 \u6708 de 2025<\/time><div class=\"wp-block-latest-posts__post-excerpt\">Con gran orgullo y entusiasmo, compartimos que el d\u00eda de ayer nuestra consejera, la licenciada Luc\u00eda Mello Gonz\u00e1lez recibi\u00f3 por parte de la ANIERM, en el marco de\u00a0\u201cThe Logistics World Summit & Expo 2025\u201d, el evento de log\u00edstica m\u00e1s importante de Latinoam\u00e9rica, su certificado del Diplomado de Comercio Exterior y Operaciones Aduaneras, as\u00ed como su certificaci\u00f3n en el Est\u00e1ndar de Competencias Laborales EC0537, avalada por el CONOCER y la SEP; lo que refleja su compromiso y trayectoria en esta \u00e1rea del Derecho.<\/div><\/li>\n<li><div class=\"wp-block-latest-posts__featured-image alignright\"><a href=\"https:\/\/garbar.info\/zh\/garcia-barragan-abogados-s-c-ha-sido-reconocido-por-legal-500-como-firma-recomendada-y-destacada-en-el-area-de-practica-de-resolucion-de-disputas-arbitraje-en-el-ranking-de-2026-para-mexico\/\" aria-label=\"Garc\u00eda Barrag\u00e1n Abogados, S.C., ha sido reconocido por Legal 500 como Firma recomendada y destacada en el \u00e1rea de pr\u00e1ctica de Resoluci\u00f3n de Disputas: Arbitraje en el ranking de 2026 para M\u00e9xico\"><img loading=\"lazy\" decoding=\"async\" width=\"150\" height=\"150\" src=\"https:\/\/garbar.info\/wp-content\/uploads\/2025\/10\/garbar.web_.gba_.2025-150x150.jpg\" class=\"attachment-thumbnail size-thumbnail wp-post-image\" alt=\"\" style=\"max-width:113px;max-height:113px;\" srcset=\"https:\/\/garbar.info\/wp-content\/uploads\/2025\/10\/garbar.web_.gba_.2025-150x150.jpg 150w, https:\/\/garbar.info\/wp-content\/uploads\/2025\/10\/garbar.web_.gba_.2025-700x700.jpg 700w\" sizes=\"auto, (max-width: 150px) 100vw, 150px\" \/><\/a><\/div><a class=\"wp-block-latest-posts__post-title\" href=\"https:\/\/garbar.info\/zh\/garcia-barragan-abogados-s-c-ha-sido-reconocido-por-legal-500-como-firma-recomendada-y-destacada-en-el-area-de-practica-de-resolucion-de-disputas-arbitraje-en-el-ranking-de-2026-para-mexico\/\">Garc\u00eda Barrag\u00e1n Abogados, S.C., ha sido reconocido por Legal 500 como Firma recomendada y destacada en el \u00e1rea de pr\u00e1ctica de Resoluci\u00f3n de Disputas: Arbitraje en el ranking de 2026 para M\u00e9xico<\/a><div class=\"wp-block-latest-posts__post-author\">\u4f5c\u8005\uff1aGarc\u00eda Barrag\u00e1n Abogados<\/div><time datetime=\"2025-10-27T12:51:54-06:00\" class=\"wp-block-latest-posts__post-date\">27 de 10 \u6708 de 2025<\/time><div class=\"wp-block-latest-posts__post-excerpt\">Con gran orgullo y entusiasmo, compartimos que el d\u00eda de ayer nuestra consejera, la licenciada Luc\u00eda Mello Gonz\u00e1lez recibi\u00f3 por parte de la ANIERM, en el marco de\u00a0\u201cThe Logistics World Summit & Expo 2025\u201d, el evento de log\u00edstica m\u00e1s importante de Latinoam\u00e9rica, su certificado del Diplomado de Comercio Exterior y Operaciones Aduaneras, as\u00ed como su certificaci\u00f3n en el Est\u00e1ndar de Competencias Laborales EC0537, avalada por el CONOCER y la SEP; lo que refleja su compromiso y trayectoria en esta \u00e1rea del Derecho.<\/div><\/li>\n<li><div class=\"wp-block-latest-posts__featured-image alignright\"><a href=\"https:\/\/garbar.info\/zh\/proyecto-de-reforma-a-la-ley-de-amparo\/\" aria-label=\"Proyecto de Reforma a la Ley de Amparo\"><img loading=\"lazy\" decoding=\"async\" width=\"150\" height=\"150\" src=\"https:\/\/garbar.info\/wp-content\/uploads\/2025\/09\/garbar.2025.proyecto.de_.reforma.a.la_.ley_.de_.amparo.news_-150x150.jpg\" class=\"attachment-thumbnail size-thumbnail wp-post-image\" alt=\"\" style=\"max-width:113px;max-height:113px;\" srcset=\"https:\/\/garbar.info\/wp-content\/uploads\/2025\/09\/garbar.2025.proyecto.de_.reforma.a.la_.ley_.de_.amparo.news_-150x150.jpg 150w, https:\/\/garbar.info\/wp-content\/uploads\/2025\/09\/garbar.2025.proyecto.de_.reforma.a.la_.ley_.de_.amparo.news_-700x700.jpg 700w\" sizes=\"auto, (max-width: 150px) 100vw, 150px\" \/><\/a><\/div><a class=\"wp-block-latest-posts__post-title\" href=\"https:\/\/garbar.info\/zh\/proyecto-de-reforma-a-la-ley-de-amparo\/\">Proyecto de Reforma a la Ley de Amparo<\/a><div class=\"wp-block-latest-posts__post-author\">\u4f5c\u8005\uff1aGarc\u00eda Barrag\u00e1n Abogados<\/div><time datetime=\"2025-09-23T17:09:48-06:00\" class=\"wp-block-latest-posts__post-date\">23 de 9 \u6708 de 2025<\/time><div class=\"wp-block-latest-posts__post-excerpt\">Con gran orgullo y entusiasmo, compartimos que el d\u00eda de ayer nuestra consejera, la licenciada Luc\u00eda Mello Gonz\u00e1lez recibi\u00f3 por parte de la ANIERM, en el marco de\u00a0\u201cThe Logistics World Summit & Expo 2025\u201d, el evento de log\u00edstica m\u00e1s importante de Latinoam\u00e9rica, su certificado del Diplomado de Comercio Exterior y Operaciones Aduaneras, as\u00ed como su certificaci\u00f3n en el Est\u00e1ndar de Competencias Laborales EC0537, avalada por el CONOCER y la SEP; lo que refleja su compromiso y trayectoria en esta \u00e1rea del Derecho.<\/div><\/li>\n<li><div class=\"wp-block-latest-posts__featured-image alignright\"><a href=\"https:\/\/garbar.info\/zh\/adriana-lopez-gonzalez-latin-america-guide-en-arbitration-mexico-band-4\/\" aria-label=\"Adriana L\u00f3pez Gonz\u00e1lez Latin America Guide\u00a0en\u00a0Arbitration \u2013 Mexico, Band 4\"><img loading=\"lazy\" decoding=\"async\" width=\"150\" height=\"150\" src=\"https:\/\/garbar.info\/wp-content\/uploads\/2025\/08\/garbar-alg-chambers-intellectual-property-2026-150x150.png\" class=\"attachment-thumbnail size-thumbnail wp-post-image\" alt=\"\" style=\"max-width:113px;max-height:113px;\" srcset=\"https:\/\/garbar.info\/wp-content\/uploads\/2025\/08\/garbar-alg-chambers-intellectual-property-2026-150x150.png 150w, https:\/\/garbar.info\/wp-content\/uploads\/2025\/08\/garbar-alg-chambers-intellectual-property-2026-700x700.png 700w\" sizes=\"auto, (max-width: 150px) 100vw, 150px\" \/><\/a><\/div><a class=\"wp-block-latest-posts__post-title\" href=\"https:\/\/garbar.info\/zh\/adriana-lopez-gonzalez-latin-america-guide-en-arbitration-mexico-band-4\/\">Adriana L\u00f3pez Gonz\u00e1lez Latin America Guide\u00a0en\u00a0Arbitration \u2013 Mexico, Band 4<\/a><div class=\"wp-block-latest-posts__post-author\">\u4f5c\u8005\uff1aGarc\u00eda Barrag\u00e1n Abogados<\/div><time datetime=\"2025-08-26T09:57:03-06:00\" class=\"wp-block-latest-posts__post-date\">26 de 8 \u6708 de 2025<\/time><div class=\"wp-block-latest-posts__post-excerpt\">Con gran orgullo y entusiasmo, compartimos que el d\u00eda de ayer nuestra consejera, la licenciada Luc\u00eda Mello Gonz\u00e1lez recibi\u00f3 por parte de la ANIERM, en el marco de\u00a0\u201cThe Logistics World Summit & Expo 2025\u201d, el evento de log\u00edstica m\u00e1s importante de Latinoam\u00e9rica, su certificado del Diplomado de Comercio Exterior y Operaciones Aduaneras, as\u00ed como su certificaci\u00f3n en el Est\u00e1ndar de Competencias Laborales EC0537, avalada por el CONOCER y la SEP; lo que refleja su compromiso y trayectoria en esta \u00e1rea del Derecho.<\/div><\/li>\n<li><div class=\"wp-block-latest-posts__featured-image alignright\"><a href=\"https:\/\/garbar.info\/zh\/daniel-garcia-barragan-lopez-corporate-ma-highly-regarded-mexico-band-4\/\" aria-label=\"Daniel Garc\u00eda Barrag\u00e1n L\u00f3pez Corporate \/ M&amp;A: Highly Regarded \u2013 Mexico, Band 4\"><img loading=\"lazy\" decoding=\"async\" width=\"150\" height=\"150\" src=\"https:\/\/garbar.info\/wp-content\/uploads\/2025\/08\/garbar-dgbl-chambers-corporate-ma-2026-150x150.png\" class=\"attachment-thumbnail size-thumbnail wp-post-image\" alt=\"\" style=\"max-width:113px;max-height:113px;\" srcset=\"https:\/\/garbar.info\/wp-content\/uploads\/2025\/08\/garbar-dgbl-chambers-corporate-ma-2026-150x150.png 150w, https:\/\/garbar.info\/wp-content\/uploads\/2025\/08\/garbar-dgbl-chambers-corporate-ma-2026-700x700.png 700w\" sizes=\"auto, (max-width: 150px) 100vw, 150px\" \/><\/a><\/div><a class=\"wp-block-latest-posts__post-title\" href=\"https:\/\/garbar.info\/zh\/daniel-garcia-barragan-lopez-corporate-ma-highly-regarded-mexico-band-4\/\">Daniel Garc\u00eda Barrag\u00e1n L\u00f3pez Corporate \/ M&amp;A: Highly Regarded \u2013 Mexico, Band 4<\/a><div class=\"wp-block-latest-posts__post-author\">\u4f5c\u8005\uff1aGarc\u00eda Barrag\u00e1n Abogados<\/div><time datetime=\"2025-08-26T09:45:30-06:00\" class=\"wp-block-latest-posts__post-date\">26 de 8 \u6708 de 2025<\/time><div class=\"wp-block-latest-posts__post-excerpt\">Con gran orgullo y entusiasmo, compartimos que el d\u00eda de ayer nuestra consejera, la licenciada Luc\u00eda Mello Gonz\u00e1lez recibi\u00f3 por parte de la ANIERM, en el marco de\u00a0\u201cThe Logistics World Summit & Expo 2025\u201d, el evento de log\u00edstica m\u00e1s importante de Latinoam\u00e9rica, su certificado del Diplomado de Comercio Exterior y Operaciones Aduaneras, as\u00ed como su certificaci\u00f3n en el Est\u00e1ndar de Competencias Laborales EC0537, avalada por el CONOCER y la SEP; lo que refleja su compromiso y trayectoria en esta \u00e1rea del Derecho.<\/div><\/li>\n<li><div class=\"wp-block-latest-posts__featured-image alignright\"><a href=\"https:\/\/garbar.info\/zh\/daniel-garcia-barragan-lopez-dispute-resolution-civil-commercial-litigation-mexico-band-4\/\" aria-label=\"Daniel Garc\u00eda Barrag\u00e1n L\u00f3pez Dispute Resolution: Civil &amp; Commercial Litigation \u2013 Mexico, Band 4\"><img loading=\"lazy\" decoding=\"async\" width=\"150\" height=\"150\" src=\"https:\/\/garbar.info\/wp-content\/uploads\/2025\/08\/garbar-dgbl-chambers-civil-commercial-2026-150x150.png\" class=\"attachment-thumbnail size-thumbnail wp-post-image\" alt=\"\" style=\"max-width:113px;max-height:113px;\" srcset=\"https:\/\/garbar.info\/wp-content\/uploads\/2025\/08\/garbar-dgbl-chambers-civil-commercial-2026-150x150.png 150w, https:\/\/garbar.info\/wp-content\/uploads\/2025\/08\/garbar-dgbl-chambers-civil-commercial-2026-700x700.png 700w\" sizes=\"auto, (max-width: 150px) 100vw, 150px\" \/><\/a><\/div><a class=\"wp-block-latest-posts__post-title\" href=\"https:\/\/garbar.info\/zh\/daniel-garcia-barragan-lopez-dispute-resolution-civil-commercial-litigation-mexico-band-4\/\">Daniel Garc\u00eda Barrag\u00e1n L\u00f3pez Dispute Resolution: Civil &amp; Commercial Litigation \u2013 Mexico, Band 4<\/a><div class=\"wp-block-latest-posts__post-author\">\u4f5c\u8005\uff1aGarc\u00eda Barrag\u00e1n Abogados<\/div><time datetime=\"2025-08-26T09:39:53-06:00\" class=\"wp-block-latest-posts__post-date\">26 de 8 \u6708 de 2025<\/time><div class=\"wp-block-latest-posts__post-excerpt\">Con gran orgullo y entusiasmo, compartimos que el d\u00eda de ayer nuestra consejera, la licenciada Luc\u00eda Mello Gonz\u00e1lez recibi\u00f3 por parte de la ANIERM, en el marco de\u00a0\u201cThe Logistics World Summit & Expo 2025\u201d, el evento de log\u00edstica m\u00e1s importante de Latinoam\u00e9rica, su certificado del Diplomado de Comercio Exterior y Operaciones Aduaneras, as\u00ed como su certificaci\u00f3n en el Est\u00e1ndar de Competencias Laborales EC0537, avalada por el CONOCER y la SEP; lo que refleja su compromiso y trayectoria en esta \u00e1rea del Derecho.<\/div><\/li>\n<\/ul><\/div>\n<\/aside><aside id=\"block-8\" class=\"widget inner-padding widget_block\">\n<div style=\"height:49px\" aria-hidden=\"true\" class=\"wp-block-spacer\"><\/div>\n<\/aside><aside id=\"nav_menu-3\" class=\"widget inner-padding widget_nav_menu\"><div class=\"menu-garbar-menu-container\"><ul id=\"menu-garbar-menu\" class=\"menu\"><li id=\"menu-item-516\" class=\"menu-item menu-item-type-post_type menu-item-object-page menu-item-516\"><a href=\"https:\/\/garbar.info\/zh\/acerca-de\/\">\u5173\u4e8e\u6211\u4eec<\/a><\/li>\n<li id=\"menu-item-501\" class=\"menu-item menu-item-type-post_type menu-item-object-page menu-item-501\"><a href=\"https:\/\/garbar.info\/zh\/areas-de-practica\/\">\u5b9e\u8df5\u9886\u57df<\/a><\/li>\n<li id=\"menu-item-502\" class=\"menu-item menu-item-type-post_type menu-item-object-page menu-item-502\"><a href=\"https:\/\/garbar.info\/zh\/equipo\/\">\u56e2\u961f<\/a><\/li>\n<li id=\"menu-item-503\" class=\"menu-item menu-item-type-post_type menu-item-object-page menu-item-503\"><a href=\"https:\/\/garbar.info\/zh\/noticias\/\">\u6d88\u606f<\/a><\/li>\n<li id=\"menu-item-559\" class=\"menu-item menu-item-type-post_type menu-item-object-page menu-item-559\"><a href=\"https:\/\/garbar.info\/zh\/contacto\/\">\u63a5\u89e6<\/a><\/li>\n<\/ul><\/div><\/aside>\t\t\t\t<\/div>\n\t\t\t\t<\/div>\n\t\t\t\t\t<\/div>\n\t\t<\/div>\n\t\t\t\t\t<\/div>\n\t\t<\/section>\n\t\t\t\t<\/div>","protected":false},"excerpt":{"rendered":"<p>Regulatorio Seguimiento a la regulaci\u00f3n de cannabis en M\u00e9xico. Alimentos, Suplementos Alimenticios, Bebidas no Alcoh\u00f3licas y Bebidas Alcoh\u00f3licas. SUMARIO: I. Antecedentes. II. Jurisprudencia. III. Lineamientos en Materia de Control Sanitario de la Cannabis y Derivados de la Misma. IV. Proyecto de Decreto por el que se expide la Ley General para Regulaci\u00f3n y Control de &#8230; <a title=\"\u76d1\u6d4b\u58a8\u897f\u54e5\u5bf9\u5927\u9ebb\u7684\u76d1\u7ba1\u3002\u98df\u54c1\u3001\u81b3\u98df\u8865\u5145\u5242\u3001\u975e\u9152\u7cbe\u996e\u6599\u548c\u9152\u7cbe\u996e\u6599\u3002\" class=\"read-more\" href=\"https:\/\/garbar.info\/zh\/seguimiento-a-la-regulacion-de-cannabis-en-mexico-alimentos-suplementos-alimenticios-bebidas-no-alcoholicas-y-bebidas-alcoholicas\/\" aria-label=\"\u9605\u8bfb Seguimiento a la regulaci\u00f3n de cannabis en M\u00e9xico. Alimentos, Suplementos Alimenticios, Bebidas no Alcoh\u00f3licas y Bebidas Alcoh\u00f3licas.\">\u9605\u8bfb\u66f4\u591a<\/a><\/p>","protected":false},"author":1,"featured_media":780,"comment_status":"open","ping_status":"open","sticky":false,"template":"elementor_header_footer","format":"standard","meta":{"inline_featured_image":false,"footnotes":""},"categories":[60],"tags":[],"class_list":["post-451","post","type-post","status-publish","format-standard","has-post-thumbnail","hentry","category-regulatorio"],"_links":{"self":[{"href":"https:\/\/garbar.info\/zh\/wp-json\/wp\/v2\/posts\/451","targetHints":{"allow":["GET"]}}],"collection":[{"href":"https:\/\/garbar.info\/zh\/wp-json\/wp\/v2\/posts"}],"about":[{"href":"https:\/\/garbar.info\/zh\/wp-json\/wp\/v2\/types\/post"}],"author":[{"embeddable":true,"href":"https:\/\/garbar.info\/zh\/wp-json\/wp\/v2\/users\/1"}],"replies":[{"embeddable":true,"href":"https:\/\/garbar.info\/zh\/wp-json\/wp\/v2\/comments?post=451"}],"version-history":[{"count":28,"href":"https:\/\/garbar.info\/zh\/wp-json\/wp\/v2\/posts\/451\/revisions"}],"predecessor-version":[{"id":802,"href":"https:\/\/garbar.info\/zh\/wp-json\/wp\/v2\/posts\/451\/revisions\/802"}],"wp:featuredmedia":[{"embeddable":true,"href":"https:\/\/garbar.info\/zh\/wp-json\/wp\/v2\/media\/780"}],"wp:attachment":[{"href":"https:\/\/garbar.info\/zh\/wp-json\/wp\/v2\/media?parent=451"}],"wp:term":[{"taxonomy":"category","embeddable":true,"href":"https:\/\/garbar.info\/zh\/wp-json\/wp\/v2\/categories?post=451"},{"taxonomy":"post_tag","embeddable":true,"href":"https:\/\/garbar.info\/zh\/wp-json\/wp\/v2\/tags?post=451"}],"curies":[{"name":"wp","href":"https:\/\/api.w.org\/{rel}","templated":true}]}}