{"id":1409,"date":"2025-08-05T08:58:15","date_gmt":"2025-08-05T14:58:15","guid":{"rendered":"https:\/\/garbar.info\/?p=1409"},"modified":"2025-08-05T09:00:03","modified_gmt":"2025-08-05T15:00:03","slug":"nueva-ley-en-materia-de-telecomunicaciones-y-radiodifusion","status":"publish","type":"post","link":"https:\/\/garbar.info\/zh\/nueva-ley-en-materia-de-telecomunicaciones-y-radiodifusion\/","title":{"rendered":"Nueva Ley en Materia de Telecomunicaciones y Radiodifusi\u00f3n"},"content":{"rendered":"<div data-elementor-type=\"wp-post\" data-elementor-id=\"1409\" class=\"elementor elementor-1409\" data-elementor-post-type=\"post\">\n\t\t\t\t\t\t<section class=\"elementor-section elementor-top-section elementor-element elementor-element-8fd0310 elementor-section-boxed elementor-section-height-default elementor-section-height-default\" data-id=\"8fd0310\" data-element_type=\"section\" data-settings=\"{&quot;background_background&quot;:&quot;classic&quot;}\">\n\t\t\t\t\t\t<div class=\"elementor-container elementor-column-gap-default\">\n\t\t\t\t\t<div class=\"elementor-column elementor-col-50 elementor-top-column elementor-element elementor-element-0f328b8\" data-id=\"0f328b8\" data-element_type=\"column\">\n\t\t\t<div class=\"elementor-widget-wrap elementor-element-populated\">\n\t\t\t\t\t\t<div class=\"elementor-element elementor-element-d3842a5 elementor-widget elementor-widget-heading\" data-id=\"d3842a5\" data-element_type=\"widget\" data-widget_type=\"heading.default\">\n\t\t\t\t<div class=\"elementor-widget-container\">\n\t\t\t\t\t<h2 class=\"elementor-heading-title elementor-size-default\">\u7535\u4fe1<\/h2>\t\t\t\t<\/div>\n\t\t\t\t<\/div>\n\t\t\t\t<div class=\"elementor-element elementor-element-74ab396 elementor-widget elementor-widget-image\" data-id=\"74ab396\" data-element_type=\"widget\" data-widget_type=\"image.default\">\n\t\t\t\t<div class=\"elementor-widget-container\">\n\t\t\t\t\t\t\t\t\t\t\t\t\t\t\t<img loading=\"lazy\" decoding=\"async\" width=\"1024\" height=\"562\" src=\"https:\/\/garbar.info\/wp-content\/uploads\/2025\/08\/garbar.2025.nueva_.ley_.de_.telecomunicaciones.y.radiodifusion.news_-1024x562.jpg\" class=\"attachment-large size-large wp-image-1410\" alt=\"\" srcset=\"https:\/\/garbar.info\/wp-content\/uploads\/2025\/08\/garbar.2025.nueva_.ley_.de_.telecomunicaciones.y.radiodifusion.news_-1024x562.jpg 1024w, https:\/\/garbar.info\/wp-content\/uploads\/2025\/08\/garbar.2025.nueva_.ley_.de_.telecomunicaciones.y.radiodifusion.news_-300x165.jpg 300w, https:\/\/garbar.info\/wp-content\/uploads\/2025\/08\/garbar.2025.nueva_.ley_.de_.telecomunicaciones.y.radiodifusion.news_-768x421.jpg 768w, https:\/\/garbar.info\/wp-content\/uploads\/2025\/08\/garbar.2025.nueva_.ley_.de_.telecomunicaciones.y.radiodifusion.news_-1536x842.jpg 1536w, https:\/\/garbar.info\/wp-content\/uploads\/2025\/08\/garbar.2025.nueva_.ley_.de_.telecomunicaciones.y.radiodifusion.news_-18x10.jpg 18w, https:\/\/garbar.info\/wp-content\/uploads\/2025\/08\/garbar.2025.nueva_.ley_.de_.telecomunicaciones.y.radiodifusion.news_.jpg 1920w\" sizes=\"(max-width: 1024px) 100vw, 1024px\" \/>\t\t\t\t\t\t\t\t\t\t\t\t\t\t\t<\/div>\n\t\t\t\t<\/div>\n\t\t\t\t<div class=\"elementor-element elementor-element-b85d41d elementor-widget elementor-widget-heading\" data-id=\"b85d41d\" data-element_type=\"widget\" data-widget_type=\"heading.default\">\n\t\t\t\t<div class=\"elementor-widget-container\">\n\t\t\t\t\t<h1 class=\"elementor-heading-title elementor-size-default\">Nueva Ley en Materia de Telecomunicaciones y Radiodifusi\u00f3n\n<\/h1>\t\t\t\t<\/div>\n\t\t\t\t<\/div>\n\t\t\t\t<div class=\"elementor-element elementor-element-ee35502 elementor-widget elementor-widget-text-editor\" data-id=\"ee35502\" data-element_type=\"widget\" data-widget_type=\"text-editor.default\">\n\t\t\t\t<div class=\"elementor-widget-container\">\n\t\t\t\t\t\t\t\t\t<p class=\"p1\"><span class=\"s1\">La nueva \u201cLey en Materia de Telecomunicaciones y Radiodifusi\u00f3n\u201d, publicada en el Diario Oficial de la Federaci\u00f3n (DOF) el 16 de julio de 2025, trae consigo nuevos aspectos relevantes en comparaci\u00f3n con la anterior \u201cLey Federal de Telecomunicaciones y Radiodifusi\u00f3n\u201d, aspectos que en el presente trabajo se analizan. <\/span><\/p><ol class=\"ol1\"><li class=\"li3\"><b><\/b><span class=\"s1\"><b>T\u00c9RMINOS CLAVE <\/b><\/span><\/li><\/ol><ul class=\"ul1\"><li class=\"li3\"><span class=\"s1\"><b>Agencia: <\/b>Agencia de Transformaci\u00f3n Digital y Telecomunicaciones;<\/span><\/li><li class=\"li3\"><span class=\"s1\"><b>Audiencias: <\/b>Personas titulares de derechos que perciben y consumen contenidos de audio o audiovisuales provistos a trav\u00e9s del Servicio de Radiodifusi\u00f3n y del Servicio de Televisi\u00f3n y Audio Restringidos, seg\u00fan corresponda;<\/span><\/li><li class=\"li3\"><span class=\"s1\"><b>Comercializadora: <\/b>Toda persona que proporciona servicios de telecomunicaciones a usuarios finales mediante el uso de capacidad de una o varias redes p\u00fablicas de telecomunicaciones sin tener el car\u00e1cter de concesionario en los t\u00e9rminos de esta Ley;<\/span><\/li><li class=\"li3\"><span class=\"s1\"><b>Comisi\u00f3n: <\/b>Comisi\u00f3n Reguladora de Telecomunicaciones; <\/span><\/li><li class=\"li3\"><span class=\"s1\"><b>Desbloqueo: <\/b>Eliminaci\u00f3n de la restricci\u00f3n t\u00e9cnica con la que cuentan los Equipos Terminales M\u00f3viles para que puedan ser utilizados en cualquier red de telecomunicaciones t\u00e9cnicamente compatible;<\/span><\/li><li class=\"li3\"><span class=\"s1\"><b>Ley:<\/b> Ley en Materia de Telecomunicaciones y Radiodifusi\u00f3n, y <\/span><\/li><li class=\"li3\"><span class=\"s1\"><b>Usuario final: <\/b>Persona f\u00edsica o moral que utiliza un servicio de telecomunicaciones como destinatario final. <\/span><\/li><\/ul><ol class=\"ol1\"><li class=\"li3\"><b><\/b><span class=\"s1\"><b>NUEVAS AUTORIDADES<\/b><\/span><\/li><\/ol><p class=\"p1\"><span class=\"s1\">Uno de los cambios m\u00e1s significativos es la nueva estructura org\u00e1nica en materia de Telecomunicaciones y Radiodifusi\u00f3n. <\/span><\/p><p class=\"p1\"><span class=\"s1\">La Ley prev\u00e9 la creaci\u00f3n de las siguientes autoridades: <\/span><\/p><ol class=\"ol2\"><li class=\"li3\"><b><\/b><span class=\"s1\"><b>Agencia de Transformaci\u00f3n Digital y Telecomunicaciones (ATDT) <\/b><\/span><\/li><\/ol><p class=\"p1\"><span class=\"s1\">La ATDT es una nueva Secretar\u00eda de Estado, es decir, una dependencia de la Administraci\u00f3n P\u00fablica Federal, a diferencia de su antecesor el IFT, el cual contaba con una naturaleza de \u00f3rgano constitucionalmente aut\u00f3nomo (OCA). <\/span><\/p><p class=\"p1\"><span class=\"s1\">La ATDT es quien se encargar\u00e1 de la elaboraci\u00f3n y conducci\u00f3n de las pol\u00edticas de telecomunicaciones, satelital y de radiodifusi\u00f3n del Gobierno Federal. Deber\u00e1 coordinarse con la Comisi\u00f3n Reguladora de Telecomunicaciones (CRT) para promover, en el \u00e1mbito de sus respectivas atribuciones, el acceso a las tecnolog\u00edas de la informaci\u00f3n y comunicaci\u00f3n y a los servicios de telecomunicaciones y radiodifusi\u00f3n, incluido el de banda ancha e Internet. <\/span><\/p><ol class=\"ol2\"><li class=\"li3\"><b><\/b><span class=\"s1\"><b>Comisi\u00f3n Reguladora de Telecomunicaciones (CRT) <\/b><\/span><\/li><\/ol><p class=\"p1\"><span class=\"s1\">Es un \u00f3rgano desconcentrado de la Agencia, con independencia t\u00e9cnica, operativa y de gesti\u00f3n, cuyo objeto es garantizar el desarrollo eficiente de las telecomunicaciones y la radiodifusi\u00f3n.<\/span><\/p><p class=\"p1\"><span class=\"s1\">Dentro de las facultades de la Comisi\u00f3n se destacan las siguientes: <\/span><\/p><ul class=\"ul1\"><li class=\"li3\"><span class=\"s1\">Emitir disposiciones administrativas, Normas Oficiales Mexicanas (NOM), as\u00ed como los lineamientos necesarios para la regulaci\u00f3n de las telecomunicaciones y radiodifusiones; <\/span><\/li><li class=\"li3\"><span class=\"s1\">Otorgar y revocar concesiones y autorizaciones;<\/span><\/li><li class=\"li3\"><span class=\"s1\">Llevar a cabo procesos de licitaci\u00f3n;<span class=\"Apple-converted-space\">\u00a0 \u00a0<\/span><\/span><\/li><li class=\"li3\"><span class=\"s1\">Autorizar, registrar y publicar las tarifas de los servicios de telecomunicaciones y de radiodifusi\u00f3n; <\/span><\/li><li class=\"li3\"><span class=\"s1\">Imponer sanciones por infracciones a las disposiciones legales en la materia; <\/span><\/li><\/ul><p class=\"p1\"><span class=\"s1\">Cuenta con un Pleno, que es el \u00f3rgano m\u00e1ximo de gobierno y decisi\u00f3n, integrado por 5 miembros, los cuales ser\u00e1n nombrados por el Ejecutivo y ratificados por el Senado. Los comisionados durar\u00e1n en su encargo 7 a\u00f1os improrrogables y no podr\u00e1n volver a desempe\u00f1ar el cargo, a diferencia de su presidente, quien durar\u00e1 en su encargo 3 a\u00f1os, prorrogables por una sola ocasi\u00f3n. <\/span><\/p><p class=\"p1\"><span class=\"s1\">La reforma establece la extinci\u00f3n del IFT y la creaci\u00f3n de la CRT, transfiriendo a esta \u00faltima todas las funciones, derechos, obligaciones, recursos materiales, financieros y humanos del IFT. El proceso de transici\u00f3n se activa al d\u00eda siguiente de que se integre el Pleno de la CRT, momento en el cual se abroga la Ley Federal de Telecomunicaciones y Radiodifusi\u00f3n vigente. Durante la transici\u00f3n, el IFT continuar\u00e1 en funciones hasta que la CRT est\u00e9 plenamente conformada.<\/span><\/p><p class=\"p1\"><span class=\"s1\"><b>\u00a0\u00a0<\/b><\/span><\/p><ol class=\"ol1\"><li class=\"li3\"><b><\/b><span class=\"s1\"><b>R\u00c9GIMEN DE CONCESIONES Y AUTORIZACIONES <\/b><\/span><\/li><\/ol><p class=\"p1\"><span class=\"s1\">Se mantiene la necesidad de solicitar la concesi\u00f3n \u00fanica para prestar todo tipo de servicios p\u00fablicos de telecomunicaciones y radiodifusi\u00f3n. Esta puede ser para uso comercial, para uso p\u00fablico, para uso privado o para uso social. La vigencia de estas concesiones ser\u00e1 por un plazo de hasta 30 a\u00f1os y podr\u00e1 ser prorrogada.<\/span><\/p><p class=\"p6\"><span class=\"s1\">\u200d<\/span><\/p><p class=\"p1\"><span class=\"s1\">Respecto a las concesiones sobre el espectro radioel\u00e9ctrico y de recursos orbitales, estas son otorgadas por la CRT para usar, aprovechar o explotar bandas de frecuencias del espectro radioel\u00e9ctrico o recursos orbitales. De igual forma, estas concesiones pueden ser para uso comercial, p\u00fablico, privado o social. La vigencia ser\u00e1 de hasta 20 a\u00f1os y podr\u00e1 ser prorrogada.<\/span><\/p><p class=\"p6\"><span class=\"s1\">\u200d<\/span><\/p><p class=\"p1\"><span class=\"s1\">Se mantiene el r\u00e9gimen de autorizaciones; sin embargo, se agregan algunos supuestos que requerir\u00e1n solicitar autorizaci\u00f3n a la CRT. Ser\u00e1 necesario obtener dicha autorizaci\u00f3n para utilizar bandas del espectro con fines de experimentaci\u00f3n, comprobaci\u00f3n de viabilidad t\u00e9cnica y econ\u00f3mica, as\u00ed como para su uso secundario en eventos espec\u00edficos o en instalaciones destinadas a actividades comerciales o industriales, entre otros supuestos. <\/span><\/p><ol class=\"ol1\"><li class=\"li3\"><b><\/b><span class=\"s1\"><b>DERECHOS DE LAS AUDIENCIAS Y LOS USUARIOS FINALES <\/b><\/span><\/li><\/ol><p class=\"p1\"><span class=\"s1\">La Ley incorpora el concepto de \u201cAudiencias\u201d; sin embargo, este no debe confundirse con \u201cUsuarios finales\u201d, ya que a cada uno le corresponden derechos espec\u00edficos, dentro de los que destacan: <\/span><\/p><p class=\"p1\"><span class=\"s1\">Derechos de las Audiencias: <\/span><\/p><ul class=\"ul1\"><li class=\"li3\"><span class=\"s1\">Derecho a recibir contenidos que reflejen el pluralismo ideol\u00f3gico, pol\u00edtico, social y cultural, <\/span><\/li><li class=\"li3\"><span class=\"s1\">Que se aporten elementos que permitan distinguir entre contenidos publicitarios y contenidos editoriales;\u00a0<\/span><\/li><li class=\"li3\"><span class=\"s1\">Respeto en los horarios de los programas y que se avise de los cambios a los mismos;\u00a0<\/span><\/li><li class=\"li3\"><span class=\"s1\">Obligaci\u00f3n de los concesionarios, en relaci\u00f3n con el derecho de r\u00e9plica, de dejar en claro cu\u00e1ndo se trata de una opini\u00f3n y cu\u00e1ndo de informaci\u00f3n noticiosa. <\/span><\/li><\/ul><p class=\"p1\"><span class=\"s1\">Derechos de los Usuarios finales: <\/span><\/p><ul class=\"ul1\"><li class=\"li3\"><span class=\"s1\">Compra de tiempo aire o recarga de saldo sin restricciones; <\/span><\/li><li class=\"li3\"><span class=\"s1\">Elegir libremente su proveedor de servicios; <\/span><\/li><li class=\"li3\"><span class=\"s1\">Desbloqueo obligatorio de los equipos m\u00f3viles (prepago o pospago) desde el momento de su adquisici\u00f3n, sin tr\u00e1mites o solicitudes adicionales;\u00a0<\/span><\/li><li class=\"li3\"><span class=\"s1\">Poder realizar llamadas gratuitas al n\u00famero de atenci\u00f3n ciudadana que defina el Ejecutivo; <\/span><\/li><li class=\"li3\"><span class=\"s1\">Otorgar su consentimiento expreso para la contrataci\u00f3n o cobro de servicios adicionales no incluidos originalmente, con la posibilidad de cancelar en cualquier momento; <\/span><\/li><li class=\"li3\"><span class=\"s1\">Aviso con al menos 30 d\u00edas de anticipaci\u00f3n para cualquier modificaci\u00f3n contractual, otorgando al usuario el derecho de aceptar, rescindir o exigir el cumplimiento forzoso. <\/span><\/li><\/ul><p class=\"p1\"><span class=\"s1\">Finalmente, se ampl\u00edan las medidas obligatorias de accesibilidad, obligando a concesionarios y a autorizados a garantizar funcionalidades accesibles para personas con discapacidad motriz, visual o auditiva, tanto en los equipos terminales comercializados como en las aplicaciones precargadas en los mismos. <\/span><\/p><ol class=\"ol1\"><li class=\"li3\"><b><\/b><span class=\"s1\"><b>DESBLOQUEO DE EQUIPOS <\/b><\/span><\/li><\/ol><p class=\"p1\"><span class=\"s1\">La ley se\u00f1ala que los concesionarios y autorizados deber\u00e1n entregar los equipos m\u00f3viles desbloqueados, tanto en prepago como en pospago. La Comisi\u00f3n (CRT) ser\u00e1 quien emita los lineamientos para que los concesionarios y autorizados cumplan con esta obligaci\u00f3n. <\/span><\/p><p class=\"p1\"><span class=\"s1\">Un aspecto importante es la \u00faltima parte del art\u00edculo 273 que regula el \u201cdesbloqueo\u201d, el cual se\u00f1ala que la CRT ser\u00e1 quien se encargue de emitir los lineamientos para que los concesionarios y autorizados puedan cumplir con esta obligaci\u00f3n. No obstante, a la fecha los lineamientos a\u00fan no han sido emitidos, por lo que, atendiendo al transitorio vig\u00e9simo octavo de la ley, nos dice que, en tanto no se emitan los lineamientos a los que la ley hace referencia, se seguir\u00e1n aplicando los vigentes en lo que no contravengan a la misma. <\/span><\/p><p class=\"p1\"><span class=\"s1\">Los \u00fanicos lineamientos vigentes que regulan el desbloqueo de m\u00f3viles son los \u201cLineamientos para el desbloqueo de Equipos Terminales M\u00f3viles que deben observar los prestadores del Servicio M\u00f3vil\u201d, publicados en el DOF el 29 de noviembre de 2023 por el IFT. Sin embargo, dichos lineamientos a\u00fan prev\u00e9n el bloqueo de los m\u00f3viles, por lo que se puede inferir que contravienen la presente ley, y en su caso no resultan aplicables. <\/span><\/p><p class=\"p1\"><span class=\"s1\">Dentro de los transitorios se se\u00f1ala que la CRT cuenta con un plazo de 120 d\u00edas h\u00e1biles a partir de la entrada en vigor de la presente ley, para emitir los lineamientos en relaci\u00f3n con las l\u00edneas de servicio m\u00f3vil. Transcurridos 120 d\u00edas h\u00e1biles a la emisi\u00f3n de dichos lineamientos, toda l\u00ednea que no se encuentre asociada a un usuario final identificado ser\u00e1 suspendida, y solo podr\u00e1 realizar llamadas a n\u00fameros de emergencia y atenci\u00f3n ciudadana.<\/span><\/p><p class=\"p1\"><span class=\"s1\">De igual importancia es el transitorio vig\u00e9simo cuarto, el cual establece que la obligaci\u00f3n de desbloqueo no aplica retroactivamente a los contratos previamente celebrados.<\/span><\/p><p class=\"p1\"><span class=\"s1\">En conclusi\u00f3n, para ver c\u00f3mo deben operar las prestadoras de Servicios M\u00f3viles, hay que esperar a que la Comisi\u00f3n emita los lineamientos correspondientes. Esto siendo \u00fanicamente aplicable a los nuevos equipos m\u00f3viles que hayan de ser entregados, ya que la presente ley no obliga retroactivamente a desbloquear aquellos equipos m\u00f3viles que se encuentren sujetos a un contrato celebrado previo a la entrada en vigor de esta ley; en esos casos, el desbloqueo se llevar\u00e1 a cabo cuando se haya liquidado el costo del equipo. <\/span><\/p><ol class=\"ol1\"><li class=\"li3\"><b><\/b><span class=\"s1\"><b>NUEVAS OBLIGACIONES PARA CONCESIONARIOS DE TELECOMUNICACIONES <\/b><\/span><\/li><\/ol><ol class=\"ol2\"><li class=\"li3\"><span class=\"s1\">Registro de Usuarios: La ATDT expedir\u00e1 lineamientos para el registro de usuarios de servicios m\u00f3viles, que estar\u00e1 a cargo de los concesionarios y autorizados. Las autoridades en materia de seguridad y justicia podr\u00e1n acceder a dicho registro. <\/span><\/li><li class=\"li3\"><span class=\"s1\">Desbloqueo de equipos: Los concesionarios y autorizados deber\u00e1n entregar los equipos m\u00f3viles desbloqueados tanto en prepago como en pospago. <\/span><\/li><li class=\"li3\"><span class=\"s1\">Proveer ciertos servicios sin costo: Los concesionarios deber\u00e1n prestar sin costo para sus usuarios finales, servicios de alertamiento y notificaci\u00f3n; de consulta, navegaci\u00f3n, carga y descarga en los sitios, aplicaciones y plataformas de los Entes P\u00fablicos, as\u00ed como servicios de llamadas a n\u00fameros de emergencia y atenci\u00f3n ciudadana. <\/span><\/li><li class=\"li3\"><span class=\"s1\">Abstenciones en cuestiones de exclusividad: Los concesionarios deber\u00e1n abstenerse de celebrar acuerdos de exclusividad para limitar el acceso de los usuarios a la compra de cualquier equipo terminal, y de aquellos contratos de exclusividad para puntos de venta y de distribuci\u00f3n, incluyendo compra de tiempo aire o saldo. <\/span><\/li><\/ol><ol class=\"ol1\"><li class=\"li3\"><b><\/b><span class=\"s1\"><b>SANCIONES <\/b><\/span><\/li><\/ol><p class=\"p1\"><span class=\"s1\">La Ley se\u00f1ala a nuevas entidades a las cuales se les puede sancionar. Adicionalmente a los concesionarios y autorizados, ahora tambi\u00e9n se puede sancionar a registratarios, proveedores de infraestructura pasiva y Plataformas Digitales. <\/span><\/p><p class=\"p1\"><span class=\"s1\">Las sanciones oscilan del 0.01% hasta el 10% de los ingresos anuales del infractor. En casos de reincidencia se puede imponer hasta el doble de multas. <\/span><\/p><p class=\"p1\"><span class=\"s1\">En el caso espec\u00edfico de omisi\u00f3n al desbloqueo de equipos, la sanci\u00f3n prevista oscila entre el 0.01% y el 0.75% de los ingresos anuales del infractor. <\/span><\/p><p class=\"p1\"><span class=\"s1\">En caso de requerir mayor informaci\u00f3n, no dude en ponerse en contacto con nuestro equipo.<\/span><\/p><p class=\"p1\"><span class=\"s1\">Contacto:<\/span><\/p><p class=\"p1\"><span class=\"s1\">Lic. Edgar Ru\u00edz Pati\u00f1o<\/span><\/p><p class=\"p8\"><span class=\"s3\"><a href=\"mailto:eruiz@garbar.mx\">eruiz@garbar.mx<\/a><\/span><\/p><p class=\"p1\"><span class=\"s1\">Lic. Daniel Garc\u00eda Barrag\u00e1n L.<\/span><\/p><p class=\"p1\"><a href=\"mailto:danielgb@garbar.mx\"><span class=\"s1\">danielgb@garbar.mx<\/span><\/a><\/p>\t\t\t\t\t\t\t\t<\/div>\n\t\t\t\t<\/div>\n\t\t\t\t\t<\/div>\n\t\t<\/div>\n\t\t\t\t<div class=\"elementor-column elementor-col-50 elementor-top-column elementor-element elementor-element-4b1b38c\" data-id=\"4b1b38c\" data-element_type=\"column\">\n\t\t\t<div class=\"elementor-widget-wrap elementor-element-populated\">\n\t\t\t\t\t\t<div class=\"elementor-element elementor-element-51f16d6 elementor-widget elementor-widget-spacer\" data-id=\"51f16d6\" data-element_type=\"widget\" data-widget_type=\"spacer.default\">\n\t\t\t\t<div class=\"elementor-widget-container\">\n\t\t\t\t\t\t\t<div class=\"elementor-spacer\">\n\t\t\t<div class=\"elementor-spacer-inner\"><\/div>\n\t\t<\/div>\n\t\t\t\t\t\t<\/div>\n\t\t\t\t<\/div>\n\t\t\t\t<div class=\"elementor-element elementor-element-05cf4ec elementor-widget elementor-widget-sidebar\" data-id=\"05cf4ec\" data-element_type=\"widget\" data-widget_type=\"sidebar.default\">\n\t\t\t\t<div class=\"elementor-widget-container\">\n\t\t\t\t\t<aside id=\"block-3\" class=\"widget inner-padding widget_block\">\n<div class=\"wp-block-group is-layout-constrained wp-block-group-is-layout-constrained\"><ul style=\"font-size:13px;\" class=\"wp-block-latest-posts__list has-dates has-author wp-block-latest-posts\"><li><div class=\"wp-block-latest-posts__featured-image alignright\"><a href=\"https:\/\/garbar.info\/zh\/chambers-and-partners-2026-ha-reconocido-a-nuestro-socio-daniel-garcia-barragan-l\/\" aria-label=\"Chambers and Partners 2026 ha reconocido a nuestro socio Daniel Garc\u00eda Barrag\u00e1n L.\"><img loading=\"lazy\" decoding=\"async\" width=\"150\" height=\"150\" src=\"https:\/\/garbar.info\/wp-content\/uploads\/2026\/02\/garbar-dgbl-chambers-2026-all-150x150.jpg\" class=\"attachment-thumbnail size-thumbnail wp-post-image\" alt=\"\" style=\"max-width:113px;max-height:113px;\" srcset=\"https:\/\/garbar.info\/wp-content\/uploads\/2026\/02\/garbar-dgbl-chambers-2026-all-150x150.jpg 150w, https:\/\/garbar.info\/wp-content\/uploads\/2026\/02\/garbar-dgbl-chambers-2026-all-700x700.jpg 700w\" sizes=\"(max-width: 150px) 100vw, 150px\" \/><\/a><\/div><a class=\"wp-block-latest-posts__post-title\" href=\"https:\/\/garbar.info\/zh\/chambers-and-partners-2026-ha-reconocido-a-nuestro-socio-daniel-garcia-barragan-l\/\">Chambers and Partners 2026 ha reconocido a nuestro socio Daniel Garc\u00eda Barrag\u00e1n L.<\/a><div class=\"wp-block-latest-posts__post-author\">\u4f5c\u8005\uff1aGarc\u00eda Barrag\u00e1n Abogados<\/div><time datetime=\"2026-02-18T12:45:12-06:00\" class=\"wp-block-latest-posts__post-date\">18 de 2 \u6708 de 2026<\/time><div class=\"wp-block-latest-posts__post-excerpt\">Con gran orgullo y entusiasmo, compartimos que el d\u00eda de ayer nuestra consejera, la licenciada Luc\u00eda Mello Gonz\u00e1lez recibi\u00f3 por parte de la ANIERM, en el marco de\u00a0\u201cThe Logistics World Summit & Expo 2025\u201d, el evento de log\u00edstica m\u00e1s importante de Latinoam\u00e9rica, su certificado del Diplomado de Comercio Exterior y Operaciones Aduaneras, as\u00ed como su certificaci\u00f3n en el Est\u00e1ndar de Competencias Laborales EC0537, avalada por el CONOCER y la SEP; lo que refleja su compromiso y trayectoria en esta \u00e1rea del Derecho.<\/div><\/li>\n<li><div class=\"wp-block-latest-posts__featured-image alignright\"><a href=\"https:\/\/garbar.info\/zh\/analisis-al-decreto-por-el-que-se-reforman-y-adicionan-disposiciones-a-la-ley-de-amparo\/\" aria-label=\"\u00a0An\u00e1lisis al Decreto por el que se reforman y adicionan disposiciones a la Ley de Amparo\"><img loading=\"lazy\" decoding=\"async\" width=\"150\" height=\"150\" src=\"https:\/\/garbar.info\/wp-content\/uploads\/2025\/11\/garbar.2025.analisis.ley_.amparo.news_-150x150.jpg\" class=\"attachment-thumbnail size-thumbnail wp-post-image\" alt=\"\" style=\"max-width:113px;max-height:113px;\" srcset=\"https:\/\/garbar.info\/wp-content\/uploads\/2025\/11\/garbar.2025.analisis.ley_.amparo.news_-150x150.jpg 150w, https:\/\/garbar.info\/wp-content\/uploads\/2025\/11\/garbar.2025.analisis.ley_.amparo.news_-700x700.jpg 700w\" sizes=\"(max-width: 150px) 100vw, 150px\" \/><\/a><\/div><a class=\"wp-block-latest-posts__post-title\" href=\"https:\/\/garbar.info\/zh\/analisis-al-decreto-por-el-que-se-reforman-y-adicionan-disposiciones-a-la-ley-de-amparo\/\">\u00a0An\u00e1lisis al Decreto por el que se reforman y adicionan disposiciones a la Ley de Amparo<\/a><div class=\"wp-block-latest-posts__post-author\">\u4f5c\u8005\uff1aGarc\u00eda Barrag\u00e1n Abogados<\/div><time datetime=\"2025-11-05T11:47:30-06:00\" class=\"wp-block-latest-posts__post-date\">5 de 11 \u6708 de 2025<\/time><div class=\"wp-block-latest-posts__post-excerpt\">Con gran orgullo y entusiasmo, compartimos que el d\u00eda de ayer nuestra consejera, la licenciada Luc\u00eda Mello Gonz\u00e1lez recibi\u00f3 por parte de la ANIERM, en el marco de\u00a0\u201cThe Logistics World Summit & Expo 2025\u201d, el evento de log\u00edstica m\u00e1s importante de Latinoam\u00e9rica, su certificado del Diplomado de Comercio Exterior y Operaciones Aduaneras, as\u00ed como su certificaci\u00f3n en el Est\u00e1ndar de Competencias Laborales EC0537, avalada por el CONOCER y la SEP; lo que refleja su compromiso y trayectoria en esta \u00e1rea del Derecho.<\/div><\/li>\n<li><div class=\"wp-block-latest-posts__featured-image alignright\"><a href=\"https:\/\/garbar.info\/zh\/compartimos-el-reconocimiento-de-nuestro-socio-daniel-garcia-barragan-lopez-como-socio-de-proxima-generacion-en-el-ranking-de-legal-500-2026-para-mexico\/\" aria-label=\"Compartimos el reconocimiento de nuestro socio Daniel Garc\u00eda Barrag\u00e1n L\u00f3pez como Socio de Pr\u00f3xima Generaci\u00f3n, en el ranking de Legal 500 2026 para M\u00e9xico\"><img loading=\"lazy\" decoding=\"async\" width=\"150\" height=\"150\" src=\"https:\/\/garbar.info\/wp-content\/uploads\/2025\/10\/garbar.web_.dgbl_.2025-150x150.jpg\" class=\"attachment-thumbnail size-thumbnail wp-post-image\" alt=\"\" style=\"max-width:113px;max-height:113px;\" srcset=\"https:\/\/garbar.info\/wp-content\/uploads\/2025\/10\/garbar.web_.dgbl_.2025-150x150.jpg 150w, https:\/\/garbar.info\/wp-content\/uploads\/2025\/10\/garbar.web_.dgbl_.2025-700x700.jpg 700w\" sizes=\"(max-width: 150px) 100vw, 150px\" \/><\/a><\/div><a class=\"wp-block-latest-posts__post-title\" href=\"https:\/\/garbar.info\/zh\/compartimos-el-reconocimiento-de-nuestro-socio-daniel-garcia-barragan-lopez-como-socio-de-proxima-generacion-en-el-ranking-de-legal-500-2026-para-mexico\/\">Compartimos el reconocimiento de nuestro socio Daniel Garc\u00eda Barrag\u00e1n L\u00f3pez como Socio de Pr\u00f3xima Generaci\u00f3n, en el ranking de Legal 500 2026 para M\u00e9xico<\/a><div class=\"wp-block-latest-posts__post-author\">\u4f5c\u8005\uff1aGarc\u00eda Barrag\u00e1n Abogados<\/div><time datetime=\"2025-10-27T13:06:22-06:00\" class=\"wp-block-latest-posts__post-date\">27 de 10 \u6708 de 2025<\/time><div class=\"wp-block-latest-posts__post-excerpt\">Con gran orgullo y entusiasmo, compartimos que el d\u00eda de ayer nuestra consejera, la licenciada Luc\u00eda Mello Gonz\u00e1lez recibi\u00f3 por parte de la ANIERM, en el marco de\u00a0\u201cThe Logistics World Summit & Expo 2025\u201d, el evento de log\u00edstica m\u00e1s importante de Latinoam\u00e9rica, su certificado del Diplomado de Comercio Exterior y Operaciones Aduaneras, as\u00ed como su certificaci\u00f3n en el Est\u00e1ndar de Competencias Laborales EC0537, avalada por el CONOCER y la SEP; lo que refleja su compromiso y trayectoria en esta \u00e1rea del Derecho.<\/div><\/li>\n<li><div class=\"wp-block-latest-posts__featured-image alignright\"><a href=\"https:\/\/garbar.info\/zh\/compartimos-el-reconocimiento-de-nuestro-socio-fundador-manuel-garcia-barragan-martinez-como-abogado-recomendado-en-el-ranking-de-the-legal-500-2026-para-mexico\/\" aria-label=\"Compartimos el reconocimiento de nuestro socio fundador Manuel Garc\u00eda Barrag\u00e1n Mart\u00ednez como Abogado Recomendado, en el ranking de The Legal 500 2026 para M\u00e9xico\"><img loading=\"lazy\" decoding=\"async\" width=\"150\" height=\"150\" src=\"https:\/\/garbar.info\/wp-content\/uploads\/2025\/10\/garbar.web_.mgbm_.2025-150x150.jpg\" class=\"attachment-thumbnail size-thumbnail wp-post-image\" alt=\"\" style=\"max-width:113px;max-height:113px;\" srcset=\"https:\/\/garbar.info\/wp-content\/uploads\/2025\/10\/garbar.web_.mgbm_.2025-150x150.jpg 150w, https:\/\/garbar.info\/wp-content\/uploads\/2025\/10\/garbar.web_.mgbm_.2025-700x700.jpg 700w\" sizes=\"auto, (max-width: 150px) 100vw, 150px\" \/><\/a><\/div><a class=\"wp-block-latest-posts__post-title\" href=\"https:\/\/garbar.info\/zh\/compartimos-el-reconocimiento-de-nuestro-socio-fundador-manuel-garcia-barragan-martinez-como-abogado-recomendado-en-el-ranking-de-the-legal-500-2026-para-mexico\/\">Compartimos el reconocimiento de nuestro socio fundador Manuel Garc\u00eda Barrag\u00e1n Mart\u00ednez como Abogado Recomendado, en el ranking de The Legal 500 2026 para M\u00e9xico<\/a><div class=\"wp-block-latest-posts__post-author\">\u4f5c\u8005\uff1aGarc\u00eda Barrag\u00e1n Abogados<\/div><time datetime=\"2025-10-27T13:03:40-06:00\" class=\"wp-block-latest-posts__post-date\">27 de 10 \u6708 de 2025<\/time><div class=\"wp-block-latest-posts__post-excerpt\">Con gran orgullo y entusiasmo, compartimos que el d\u00eda de ayer nuestra consejera, la licenciada Luc\u00eda Mello Gonz\u00e1lez recibi\u00f3 por parte de la ANIERM, en el marco de\u00a0\u201cThe Logistics World Summit & Expo 2025\u201d, el evento de log\u00edstica m\u00e1s importante de Latinoam\u00e9rica, su certificado del Diplomado de Comercio Exterior y Operaciones Aduaneras, as\u00ed como su certificaci\u00f3n en el Est\u00e1ndar de Competencias Laborales EC0537, avalada por el CONOCER y la SEP; lo que refleja su compromiso y trayectoria en esta \u00e1rea del Derecho.<\/div><\/li>\n<li><div class=\"wp-block-latest-posts__featured-image alignright\"><a href=\"https:\/\/garbar.info\/zh\/garcia-barragan-abogados-s-c-ha-sido-reconocido-por-legal-500-como-firma-recomendada-y-destacada-en-el-area-de-practica-de-resolucion-de-disputas-arbitraje-en-el-ranking-de-2026-para-mexico\/\" aria-label=\"Garc\u00eda Barrag\u00e1n Abogados, S.C., ha sido reconocido por Legal 500 como Firma recomendada y destacada en el \u00e1rea de pr\u00e1ctica de Resoluci\u00f3n de Disputas: Arbitraje en el ranking de 2026 para M\u00e9xico\"><img loading=\"lazy\" decoding=\"async\" width=\"150\" height=\"150\" src=\"https:\/\/garbar.info\/wp-content\/uploads\/2025\/10\/garbar.web_.gba_.2025-150x150.jpg\" class=\"attachment-thumbnail size-thumbnail wp-post-image\" alt=\"\" style=\"max-width:113px;max-height:113px;\" srcset=\"https:\/\/garbar.info\/wp-content\/uploads\/2025\/10\/garbar.web_.gba_.2025-150x150.jpg 150w, https:\/\/garbar.info\/wp-content\/uploads\/2025\/10\/garbar.web_.gba_.2025-700x700.jpg 700w\" sizes=\"auto, (max-width: 150px) 100vw, 150px\" \/><\/a><\/div><a class=\"wp-block-latest-posts__post-title\" href=\"https:\/\/garbar.info\/zh\/garcia-barragan-abogados-s-c-ha-sido-reconocido-por-legal-500-como-firma-recomendada-y-destacada-en-el-area-de-practica-de-resolucion-de-disputas-arbitraje-en-el-ranking-de-2026-para-mexico\/\">Garc\u00eda Barrag\u00e1n Abogados, S.C., ha sido reconocido por Legal 500 como Firma recomendada y destacada en el \u00e1rea de pr\u00e1ctica de Resoluci\u00f3n de Disputas: Arbitraje en el ranking de 2026 para M\u00e9xico<\/a><div class=\"wp-block-latest-posts__post-author\">\u4f5c\u8005\uff1aGarc\u00eda Barrag\u00e1n Abogados<\/div><time datetime=\"2025-10-27T12:51:54-06:00\" class=\"wp-block-latest-posts__post-date\">27 de 10 \u6708 de 2025<\/time><div class=\"wp-block-latest-posts__post-excerpt\">Con gran orgullo y entusiasmo, compartimos que el d\u00eda de ayer nuestra consejera, la licenciada Luc\u00eda Mello Gonz\u00e1lez recibi\u00f3 por parte de la ANIERM, en el marco de\u00a0\u201cThe Logistics World Summit & Expo 2025\u201d, el evento de log\u00edstica m\u00e1s importante de Latinoam\u00e9rica, su certificado del Diplomado de Comercio Exterior y Operaciones Aduaneras, as\u00ed como su certificaci\u00f3n en el Est\u00e1ndar de Competencias Laborales EC0537, avalada por el CONOCER y la SEP; lo que refleja su compromiso y trayectoria en esta \u00e1rea del Derecho.<\/div><\/li>\n<li><div class=\"wp-block-latest-posts__featured-image alignright\"><a href=\"https:\/\/garbar.info\/zh\/proyecto-de-reforma-a-la-ley-de-amparo\/\" aria-label=\"Proyecto de Reforma a la Ley de Amparo\"><img loading=\"lazy\" decoding=\"async\" width=\"150\" height=\"150\" src=\"https:\/\/garbar.info\/wp-content\/uploads\/2025\/09\/garbar.2025.proyecto.de_.reforma.a.la_.ley_.de_.amparo.news_-150x150.jpg\" class=\"attachment-thumbnail size-thumbnail wp-post-image\" alt=\"\" style=\"max-width:113px;max-height:113px;\" srcset=\"https:\/\/garbar.info\/wp-content\/uploads\/2025\/09\/garbar.2025.proyecto.de_.reforma.a.la_.ley_.de_.amparo.news_-150x150.jpg 150w, https:\/\/garbar.info\/wp-content\/uploads\/2025\/09\/garbar.2025.proyecto.de_.reforma.a.la_.ley_.de_.amparo.news_-700x700.jpg 700w\" sizes=\"auto, (max-width: 150px) 100vw, 150px\" \/><\/a><\/div><a class=\"wp-block-latest-posts__post-title\" href=\"https:\/\/garbar.info\/zh\/proyecto-de-reforma-a-la-ley-de-amparo\/\">Proyecto de Reforma a la Ley de Amparo<\/a><div class=\"wp-block-latest-posts__post-author\">\u4f5c\u8005\uff1aGarc\u00eda Barrag\u00e1n Abogados<\/div><time datetime=\"2025-09-23T17:09:48-06:00\" class=\"wp-block-latest-posts__post-date\">23 de 9 \u6708 de 2025<\/time><div class=\"wp-block-latest-posts__post-excerpt\">Con gran orgullo y entusiasmo, compartimos que el d\u00eda de ayer nuestra consejera, la licenciada Luc\u00eda Mello Gonz\u00e1lez recibi\u00f3 por parte de la ANIERM, en el marco de\u00a0\u201cThe Logistics World Summit & Expo 2025\u201d, el evento de log\u00edstica m\u00e1s importante de Latinoam\u00e9rica, su certificado del Diplomado de Comercio Exterior y Operaciones Aduaneras, as\u00ed como su certificaci\u00f3n en el Est\u00e1ndar de Competencias Laborales EC0537, avalada por el CONOCER y la SEP; lo que refleja su compromiso y trayectoria en esta \u00e1rea del Derecho.<\/div><\/li>\n<li><div class=\"wp-block-latest-posts__featured-image alignright\"><a href=\"https:\/\/garbar.info\/zh\/adriana-lopez-gonzalez-latin-america-guide-en-arbitration-mexico-band-4\/\" aria-label=\"Adriana L\u00f3pez Gonz\u00e1lez Latin America Guide\u00a0en\u00a0Arbitration \u2013 Mexico, Band 4\"><img loading=\"lazy\" decoding=\"async\" width=\"150\" height=\"150\" src=\"https:\/\/garbar.info\/wp-content\/uploads\/2025\/08\/garbar-alg-chambers-intellectual-property-2026-150x150.png\" class=\"attachment-thumbnail size-thumbnail wp-post-image\" alt=\"\" style=\"max-width:113px;max-height:113px;\" srcset=\"https:\/\/garbar.info\/wp-content\/uploads\/2025\/08\/garbar-alg-chambers-intellectual-property-2026-150x150.png 150w, https:\/\/garbar.info\/wp-content\/uploads\/2025\/08\/garbar-alg-chambers-intellectual-property-2026-700x700.png 700w\" sizes=\"auto, (max-width: 150px) 100vw, 150px\" \/><\/a><\/div><a class=\"wp-block-latest-posts__post-title\" href=\"https:\/\/garbar.info\/zh\/adriana-lopez-gonzalez-latin-america-guide-en-arbitration-mexico-band-4\/\">Adriana L\u00f3pez Gonz\u00e1lez Latin America Guide\u00a0en\u00a0Arbitration \u2013 Mexico, Band 4<\/a><div class=\"wp-block-latest-posts__post-author\">\u4f5c\u8005\uff1aGarc\u00eda Barrag\u00e1n Abogados<\/div><time datetime=\"2025-08-26T09:57:03-06:00\" class=\"wp-block-latest-posts__post-date\">26 de 8 \u6708 de 2025<\/time><div class=\"wp-block-latest-posts__post-excerpt\">Con gran orgullo y entusiasmo, compartimos que el d\u00eda de ayer nuestra consejera, la licenciada Luc\u00eda Mello Gonz\u00e1lez recibi\u00f3 por parte de la ANIERM, en el marco de\u00a0\u201cThe Logistics World Summit & Expo 2025\u201d, el evento de log\u00edstica m\u00e1s importante de Latinoam\u00e9rica, su certificado del Diplomado de Comercio Exterior y Operaciones Aduaneras, as\u00ed como su certificaci\u00f3n en el Est\u00e1ndar de Competencias Laborales EC0537, avalada por el CONOCER y la SEP; lo que refleja su compromiso y trayectoria en esta \u00e1rea del Derecho.<\/div><\/li>\n<li><div class=\"wp-block-latest-posts__featured-image alignright\"><a href=\"https:\/\/garbar.info\/zh\/daniel-garcia-barragan-lopez-corporate-ma-highly-regarded-mexico-band-4\/\" aria-label=\"Daniel Garc\u00eda Barrag\u00e1n L\u00f3pez Corporate \/ M&amp;A: Highly Regarded \u2013 Mexico, Band 4\"><img loading=\"lazy\" decoding=\"async\" width=\"150\" height=\"150\" src=\"https:\/\/garbar.info\/wp-content\/uploads\/2025\/08\/garbar-dgbl-chambers-corporate-ma-2026-150x150.png\" class=\"attachment-thumbnail size-thumbnail wp-post-image\" alt=\"\" style=\"max-width:113px;max-height:113px;\" srcset=\"https:\/\/garbar.info\/wp-content\/uploads\/2025\/08\/garbar-dgbl-chambers-corporate-ma-2026-150x150.png 150w, https:\/\/garbar.info\/wp-content\/uploads\/2025\/08\/garbar-dgbl-chambers-corporate-ma-2026-700x700.png 700w\" sizes=\"auto, (max-width: 150px) 100vw, 150px\" \/><\/a><\/div><a class=\"wp-block-latest-posts__post-title\" href=\"https:\/\/garbar.info\/zh\/daniel-garcia-barragan-lopez-corporate-ma-highly-regarded-mexico-band-4\/\">Daniel Garc\u00eda Barrag\u00e1n L\u00f3pez Corporate \/ M&amp;A: Highly Regarded \u2013 Mexico, Band 4<\/a><div class=\"wp-block-latest-posts__post-author\">\u4f5c\u8005\uff1aGarc\u00eda Barrag\u00e1n Abogados<\/div><time datetime=\"2025-08-26T09:45:30-06:00\" class=\"wp-block-latest-posts__post-date\">26 de 8 \u6708 de 2025<\/time><div class=\"wp-block-latest-posts__post-excerpt\">Con gran orgullo y entusiasmo, compartimos que el d\u00eda de ayer nuestra consejera, la licenciada Luc\u00eda Mello Gonz\u00e1lez recibi\u00f3 por parte de la ANIERM, en el marco de\u00a0\u201cThe Logistics World Summit & Expo 2025\u201d, el evento de log\u00edstica m\u00e1s importante de Latinoam\u00e9rica, su certificado del Diplomado de Comercio Exterior y Operaciones Aduaneras, as\u00ed como su certificaci\u00f3n en el Est\u00e1ndar de Competencias Laborales EC0537, avalada por el CONOCER y la SEP; lo que refleja su compromiso y trayectoria en esta \u00e1rea del Derecho.<\/div><\/li>\n<li><div class=\"wp-block-latest-posts__featured-image alignright\"><a href=\"https:\/\/garbar.info\/zh\/daniel-garcia-barragan-lopez-dispute-resolution-civil-commercial-litigation-mexico-band-4\/\" aria-label=\"Daniel Garc\u00eda Barrag\u00e1n L\u00f3pez Dispute Resolution: Civil &amp; Commercial Litigation \u2013 Mexico, Band 4\"><img loading=\"lazy\" decoding=\"async\" width=\"150\" height=\"150\" src=\"https:\/\/garbar.info\/wp-content\/uploads\/2025\/08\/garbar-dgbl-chambers-civil-commercial-2026-150x150.png\" class=\"attachment-thumbnail size-thumbnail wp-post-image\" alt=\"\" style=\"max-width:113px;max-height:113px;\" srcset=\"https:\/\/garbar.info\/wp-content\/uploads\/2025\/08\/garbar-dgbl-chambers-civil-commercial-2026-150x150.png 150w, https:\/\/garbar.info\/wp-content\/uploads\/2025\/08\/garbar-dgbl-chambers-civil-commercial-2026-700x700.png 700w\" sizes=\"auto, (max-width: 150px) 100vw, 150px\" \/><\/a><\/div><a class=\"wp-block-latest-posts__post-title\" href=\"https:\/\/garbar.info\/zh\/daniel-garcia-barragan-lopez-dispute-resolution-civil-commercial-litigation-mexico-band-4\/\">Daniel Garc\u00eda Barrag\u00e1n L\u00f3pez Dispute Resolution: Civil &amp; Commercial Litigation \u2013 Mexico, Band 4<\/a><div class=\"wp-block-latest-posts__post-author\">\u4f5c\u8005\uff1aGarc\u00eda Barrag\u00e1n Abogados<\/div><time datetime=\"2025-08-26T09:39:53-06:00\" class=\"wp-block-latest-posts__post-date\">26 de 8 \u6708 de 2025<\/time><div class=\"wp-block-latest-posts__post-excerpt\">Con gran orgullo y entusiasmo, compartimos que el d\u00eda de ayer nuestra consejera, la licenciada Luc\u00eda Mello Gonz\u00e1lez recibi\u00f3 por parte de la ANIERM, en el marco de\u00a0\u201cThe Logistics World Summit & Expo 2025\u201d, el evento de log\u00edstica m\u00e1s importante de Latinoam\u00e9rica, su certificado del Diplomado de Comercio Exterior y Operaciones Aduaneras, as\u00ed como su certificaci\u00f3n en el Est\u00e1ndar de Competencias Laborales EC0537, avalada por el CONOCER y la SEP; lo que refleja su compromiso y trayectoria en esta \u00e1rea del Derecho.<\/div><\/li>\n<\/ul><\/div>\n<\/aside><aside id=\"block-8\" class=\"widget inner-padding widget_block\">\n<div style=\"height:49px\" aria-hidden=\"true\" class=\"wp-block-spacer\"><\/div>\n<\/aside><aside id=\"nav_menu-3\" class=\"widget inner-padding widget_nav_menu\"><div class=\"menu-garbar-menu-container\"><ul id=\"menu-garbar-menu\" class=\"menu\"><li id=\"menu-item-516\" class=\"menu-item menu-item-type-post_type menu-item-object-page menu-item-516\"><a href=\"https:\/\/garbar.info\/zh\/acerca-de\/\">\u5173\u4e8e\u6211\u4eec<\/a><\/li>\n<li id=\"menu-item-501\" class=\"menu-item menu-item-type-post_type menu-item-object-page menu-item-501\"><a href=\"https:\/\/garbar.info\/zh\/areas-de-practica\/\">\u5b9e\u8df5\u9886\u57df<\/a><\/li>\n<li id=\"menu-item-502\" class=\"menu-item menu-item-type-post_type menu-item-object-page menu-item-502\"><a href=\"https:\/\/garbar.info\/zh\/equipo\/\">\u56e2\u961f<\/a><\/li>\n<li id=\"menu-item-503\" class=\"menu-item menu-item-type-post_type menu-item-object-page menu-item-503\"><a href=\"https:\/\/garbar.info\/zh\/noticias\/\">\u6d88\u606f<\/a><\/li>\n<li id=\"menu-item-559\" class=\"menu-item menu-item-type-post_type menu-item-object-page menu-item-559\"><a href=\"https:\/\/garbar.info\/zh\/contacto\/\">\u63a5\u89e6<\/a><\/li>\n<\/ul><\/div><\/aside>\t\t\t\t<\/div>\n\t\t\t\t<\/div>\n\t\t\t\t\t<\/div>\n\t\t<\/div>\n\t\t\t\t\t<\/div>\n\t\t<\/section>\n\t\t\t\t<\/div>","protected":false},"excerpt":{"rendered":"<p>Con gran orgullo y entusiasmo, compartimos que el d\u00eda de ayer nuestra consejera, la licenciada Luc\u00eda Mello Gonz\u00e1lez recibi\u00f3 por parte de la ANIERM, en el marco de\u00a0\u201cThe Logistics World Summit &#038; Expo 2025\u201d, el evento de log\u00edstica m\u00e1s importante de Latinoam\u00e9rica, su certificado del Diplomado de Comercio Exterior y Operaciones Aduaneras, as\u00ed como su certificaci\u00f3n en el Est\u00e1ndar de Competencias Laborales EC0537, avalada por el CONOCER y la SEP; lo que refleja su compromiso y trayectoria en esta \u00e1rea del Derecho.<\/p>","protected":false},"author":1,"featured_media":1410,"comment_status":"open","ping_status":"open","sticky":false,"template":"elementor_header_footer","format":"standard","meta":{"inline_featured_image":false,"footnotes":""},"categories":[75],"tags":[],"class_list":["post-1409","post","type-post","status-publish","format-standard","has-post-thumbnail","hentry","category-telecomunicaciones"],"_links":{"self":[{"href":"https:\/\/garbar.info\/zh\/wp-json\/wp\/v2\/posts\/1409","targetHints":{"allow":["GET"]}}],"collection":[{"href":"https:\/\/garbar.info\/zh\/wp-json\/wp\/v2\/posts"}],"about":[{"href":"https:\/\/garbar.info\/zh\/wp-json\/wp\/v2\/types\/post"}],"author":[{"embeddable":true,"href":"https:\/\/garbar.info\/zh\/wp-json\/wp\/v2\/users\/1"}],"replies":[{"embeddable":true,"href":"https:\/\/garbar.info\/zh\/wp-json\/wp\/v2\/comments?post=1409"}],"version-history":[{"count":4,"href":"https:\/\/garbar.info\/zh\/wp-json\/wp\/v2\/posts\/1409\/revisions"}],"predecessor-version":[{"id":1414,"href":"https:\/\/garbar.info\/zh\/wp-json\/wp\/v2\/posts\/1409\/revisions\/1414"}],"wp:featuredmedia":[{"embeddable":true,"href":"https:\/\/garbar.info\/zh\/wp-json\/wp\/v2\/media\/1410"}],"wp:attachment":[{"href":"https:\/\/garbar.info\/zh\/wp-json\/wp\/v2\/media?parent=1409"}],"wp:term":[{"taxonomy":"category","embeddable":true,"href":"https:\/\/garbar.info\/zh\/wp-json\/wp\/v2\/categories?post=1409"},{"taxonomy":"post_tag","embeddable":true,"href":"https:\/\/garbar.info\/zh\/wp-json\/wp\/v2\/tags?post=1409"}],"curies":[{"name":"wp","href":"https:\/\/api.w.org\/{rel}","templated":true}]}}