{"id":1237,"date":"2025-02-19T10:16:09","date_gmt":"2025-02-19T16:16:09","guid":{"rendered":"https:\/\/garbar.info\/?p=1237"},"modified":"2025-04-03T19:59:52","modified_gmt":"2025-04-04T01:59:52","slug":"acuerdo-por-el-que-se-dan-a-conocer-las-marcas-de-certificacion-hecho-en-mexico-y-made-in-mexico-y-se-expiden-sus-reglas-de-uso","status":"publish","type":"post","link":"https:\/\/garbar.info\/zh\/acuerdo-por-el-que-se-dan-a-conocer-las-marcas-de-certificacion-hecho-en-mexico-y-made-in-mexico-y-se-expiden-sus-reglas-de-uso\/","title":{"rendered":"Acuerdo por el que se dan a conocer las marcas de certificaci\u00f3n Hecho en M\u00e9xico y Made in Mexico y se expiden sus reglas de uso"},"content":{"rendered":"<div data-elementor-type=\"wp-post\" data-elementor-id=\"1237\" class=\"elementor elementor-1237\" data-elementor-post-type=\"post\">\n\t\t\t\t\t\t<section class=\"elementor-section elementor-top-section elementor-element elementor-element-8fd0310 elementor-section-boxed elementor-section-height-default elementor-section-height-default\" data-id=\"8fd0310\" data-element_type=\"section\" data-settings=\"{&quot;background_background&quot;:&quot;classic&quot;}\">\n\t\t\t\t\t\t<div class=\"elementor-container elementor-column-gap-default\">\n\t\t\t\t\t<div class=\"elementor-column elementor-col-50 elementor-top-column elementor-element elementor-element-0f328b8\" data-id=\"0f328b8\" data-element_type=\"column\">\n\t\t\t<div class=\"elementor-widget-wrap elementor-element-populated\">\n\t\t\t\t\t\t<div class=\"elementor-element elementor-element-d3842a5 elementor-widget elementor-widget-heading\" data-id=\"d3842a5\" data-element_type=\"widget\" data-widget_type=\"heading.default\">\n\t\t\t\t<div class=\"elementor-widget-container\">\n\t\t\t\t\t<h2 class=\"elementor-heading-title elementor-size-default\">\u77e5\u8bc6\u4ea7\u6743<\/h2>\t\t\t\t<\/div>\n\t\t\t\t<\/div>\n\t\t\t\t<div class=\"elementor-element elementor-element-74ab396 elementor-widget elementor-widget-image\" data-id=\"74ab396\" data-element_type=\"widget\" data-widget_type=\"image.default\">\n\t\t\t\t<div class=\"elementor-widget-container\">\n\t\t\t\t\t\t\t\t\t\t\t\t\t\t\t<img loading=\"lazy\" decoding=\"async\" width=\"900\" height=\"506\" src=\"https:\/\/garbar.info\/wp-content\/uploads\/2025\/02\/Acuerdo-por-el-que-se-dan-a-conocer-las-marcas-de-certificacion-Hecho-en-Mexico-y-Made-in-Mexico-y-se-expiden-sus-reglas-de-uso-1024x576.jpg\" class=\"attachment-large size-large wp-image-1238\" alt=\"\" srcset=\"https:\/\/garbar.info\/wp-content\/uploads\/2025\/02\/Acuerdo-por-el-que-se-dan-a-conocer-las-marcas-de-certificacion-Hecho-en-Mexico-y-Made-in-Mexico-y-se-expiden-sus-reglas-de-uso-1024x576.jpg 1024w, https:\/\/garbar.info\/wp-content\/uploads\/2025\/02\/Acuerdo-por-el-que-se-dan-a-conocer-las-marcas-de-certificacion-Hecho-en-Mexico-y-Made-in-Mexico-y-se-expiden-sus-reglas-de-uso-300x169.jpg 300w, https:\/\/garbar.info\/wp-content\/uploads\/2025\/02\/Acuerdo-por-el-que-se-dan-a-conocer-las-marcas-de-certificacion-Hecho-en-Mexico-y-Made-in-Mexico-y-se-expiden-sus-reglas-de-uso-768x432.jpg 768w, https:\/\/garbar.info\/wp-content\/uploads\/2025\/02\/Acuerdo-por-el-que-se-dan-a-conocer-las-marcas-de-certificacion-Hecho-en-Mexico-y-Made-in-Mexico-y-se-expiden-sus-reglas-de-uso-18x10.jpg 18w, https:\/\/garbar.info\/wp-content\/uploads\/2025\/02\/Acuerdo-por-el-que-se-dan-a-conocer-las-marcas-de-certificacion-Hecho-en-Mexico-y-Made-in-Mexico-y-se-expiden-sus-reglas-de-uso.jpg 1200w\" sizes=\"(max-width: 900px) 100vw, 900px\" \/>\t\t\t\t\t\t\t\t\t\t\t\t\t\t\t<\/div>\n\t\t\t\t<\/div>\n\t\t\t\t<div class=\"elementor-element elementor-element-b85d41d elementor-widget elementor-widget-heading\" data-id=\"b85d41d\" data-element_type=\"widget\" data-widget_type=\"heading.default\">\n\t\t\t\t<div class=\"elementor-widget-container\">\n\t\t\t\t\t<h1 class=\"elementor-heading-title elementor-size-default\">Acuerdo por el que se dan a conocer las marcas de certificaci\u00f3n Hecho en M\u00e9xico y Made in Mexico y se expiden sus reglas de uso<\/h1>\t\t\t\t<\/div>\n\t\t\t\t<\/div>\n\t\t\t\t<div class=\"elementor-element elementor-element-ee35502 elementor-widget elementor-widget-text-editor\" data-id=\"ee35502\" data-element_type=\"widget\" data-widget_type=\"text-editor.default\">\n\t\t\t\t<div class=\"elementor-widget-container\">\n\t\t\t\t\t\t\t\t\t<p>Por el Lic. Ernesto Mart\u00ednez Alcaraz Abogado Especialista en Propiedad Industrial e Intelectual en Garc\u00eda Barrag\u00e1n Abogados, S.C.<\/p><p class=\"p3\"><span class=\"s1\">El d\u00eda 17 de febrero de 2025 se public\u00f3 en el Diario Oficial de la Federaci\u00f3n el \u201cAcuerdo por el que se dan a conocer las Marcas de Certificaci\u00f3n Hecho en M\u00e9xico y Made in Mexico (y dise\u00f1os) y se expiden sus reglas de uso\u201d (Acuerdo). Las marcas de certificaci\u00f3n son las siguientes:<\/span><\/p><p class=\"p3\"><span class=\"s1\">Las marcas de certificaci\u00f3n son el resultado del relanzamiento de la marca HECHO EN M\u00c9XICO, impulsado por el Gobierno Federal, ya que representa la identidad del pueblo mexicano en cada producto marcado con este sello. Con el uso de estas marcas, se garantiza que en nuestro pa\u00eds se elaboran productos con los m\u00e1s altos est\u00e1ndares de calidad. Asimismo, tienen el objetivo de que los productos que usan las marcas se destaquen no solo dentro de los mercados nacionales sino tambi\u00e9n dentro de los mercados internacionales.<\/span><\/p><p class=\"p3\"><span class=\"s1\">En el Acuerdo se delega en favor de la persona Titular de la Unidad de Normatividad, Competitividad y Competencia de la Secretar\u00eda de Econom\u00eda, la facultad a efecto de que reciba, analice y resuelva las solicitudes de autorizaci\u00f3n de uso de las marcas de certificaci\u00f3n, sin perjuicio de su ejercicio directo por parte del Titular de la Secretar\u00eda de Econom\u00eda. Asimismo, se crea el Consejo Honorario Promotor \u00abHecho en M\u00e9xico\u00bb como un \u00f3rgano consultivo integrado por los representantes de los sectores empresariales, industriales y creativos mexicanos, conforme a las reglas de operaci\u00f3n que ese \u00f3rgano colegiado emita.<\/span><\/p><p class=\"p3\"><span class=\"s1\">Las REGLAS DE USO DE LAS MARCAS DE CERTIFICACI\u00d3N HECHO EN M\u00c9XICO Y MADE IN MEXICO (Reglas) tienen por objeto establecer los requisitos y el proceso para que la Secretar\u00eda de Econom\u00eda otorgue la autorizaci\u00f3n de uso de las marcas de certificaci\u00f3n HECHO EN M\u00c9XICO y MADE IN MEXICO. La autorizaci\u00f3n de uso de las marcas de certificaci\u00f3n se otorgar\u00e1 una vez que se eval\u00fae el cumplimiento de las condiciones conforme a los requisitos y especificaciones establecidos en las presentes Reglas, la cual ser\u00e1 susceptible de otorgarse una vez que el titular de la marca de certificaci\u00f3n verifique que los productos se fabriquen, manufacturen o ensamblen en M\u00e9xico. Asimismo, se debe verificar que dichos productos cuenten con est\u00e1ndares de calidad y excelencia que enaltezcan la identidad y reputaci\u00f3n del origen de sus materias primas, as\u00ed como de sus procesos de producci\u00f3n o los factores naturales y humanos, de forma tal que para los consumidores nacionales y extranjeros sean f\u00e1cilmente reconocibles respecto de productos similares. De igual forma, se establece que el otorgamiento de la autorizaci\u00f3n de uso de las marcas de certificaci\u00f3n no podr\u00e1 ser objeto de licencias. <\/span><\/p><p class=\"p3\"><span class=\"s1\">S\u00f3lo podr\u00e1n ser autorizadas para usar las marcas de certificaci\u00f3n, aquellas personas f\u00edsicas o morales que cumplan con lo siguiente: <\/span><\/p><p class=\"p3\"><span class=\"s2\">Trat\u00e1ndose de personas f\u00edsicas:<\/span><span class=\"s1\"> (i) Identificaci\u00f3n oficial vigente (INE, pasaporte o c\u00e9dula profesional) y (ii) constancia de situaci\u00f3n fiscal. <\/span><\/p><p class=\"p3\"><span class=\"s2\">Trat\u00e1ndose de personas morales<\/span><span class=\"s1\">: (i) Constancia de situaci\u00f3n fiscal; (ii) acta constitutiva, y (iii) documento que acredite la personalidad de su representante legal o apoderado. <\/span><\/p><p class=\"p3\"><span class=\"s1\">En ambos casos, las solicitudes deber\u00e1n: Presentarse ante la Secretar\u00eda de Econom\u00eda cuando se trate de productos que cumplan con lo siguiente: (i) Que sean fabricados, manufacturados o ensamblados con insumos de origen nacional en su totalidad y\/o que su manufactura se desarrolle en M\u00e9xico, sin importar el origen de los insumos, y (ii) que los solicitantes acrediten fehacientemente que, en el proceso de manufactura o fabricaci\u00f3n, implementan acciones afirmativas respecto del cumplimiento con uno o m\u00e1s de los Objetivos de Desarrollo Sostenible de la Agenda 2030 sobre el Desarrollo Sostenible. <\/span><\/p><p class=\"p3\"><span class=\"s1\">La solicitud de autorizaci\u00f3n de uso de las marcas de certificaci\u00f3n debe presentarse ante la Unidad de Normatividad, Competitividad y Competencia de la Secretar\u00eda de Econom\u00eda, a trav\u00e9s del correo electr\u00f3nico hechoenmexico@economia.gob.mx, as\u00ed como adjuntar la siguiente documentaci\u00f3n e informaci\u00f3n: (i) Domicilio y correo electr\u00f3nico para o\u00edr y recibir todo tipo de notificaciones; (ii) boceto, muestra, registro fotogr\u00e1fico o documentos que acrediten y permitan identificar el producto en que se vayan a utilizar las marcas de certificaci\u00f3n; (iii) documentaci\u00f3n que acredite que los productos fabricados, manufacturados o ensamblados cuenten con insumos de origen nacional en su totalidad y\/o que su manufactura se desarrolle en M\u00e9xico, sin importar el origen de los insumos; (iv) en el caso de contar con registro de marca o aviso comercial emitido por el Instituto Mexicano de la Propiedad Industrial que vaya a ser usado junto con las marcas de certificaci\u00f3n, deber\u00e1 indicar el n\u00famero de registro correspondiente, y (v) los dem\u00e1s que la Secretar\u00eda de Econom\u00eda considere necesarios, especialmente para valorar que los productos cumplen con los est\u00e1ndares de calidad y excelencia. <\/span><\/p><p class=\"p3\"><span class=\"s1\">La Unidad de Normatividad, Competitividad y Competencia de la Secretar\u00eda de Econom\u00eda resolver\u00e1 la solicitud de autorizaci\u00f3n de uso de las marcas de certificaci\u00f3n dentro de los 10 d\u00edas h\u00e1biles siguientes al ingreso de la solicitud. <\/span><\/p><p class=\"p3\"><span class=\"s1\">La autorizaci\u00f3n del uso de las marcas de certificaci\u00f3n tendr\u00e1 una vigencia de 5 a\u00f1os, contados a partir de la notificaci\u00f3n de la autorizaci\u00f3n, quedando supeditada a la atribuci\u00f3n de la Secretar\u00eda de Econom\u00eda, por conducto de la Unidad de Normatividad, Competitividad y Competencia, para realizar los actos administrativos necesarios que correspondan a fin de garantizar el uso correcto de las marcas de certificaci\u00f3n.<\/span><\/p><p class=\"p3\"><span class=\"s1\">Las personas usuarias de las marcas de certificaci\u00f3n deber\u00e1n: (i) Hacer llegar a la Unidad de Normatividad, Competitividad y Competencia de la Secretar\u00eda de Econom\u00eda, el registro fotogr\u00e1fico y\/o ejemplares que permitan acreditar el uso de las marcas de certificaci\u00f3n, dentro de los dos primeros meses del a\u00f1o de que se trate; (ii) atender cualquier solicitud que realice la Unidad de Normatividad, Competitividad y Competencia de la Secretar\u00eda de Econom\u00eda, en todo lo relacionado a la autorizaci\u00f3n de uso de las marcas de certificaci\u00f3n; (iii) notificar e invitar a la Secretar\u00eda de Econom\u00eda a los eventos y actividades promocionales de sus productos en que utilicen las marcas de certificaci\u00f3n; (iv) dar cumplimiento a lo dispuesto en las presentes reglas y dem\u00e1s disposiciones normativas aplicables; (v) abstenerse de transferir o ceder los derechos de la titularidad de la autorizaci\u00f3n de las marcas de certificaci\u00f3n; (vi) evitar modificar en forma alguna, los elementos de identidad gr\u00e1fica de las marcas de certificaci\u00f3n; (vii) notificar cualquier cambio relativo a la informaci\u00f3n proporcionada por las personas usuarias como son: domicilio o correo electr\u00f3nico para o\u00edr y recibir notificaciones, o denominaci\u00f3n de la persona moral, dentro de los 10 d\u00edas h\u00e1biles siguientes a la fecha en que haya ocurrido el cambio; (viii) abstenerse de registrar las marcas de certificaci\u00f3n en su totalidad ni de ninguna de sus partes, sea como elemento principal o como parte de un conjunto, en registros de marcas o alguna otra forma de protecci\u00f3n de propiedad intelectual, ni como nombre de dominio de internet. <\/span><\/p><p class=\"p3\"><span class=\"s1\">Las marcas de certificaci\u00f3n s\u00f3lo podr\u00e1n utilizarse de manera accesoria y no de manera principal o sustitutiva de la marca de las personas usuarias. Asimismo, no podr\u00e1n tener una dimensi\u00f3n igual o mayor a la marca de los productos ni estar dispuestas en un lugar predominante de modo que puedan inducir a error respecto a la naturaleza de las marcas de certificaci\u00f3n. <\/span><\/p><p class=\"p3\"><span class=\"s1\">La marca de certificaci\u00f3n MADE IN MEXICO s\u00f3lo podr\u00e1 utilizarse en los productos destinados a la exportaci\u00f3n. <\/span><\/p><p class=\"p3\"><span class=\"s1\">La renovaci\u00f3n deber\u00e1 solicitarse con al menos seis meses de anticipaci\u00f3n al t\u00e9rmino de su vigencia. <\/span><\/p><p class=\"p3\"><span class=\"s1\">Se cancelar\u00e1 la autorizaci\u00f3n de uso de las marcas de certificaci\u00f3n a las personas usuarias cuando se encuentren en alguna de las siguientes causales: (i) Se utilicen las marcas de certificaci\u00f3n, de manera diversa a lo establecido en el Manual de Identidad Gr\u00e1fica; (ii) previa revisi\u00f3n de la Unidad de Normatividad, Competitividad y Competencia de la Secretar\u00eda de Econom\u00eda, se constate que los productos no cumplen con los requisitos establecidos en las presentes reglas; (iii) por t\u00e9rmino de su vigencia sin solicitud de renovaci\u00f3n. <\/span><\/p><p class=\"p3\"><span class=\"s1\">La Unidad de Normatividad, Competitividad y Competencia de la Secretar\u00eda de Econom\u00eda, podr\u00e1 imponer sanciones por el mal uso de las marcas de certificaci\u00f3n, previo un proceso espec\u00edfico e impugnable.<\/span><\/p><p class=\"p3\"><span class=\"s1\">Sin perjuicio de lo dispuesto por los art\u00edculos 386 y 402 de la Ley Federal de Protecci\u00f3n a la Propiedad Industrial, (infracciones administrativas y delitos) se considera uso ilegal de las marcas de certificaci\u00f3n cuando \u00e9stas se utilicen por personas f\u00edsicas o morales no autorizadas, en particular cuando la solicitud para el uso de las marcas de certificaci\u00f3n se encuentre en tr\u00e1mite, transcurriendo los plazos para el desahogo de requisitos, se haya expirado la vigencia de la autorizaci\u00f3n, o se haya cancelado la autorizaci\u00f3n de uso. <\/span><\/p><p class=\"p3\"><span class=\"s1\">La Unidad de Normatividad, Competitividad y Competencia de la Secretar\u00eda de Econom\u00eda se reserva toda acci\u00f3n legal, administrativa, civil o penal en contra de aquellas personas usuarias que incumplan con las presentes reglas, as\u00ed como de las dem\u00e1s disposiciones normativas aplicables, sin menoscabo de las atribuciones de otras autoridades.<\/span><\/p><p class=\"p3\"><span class=\"s1\">En Garc\u00eda Barrag\u00e1n Abogados, contamos con la experiencia para ayudarte en solicitar la autorizaci\u00f3n de USO DE LAS MARCAS DE CERTIFICACI\u00d3N HECHO EN M\u00c9XICO Y MADE IN MEXICO y dise\u00f1o.<\/span><\/p>\t\t\t\t\t\t\t\t<\/div>\n\t\t\t\t<\/div>\n\t\t\t\t\t<\/div>\n\t\t<\/div>\n\t\t\t\t<div class=\"elementor-column elementor-col-50 elementor-top-column elementor-element elementor-element-4b1b38c\" data-id=\"4b1b38c\" data-element_type=\"column\">\n\t\t\t<div class=\"elementor-widget-wrap elementor-element-populated\">\n\t\t\t\t\t\t<div class=\"elementor-element elementor-element-51f16d6 elementor-widget elementor-widget-spacer\" data-id=\"51f16d6\" data-element_type=\"widget\" data-widget_type=\"spacer.default\">\n\t\t\t\t<div class=\"elementor-widget-container\">\n\t\t\t\t\t\t\t<div class=\"elementor-spacer\">\n\t\t\t<div class=\"elementor-spacer-inner\"><\/div>\n\t\t<\/div>\n\t\t\t\t\t\t<\/div>\n\t\t\t\t<\/div>\n\t\t\t\t<div class=\"elementor-element elementor-element-05cf4ec elementor-widget elementor-widget-sidebar\" data-id=\"05cf4ec\" data-element_type=\"widget\" data-widget_type=\"sidebar.default\">\n\t\t\t\t<div class=\"elementor-widget-container\">\n\t\t\t\t\t<aside id=\"block-3\" class=\"widget inner-padding widget_block\">\n<div class=\"wp-block-group is-layout-constrained wp-block-group-is-layout-constrained\"><ul style=\"font-size:13px;\" class=\"wp-block-latest-posts__list has-dates has-author wp-block-latest-posts\"><li><div class=\"wp-block-latest-posts__featured-image alignright\"><a href=\"https:\/\/garbar.info\/zh\/chambers-and-partners-2026-ha-reconocido-a-nuestro-socio-daniel-garcia-barragan-l\/\" aria-label=\"Chambers and Partners 2026 ha reconocido a nuestro socio Daniel Garc\u00eda Barrag\u00e1n L.\"><img loading=\"lazy\" decoding=\"async\" width=\"150\" height=\"150\" src=\"https:\/\/garbar.info\/wp-content\/uploads\/2026\/02\/garbar-dgbl-chambers-2026-all-150x150.jpg\" class=\"attachment-thumbnail size-thumbnail wp-post-image\" alt=\"\" style=\"max-width:113px;max-height:113px;\" srcset=\"https:\/\/garbar.info\/wp-content\/uploads\/2026\/02\/garbar-dgbl-chambers-2026-all-150x150.jpg 150w, https:\/\/garbar.info\/wp-content\/uploads\/2026\/02\/garbar-dgbl-chambers-2026-all-700x700.jpg 700w\" sizes=\"(max-width: 150px) 100vw, 150px\" \/><\/a><\/div><a class=\"wp-block-latest-posts__post-title\" href=\"https:\/\/garbar.info\/zh\/chambers-and-partners-2026-ha-reconocido-a-nuestro-socio-daniel-garcia-barragan-l\/\">Chambers and Partners 2026 ha reconocido a nuestro socio Daniel Garc\u00eda Barrag\u00e1n L.<\/a><div class=\"wp-block-latest-posts__post-author\">\u4f5c\u8005\uff1aGarc\u00eda Barrag\u00e1n Abogados<\/div><time datetime=\"2026-02-18T12:45:12-06:00\" class=\"wp-block-latest-posts__post-date\">18 de 2 \u6708 de 2026<\/time><div class=\"wp-block-latest-posts__post-excerpt\">Con gran orgullo y entusiasmo, compartimos que el d\u00eda de ayer nuestra consejera, la licenciada Luc\u00eda Mello Gonz\u00e1lez recibi\u00f3 por parte de la ANIERM, en el marco de\u00a0\u201cThe Logistics World Summit & Expo 2025\u201d, el evento de log\u00edstica m\u00e1s importante de Latinoam\u00e9rica, su certificado del Diplomado de Comercio Exterior y Operaciones Aduaneras, as\u00ed como su certificaci\u00f3n en el Est\u00e1ndar de Competencias Laborales EC0537, avalada por el CONOCER y la SEP; lo que refleja su compromiso y trayectoria en esta \u00e1rea del Derecho.<\/div><\/li>\n<li><div class=\"wp-block-latest-posts__featured-image alignright\"><a href=\"https:\/\/garbar.info\/zh\/analisis-al-decreto-por-el-que-se-reforman-y-adicionan-disposiciones-a-la-ley-de-amparo\/\" aria-label=\"\u00a0An\u00e1lisis al Decreto por el que se reforman y adicionan disposiciones a la Ley de Amparo\"><img loading=\"lazy\" decoding=\"async\" width=\"150\" height=\"150\" src=\"https:\/\/garbar.info\/wp-content\/uploads\/2025\/11\/garbar.2025.analisis.ley_.amparo.news_-150x150.jpg\" class=\"attachment-thumbnail size-thumbnail wp-post-image\" alt=\"\" style=\"max-width:113px;max-height:113px;\" srcset=\"https:\/\/garbar.info\/wp-content\/uploads\/2025\/11\/garbar.2025.analisis.ley_.amparo.news_-150x150.jpg 150w, https:\/\/garbar.info\/wp-content\/uploads\/2025\/11\/garbar.2025.analisis.ley_.amparo.news_-700x700.jpg 700w\" sizes=\"(max-width: 150px) 100vw, 150px\" \/><\/a><\/div><a class=\"wp-block-latest-posts__post-title\" href=\"https:\/\/garbar.info\/zh\/analisis-al-decreto-por-el-que-se-reforman-y-adicionan-disposiciones-a-la-ley-de-amparo\/\">\u00a0An\u00e1lisis al Decreto por el que se reforman y adicionan disposiciones a la Ley de Amparo<\/a><div class=\"wp-block-latest-posts__post-author\">\u4f5c\u8005\uff1aGarc\u00eda Barrag\u00e1n Abogados<\/div><time datetime=\"2025-11-05T11:47:30-06:00\" class=\"wp-block-latest-posts__post-date\">5 de 11 \u6708 de 2025<\/time><div class=\"wp-block-latest-posts__post-excerpt\">Con gran orgullo y entusiasmo, compartimos que el d\u00eda de ayer nuestra consejera, la licenciada Luc\u00eda Mello Gonz\u00e1lez recibi\u00f3 por parte de la ANIERM, en el marco de\u00a0\u201cThe Logistics World Summit & Expo 2025\u201d, el evento de log\u00edstica m\u00e1s importante de Latinoam\u00e9rica, su certificado del Diplomado de Comercio Exterior y Operaciones Aduaneras, as\u00ed como su certificaci\u00f3n en el Est\u00e1ndar de Competencias Laborales EC0537, avalada por el CONOCER y la SEP; lo que refleja su compromiso y trayectoria en esta \u00e1rea del Derecho.<\/div><\/li>\n<li><div class=\"wp-block-latest-posts__featured-image alignright\"><a href=\"https:\/\/garbar.info\/zh\/compartimos-el-reconocimiento-de-nuestro-socio-daniel-garcia-barragan-lopez-como-socio-de-proxima-generacion-en-el-ranking-de-legal-500-2026-para-mexico\/\" aria-label=\"Compartimos el reconocimiento de nuestro socio Daniel Garc\u00eda Barrag\u00e1n L\u00f3pez como Socio de Pr\u00f3xima Generaci\u00f3n, en el ranking de Legal 500 2026 para M\u00e9xico\"><img loading=\"lazy\" decoding=\"async\" width=\"150\" height=\"150\" src=\"https:\/\/garbar.info\/wp-content\/uploads\/2025\/10\/garbar.web_.dgbl_.2025-150x150.jpg\" class=\"attachment-thumbnail size-thumbnail wp-post-image\" alt=\"\" style=\"max-width:113px;max-height:113px;\" srcset=\"https:\/\/garbar.info\/wp-content\/uploads\/2025\/10\/garbar.web_.dgbl_.2025-150x150.jpg 150w, https:\/\/garbar.info\/wp-content\/uploads\/2025\/10\/garbar.web_.dgbl_.2025-700x700.jpg 700w\" sizes=\"(max-width: 150px) 100vw, 150px\" \/><\/a><\/div><a class=\"wp-block-latest-posts__post-title\" href=\"https:\/\/garbar.info\/zh\/compartimos-el-reconocimiento-de-nuestro-socio-daniel-garcia-barragan-lopez-como-socio-de-proxima-generacion-en-el-ranking-de-legal-500-2026-para-mexico\/\">Compartimos el reconocimiento de nuestro socio Daniel Garc\u00eda Barrag\u00e1n L\u00f3pez como Socio de Pr\u00f3xima Generaci\u00f3n, en el ranking de Legal 500 2026 para M\u00e9xico<\/a><div class=\"wp-block-latest-posts__post-author\">\u4f5c\u8005\uff1aGarc\u00eda Barrag\u00e1n Abogados<\/div><time datetime=\"2025-10-27T13:06:22-06:00\" class=\"wp-block-latest-posts__post-date\">27 de 10 \u6708 de 2025<\/time><div class=\"wp-block-latest-posts__post-excerpt\">Con gran orgullo y entusiasmo, compartimos que el d\u00eda de ayer nuestra consejera, la licenciada Luc\u00eda Mello Gonz\u00e1lez recibi\u00f3 por parte de la ANIERM, en el marco de\u00a0\u201cThe Logistics World Summit & Expo 2025\u201d, el evento de log\u00edstica m\u00e1s importante de Latinoam\u00e9rica, su certificado del Diplomado de Comercio Exterior y Operaciones Aduaneras, as\u00ed como su certificaci\u00f3n en el Est\u00e1ndar de Competencias Laborales EC0537, avalada por el CONOCER y la SEP; lo que refleja su compromiso y trayectoria en esta \u00e1rea del Derecho.<\/div><\/li>\n<li><div class=\"wp-block-latest-posts__featured-image alignright\"><a href=\"https:\/\/garbar.info\/zh\/compartimos-el-reconocimiento-de-nuestro-socio-fundador-manuel-garcia-barragan-martinez-como-abogado-recomendado-en-el-ranking-de-the-legal-500-2026-para-mexico\/\" aria-label=\"Compartimos el reconocimiento de nuestro socio fundador Manuel Garc\u00eda Barrag\u00e1n Mart\u00ednez como Abogado Recomendado, en el ranking de The Legal 500 2026 para M\u00e9xico\"><img loading=\"lazy\" decoding=\"async\" width=\"150\" height=\"150\" src=\"https:\/\/garbar.info\/wp-content\/uploads\/2025\/10\/garbar.web_.mgbm_.2025-150x150.jpg\" class=\"attachment-thumbnail size-thumbnail wp-post-image\" alt=\"\" style=\"max-width:113px;max-height:113px;\" srcset=\"https:\/\/garbar.info\/wp-content\/uploads\/2025\/10\/garbar.web_.mgbm_.2025-150x150.jpg 150w, https:\/\/garbar.info\/wp-content\/uploads\/2025\/10\/garbar.web_.mgbm_.2025-700x700.jpg 700w\" sizes=\"auto, (max-width: 150px) 100vw, 150px\" \/><\/a><\/div><a class=\"wp-block-latest-posts__post-title\" href=\"https:\/\/garbar.info\/zh\/compartimos-el-reconocimiento-de-nuestro-socio-fundador-manuel-garcia-barragan-martinez-como-abogado-recomendado-en-el-ranking-de-the-legal-500-2026-para-mexico\/\">Compartimos el reconocimiento de nuestro socio fundador Manuel Garc\u00eda Barrag\u00e1n Mart\u00ednez como Abogado Recomendado, en el ranking de The Legal 500 2026 para M\u00e9xico<\/a><div class=\"wp-block-latest-posts__post-author\">\u4f5c\u8005\uff1aGarc\u00eda Barrag\u00e1n Abogados<\/div><time datetime=\"2025-10-27T13:03:40-06:00\" class=\"wp-block-latest-posts__post-date\">27 de 10 \u6708 de 2025<\/time><div class=\"wp-block-latest-posts__post-excerpt\">Con gran orgullo y entusiasmo, compartimos que el d\u00eda de ayer nuestra consejera, la licenciada Luc\u00eda Mello Gonz\u00e1lez recibi\u00f3 por parte de la ANIERM, en el marco de\u00a0\u201cThe Logistics World Summit & Expo 2025\u201d, el evento de log\u00edstica m\u00e1s importante de Latinoam\u00e9rica, su certificado del Diplomado de Comercio Exterior y Operaciones Aduaneras, as\u00ed como su certificaci\u00f3n en el Est\u00e1ndar de Competencias Laborales EC0537, avalada por el CONOCER y la SEP; lo que refleja su compromiso y trayectoria en esta \u00e1rea del Derecho.<\/div><\/li>\n<li><div class=\"wp-block-latest-posts__featured-image alignright\"><a href=\"https:\/\/garbar.info\/zh\/garcia-barragan-abogados-s-c-ha-sido-reconocido-por-legal-500-como-firma-recomendada-y-destacada-en-el-area-de-practica-de-resolucion-de-disputas-arbitraje-en-el-ranking-de-2026-para-mexico\/\" aria-label=\"Garc\u00eda Barrag\u00e1n Abogados, S.C., ha sido reconocido por Legal 500 como Firma recomendada y destacada en el \u00e1rea de pr\u00e1ctica de Resoluci\u00f3n de Disputas: Arbitraje en el ranking de 2026 para M\u00e9xico\"><img loading=\"lazy\" decoding=\"async\" width=\"150\" height=\"150\" src=\"https:\/\/garbar.info\/wp-content\/uploads\/2025\/10\/garbar.web_.gba_.2025-150x150.jpg\" class=\"attachment-thumbnail size-thumbnail wp-post-image\" alt=\"\" style=\"max-width:113px;max-height:113px;\" srcset=\"https:\/\/garbar.info\/wp-content\/uploads\/2025\/10\/garbar.web_.gba_.2025-150x150.jpg 150w, https:\/\/garbar.info\/wp-content\/uploads\/2025\/10\/garbar.web_.gba_.2025-700x700.jpg 700w\" sizes=\"auto, (max-width: 150px) 100vw, 150px\" \/><\/a><\/div><a class=\"wp-block-latest-posts__post-title\" href=\"https:\/\/garbar.info\/zh\/garcia-barragan-abogados-s-c-ha-sido-reconocido-por-legal-500-como-firma-recomendada-y-destacada-en-el-area-de-practica-de-resolucion-de-disputas-arbitraje-en-el-ranking-de-2026-para-mexico\/\">Garc\u00eda Barrag\u00e1n Abogados, S.C., ha sido reconocido por Legal 500 como Firma recomendada y destacada en el \u00e1rea de pr\u00e1ctica de Resoluci\u00f3n de Disputas: Arbitraje en el ranking de 2026 para M\u00e9xico<\/a><div class=\"wp-block-latest-posts__post-author\">\u4f5c\u8005\uff1aGarc\u00eda Barrag\u00e1n Abogados<\/div><time datetime=\"2025-10-27T12:51:54-06:00\" class=\"wp-block-latest-posts__post-date\">27 de 10 \u6708 de 2025<\/time><div class=\"wp-block-latest-posts__post-excerpt\">Con gran orgullo y entusiasmo, compartimos que el d\u00eda de ayer nuestra consejera, la licenciada Luc\u00eda Mello Gonz\u00e1lez recibi\u00f3 por parte de la ANIERM, en el marco de\u00a0\u201cThe Logistics World Summit & Expo 2025\u201d, el evento de log\u00edstica m\u00e1s importante de Latinoam\u00e9rica, su certificado del Diplomado de Comercio Exterior y Operaciones Aduaneras, as\u00ed como su certificaci\u00f3n en el Est\u00e1ndar de Competencias Laborales EC0537, avalada por el CONOCER y la SEP; lo que refleja su compromiso y trayectoria en esta \u00e1rea del Derecho.<\/div><\/li>\n<li><div class=\"wp-block-latest-posts__featured-image alignright\"><a href=\"https:\/\/garbar.info\/zh\/proyecto-de-reforma-a-la-ley-de-amparo\/\" aria-label=\"Proyecto de Reforma a la Ley de Amparo\"><img loading=\"lazy\" decoding=\"async\" width=\"150\" height=\"150\" src=\"https:\/\/garbar.info\/wp-content\/uploads\/2025\/09\/garbar.2025.proyecto.de_.reforma.a.la_.ley_.de_.amparo.news_-150x150.jpg\" class=\"attachment-thumbnail size-thumbnail wp-post-image\" alt=\"\" style=\"max-width:113px;max-height:113px;\" srcset=\"https:\/\/garbar.info\/wp-content\/uploads\/2025\/09\/garbar.2025.proyecto.de_.reforma.a.la_.ley_.de_.amparo.news_-150x150.jpg 150w, https:\/\/garbar.info\/wp-content\/uploads\/2025\/09\/garbar.2025.proyecto.de_.reforma.a.la_.ley_.de_.amparo.news_-700x700.jpg 700w\" sizes=\"auto, (max-width: 150px) 100vw, 150px\" \/><\/a><\/div><a class=\"wp-block-latest-posts__post-title\" href=\"https:\/\/garbar.info\/zh\/proyecto-de-reforma-a-la-ley-de-amparo\/\">Proyecto de Reforma a la Ley de Amparo<\/a><div class=\"wp-block-latest-posts__post-author\">\u4f5c\u8005\uff1aGarc\u00eda Barrag\u00e1n Abogados<\/div><time datetime=\"2025-09-23T17:09:48-06:00\" class=\"wp-block-latest-posts__post-date\">23 de 9 \u6708 de 2025<\/time><div class=\"wp-block-latest-posts__post-excerpt\">Con gran orgullo y entusiasmo, compartimos que el d\u00eda de ayer nuestra consejera, la licenciada Luc\u00eda Mello Gonz\u00e1lez recibi\u00f3 por parte de la ANIERM, en el marco de\u00a0\u201cThe Logistics World Summit & Expo 2025\u201d, el evento de log\u00edstica m\u00e1s importante de Latinoam\u00e9rica, su certificado del Diplomado de Comercio Exterior y Operaciones Aduaneras, as\u00ed como su certificaci\u00f3n en el Est\u00e1ndar de Competencias Laborales EC0537, avalada por el CONOCER y la SEP; lo que refleja su compromiso y trayectoria en esta \u00e1rea del Derecho.<\/div><\/li>\n<li><div class=\"wp-block-latest-posts__featured-image alignright\"><a href=\"https:\/\/garbar.info\/zh\/adriana-lopez-gonzalez-latin-america-guide-en-arbitration-mexico-band-4\/\" aria-label=\"Adriana L\u00f3pez Gonz\u00e1lez Latin America Guide\u00a0en\u00a0Arbitration \u2013 Mexico, Band 4\"><img loading=\"lazy\" decoding=\"async\" width=\"150\" height=\"150\" src=\"https:\/\/garbar.info\/wp-content\/uploads\/2025\/08\/garbar-alg-chambers-intellectual-property-2026-150x150.png\" class=\"attachment-thumbnail size-thumbnail wp-post-image\" alt=\"\" style=\"max-width:113px;max-height:113px;\" srcset=\"https:\/\/garbar.info\/wp-content\/uploads\/2025\/08\/garbar-alg-chambers-intellectual-property-2026-150x150.png 150w, https:\/\/garbar.info\/wp-content\/uploads\/2025\/08\/garbar-alg-chambers-intellectual-property-2026-700x700.png 700w\" sizes=\"auto, (max-width: 150px) 100vw, 150px\" \/><\/a><\/div><a class=\"wp-block-latest-posts__post-title\" href=\"https:\/\/garbar.info\/zh\/adriana-lopez-gonzalez-latin-america-guide-en-arbitration-mexico-band-4\/\">Adriana L\u00f3pez Gonz\u00e1lez Latin America Guide\u00a0en\u00a0Arbitration \u2013 Mexico, Band 4<\/a><div class=\"wp-block-latest-posts__post-author\">\u4f5c\u8005\uff1aGarc\u00eda Barrag\u00e1n Abogados<\/div><time datetime=\"2025-08-26T09:57:03-06:00\" class=\"wp-block-latest-posts__post-date\">26 de 8 \u6708 de 2025<\/time><div class=\"wp-block-latest-posts__post-excerpt\">Con gran orgullo y entusiasmo, compartimos que el d\u00eda de ayer nuestra consejera, la licenciada Luc\u00eda Mello Gonz\u00e1lez recibi\u00f3 por parte de la ANIERM, en el marco de\u00a0\u201cThe Logistics World Summit & Expo 2025\u201d, el evento de log\u00edstica m\u00e1s importante de Latinoam\u00e9rica, su certificado del Diplomado de Comercio Exterior y Operaciones Aduaneras, as\u00ed como su certificaci\u00f3n en el Est\u00e1ndar de Competencias Laborales EC0537, avalada por el CONOCER y la SEP; lo que refleja su compromiso y trayectoria en esta \u00e1rea del Derecho.<\/div><\/li>\n<li><div class=\"wp-block-latest-posts__featured-image alignright\"><a href=\"https:\/\/garbar.info\/zh\/daniel-garcia-barragan-lopez-corporate-ma-highly-regarded-mexico-band-4\/\" aria-label=\"Daniel Garc\u00eda Barrag\u00e1n L\u00f3pez Corporate \/ M&amp;A: Highly Regarded \u2013 Mexico, Band 4\"><img loading=\"lazy\" decoding=\"async\" width=\"150\" height=\"150\" src=\"https:\/\/garbar.info\/wp-content\/uploads\/2025\/08\/garbar-dgbl-chambers-corporate-ma-2026-150x150.png\" class=\"attachment-thumbnail size-thumbnail wp-post-image\" alt=\"\" style=\"max-width:113px;max-height:113px;\" srcset=\"https:\/\/garbar.info\/wp-content\/uploads\/2025\/08\/garbar-dgbl-chambers-corporate-ma-2026-150x150.png 150w, https:\/\/garbar.info\/wp-content\/uploads\/2025\/08\/garbar-dgbl-chambers-corporate-ma-2026-700x700.png 700w\" sizes=\"auto, (max-width: 150px) 100vw, 150px\" \/><\/a><\/div><a class=\"wp-block-latest-posts__post-title\" href=\"https:\/\/garbar.info\/zh\/daniel-garcia-barragan-lopez-corporate-ma-highly-regarded-mexico-band-4\/\">Daniel Garc\u00eda Barrag\u00e1n L\u00f3pez Corporate \/ M&amp;A: Highly Regarded \u2013 Mexico, Band 4<\/a><div class=\"wp-block-latest-posts__post-author\">\u4f5c\u8005\uff1aGarc\u00eda Barrag\u00e1n Abogados<\/div><time datetime=\"2025-08-26T09:45:30-06:00\" class=\"wp-block-latest-posts__post-date\">26 de 8 \u6708 de 2025<\/time><div class=\"wp-block-latest-posts__post-excerpt\">Con gran orgullo y entusiasmo, compartimos que el d\u00eda de ayer nuestra consejera, la licenciada Luc\u00eda Mello Gonz\u00e1lez recibi\u00f3 por parte de la ANIERM, en el marco de\u00a0\u201cThe Logistics World Summit & Expo 2025\u201d, el evento de log\u00edstica m\u00e1s importante de Latinoam\u00e9rica, su certificado del Diplomado de Comercio Exterior y Operaciones Aduaneras, as\u00ed como su certificaci\u00f3n en el Est\u00e1ndar de Competencias Laborales EC0537, avalada por el CONOCER y la SEP; lo que refleja su compromiso y trayectoria en esta \u00e1rea del Derecho.<\/div><\/li>\n<li><div class=\"wp-block-latest-posts__featured-image alignright\"><a href=\"https:\/\/garbar.info\/zh\/daniel-garcia-barragan-lopez-dispute-resolution-civil-commercial-litigation-mexico-band-4\/\" aria-label=\"Daniel Garc\u00eda Barrag\u00e1n L\u00f3pez Dispute Resolution: Civil &amp; Commercial Litigation \u2013 Mexico, Band 4\"><img loading=\"lazy\" decoding=\"async\" width=\"150\" height=\"150\" src=\"https:\/\/garbar.info\/wp-content\/uploads\/2025\/08\/garbar-dgbl-chambers-civil-commercial-2026-150x150.png\" class=\"attachment-thumbnail size-thumbnail wp-post-image\" alt=\"\" style=\"max-width:113px;max-height:113px;\" srcset=\"https:\/\/garbar.info\/wp-content\/uploads\/2025\/08\/garbar-dgbl-chambers-civil-commercial-2026-150x150.png 150w, https:\/\/garbar.info\/wp-content\/uploads\/2025\/08\/garbar-dgbl-chambers-civil-commercial-2026-700x700.png 700w\" sizes=\"auto, (max-width: 150px) 100vw, 150px\" \/><\/a><\/div><a class=\"wp-block-latest-posts__post-title\" href=\"https:\/\/garbar.info\/zh\/daniel-garcia-barragan-lopez-dispute-resolution-civil-commercial-litigation-mexico-band-4\/\">Daniel Garc\u00eda Barrag\u00e1n L\u00f3pez Dispute Resolution: Civil &amp; Commercial Litigation \u2013 Mexico, Band 4<\/a><div class=\"wp-block-latest-posts__post-author\">\u4f5c\u8005\uff1aGarc\u00eda Barrag\u00e1n Abogados<\/div><time datetime=\"2025-08-26T09:39:53-06:00\" class=\"wp-block-latest-posts__post-date\">26 de 8 \u6708 de 2025<\/time><div class=\"wp-block-latest-posts__post-excerpt\">Con gran orgullo y entusiasmo, compartimos que el d\u00eda de ayer nuestra consejera, la licenciada Luc\u00eda Mello Gonz\u00e1lez recibi\u00f3 por parte de la ANIERM, en el marco de\u00a0\u201cThe Logistics World Summit & Expo 2025\u201d, el evento de log\u00edstica m\u00e1s importante de Latinoam\u00e9rica, su certificado del Diplomado de Comercio Exterior y Operaciones Aduaneras, as\u00ed como su certificaci\u00f3n en el Est\u00e1ndar de Competencias Laborales EC0537, avalada por el CONOCER y la SEP; lo que refleja su compromiso y trayectoria en esta \u00e1rea del Derecho.<\/div><\/li>\n<\/ul><\/div>\n<\/aside><aside id=\"block-8\" class=\"widget inner-padding widget_block\">\n<div style=\"height:49px\" aria-hidden=\"true\" class=\"wp-block-spacer\"><\/div>\n<\/aside><aside id=\"nav_menu-3\" class=\"widget inner-padding widget_nav_menu\"><div class=\"menu-garbar-menu-container\"><ul id=\"menu-garbar-menu\" class=\"menu\"><li id=\"menu-item-516\" class=\"menu-item menu-item-type-post_type menu-item-object-page menu-item-516\"><a href=\"https:\/\/garbar.info\/zh\/acerca-de\/\">\u5173\u4e8e\u6211\u4eec<\/a><\/li>\n<li id=\"menu-item-501\" class=\"menu-item menu-item-type-post_type menu-item-object-page menu-item-501\"><a href=\"https:\/\/garbar.info\/zh\/areas-de-practica\/\">\u5b9e\u8df5\u9886\u57df<\/a><\/li>\n<li id=\"menu-item-502\" class=\"menu-item menu-item-type-post_type menu-item-object-page menu-item-502\"><a href=\"https:\/\/garbar.info\/zh\/equipo\/\">\u56e2\u961f<\/a><\/li>\n<li id=\"menu-item-503\" class=\"menu-item menu-item-type-post_type menu-item-object-page menu-item-503\"><a href=\"https:\/\/garbar.info\/zh\/noticias\/\">\u6d88\u606f<\/a><\/li>\n<li id=\"menu-item-559\" class=\"menu-item menu-item-type-post_type menu-item-object-page menu-item-559\"><a href=\"https:\/\/garbar.info\/zh\/contacto\/\">\u63a5\u89e6<\/a><\/li>\n<\/ul><\/div><\/aside>\t\t\t\t<\/div>\n\t\t\t\t<\/div>\n\t\t\t\t\t<\/div>\n\t\t<\/div>\n\t\t\t\t\t<\/div>\n\t\t<\/section>\n\t\t\t\t<\/div>","protected":false},"excerpt":{"rendered":"<p>El d\u00eda 17 de febrero de 2025 se public\u00f3 en el Diario Oficial de la Federaci\u00f3n el \u201cAcuerdo por el que se dan a conocer las Marcas de Certificaci\u00f3n Hecho en M\u00e9xico y Made in Mexico (y dise\u00f1os) y se expiden sus reglas de uso\u201d (Acuerdo). Las marcas de certificaci\u00f3n son las siguientes:<\/p>","protected":false},"author":1,"featured_media":1238,"comment_status":"open","ping_status":"open","sticky":false,"template":"elementor_header_footer","format":"standard","meta":{"inline_featured_image":false,"footnotes":""},"categories":[69],"tags":[],"class_list":["post-1237","post","type-post","status-publish","format-standard","has-post-thumbnail","hentry","category-propiedad-intelectual"],"_links":{"self":[{"href":"https:\/\/garbar.info\/zh\/wp-json\/wp\/v2\/posts\/1237","targetHints":{"allow":["GET"]}}],"collection":[{"href":"https:\/\/garbar.info\/zh\/wp-json\/wp\/v2\/posts"}],"about":[{"href":"https:\/\/garbar.info\/zh\/wp-json\/wp\/v2\/types\/post"}],"author":[{"embeddable":true,"href":"https:\/\/garbar.info\/zh\/wp-json\/wp\/v2\/users\/1"}],"replies":[{"embeddable":true,"href":"https:\/\/garbar.info\/zh\/wp-json\/wp\/v2\/comments?post=1237"}],"version-history":[{"count":7,"href":"https:\/\/garbar.info\/zh\/wp-json\/wp\/v2\/posts\/1237\/revisions"}],"predecessor-version":[{"id":1325,"href":"https:\/\/garbar.info\/zh\/wp-json\/wp\/v2\/posts\/1237\/revisions\/1325"}],"wp:featuredmedia":[{"embeddable":true,"href":"https:\/\/garbar.info\/zh\/wp-json\/wp\/v2\/media\/1238"}],"wp:attachment":[{"href":"https:\/\/garbar.info\/zh\/wp-json\/wp\/v2\/media?parent=1237"}],"wp:term":[{"taxonomy":"category","embeddable":true,"href":"https:\/\/garbar.info\/zh\/wp-json\/wp\/v2\/categories?post=1237"},{"taxonomy":"post_tag","embeddable":true,"href":"https:\/\/garbar.info\/zh\/wp-json\/wp\/v2\/tags?post=1237"}],"curies":[{"name":"wp","href":"https:\/\/api.w.org\/{rel}","templated":true}]}}