{"id":1185,"date":"2025-02-14T09:00:55","date_gmt":"2025-02-14T15:00:55","guid":{"rendered":"https:\/\/garbar.info\/?p=1185"},"modified":"2025-03-02T22:28:10","modified_gmt":"2025-03-03T04:28:10","slug":"acuerdo-entre-el-instituto-mexicano-de-la-propiedad-industrial-y-la-comision-federal-para-la-proteccion-contra-riesgos-sanitarios","status":"publish","type":"post","link":"https:\/\/garbar.info\/zh\/acuerdo-entre-el-instituto-mexicano-de-la-propiedad-industrial-y-la-comision-federal-para-la-proteccion-contra-riesgos-sanitarios\/","title":{"rendered":"Acuerdo entre el Instituto Mexicano de la Propiedad Industrial y la Comisi\u00f3n Federal para la Protecci\u00f3n contra Riesgos Sanitarios"},"content":{"rendered":"<div data-elementor-type=\"wp-post\" data-elementor-id=\"1185\" class=\"elementor elementor-1185\" data-elementor-post-type=\"post\">\n\t\t\t\t\t\t<section class=\"elementor-section elementor-top-section elementor-element elementor-element-8fd0310 elementor-section-boxed elementor-section-height-default elementor-section-height-default\" data-id=\"8fd0310\" data-element_type=\"section\" data-settings=\"{&quot;background_background&quot;:&quot;classic&quot;}\">\n\t\t\t\t\t\t<div class=\"elementor-container elementor-column-gap-default\">\n\t\t\t\t\t<div class=\"elementor-column elementor-col-50 elementor-top-column elementor-element elementor-element-0f328b8\" data-id=\"0f328b8\" data-element_type=\"column\">\n\t\t\t<div class=\"elementor-widget-wrap elementor-element-populated\">\n\t\t\t\t\t\t<div class=\"elementor-element elementor-element-d3842a5 elementor-widget elementor-widget-heading\" data-id=\"d3842a5\" data-element_type=\"widget\" data-widget_type=\"heading.default\">\n\t\t\t\t<div class=\"elementor-widget-container\">\n\t\t\t\t\t<h2 class=\"elementor-heading-title elementor-size-default\">\u76d1\u7ba1<\/h2>\t\t\t\t<\/div>\n\t\t\t\t<\/div>\n\t\t\t\t<div class=\"elementor-element elementor-element-74ab396 elementor-widget elementor-widget-image\" data-id=\"74ab396\" data-element_type=\"widget\" data-widget_type=\"image.default\">\n\t\t\t\t<div class=\"elementor-widget-container\">\n\t\t\t\t\t\t\t\t\t\t\t\t\t\t\t<img loading=\"lazy\" decoding=\"async\" width=\"900\" height=\"506\" src=\"https:\/\/garbar.info\/wp-content\/uploads\/2025\/02\/Acuerdo-entre-el-instituto-mexicano-de-la-propiedad-industrial-y-la-comision-federal-para-la-proteccion-contra-riesgos-sanitarios-1024x576.jpg\" class=\"attachment-large size-large wp-image-1186\" alt=\"\" srcset=\"https:\/\/garbar.info\/wp-content\/uploads\/2025\/02\/Acuerdo-entre-el-instituto-mexicano-de-la-propiedad-industrial-y-la-comision-federal-para-la-proteccion-contra-riesgos-sanitarios-1024x576.jpg 1024w, https:\/\/garbar.info\/wp-content\/uploads\/2025\/02\/Acuerdo-entre-el-instituto-mexicano-de-la-propiedad-industrial-y-la-comision-federal-para-la-proteccion-contra-riesgos-sanitarios-300x169.jpg 300w, https:\/\/garbar.info\/wp-content\/uploads\/2025\/02\/Acuerdo-entre-el-instituto-mexicano-de-la-propiedad-industrial-y-la-comision-federal-para-la-proteccion-contra-riesgos-sanitarios-768x432.jpg 768w, https:\/\/garbar.info\/wp-content\/uploads\/2025\/02\/Acuerdo-entre-el-instituto-mexicano-de-la-propiedad-industrial-y-la-comision-federal-para-la-proteccion-contra-riesgos-sanitarios-18x10.jpg 18w, https:\/\/garbar.info\/wp-content\/uploads\/2025\/02\/Acuerdo-entre-el-instituto-mexicano-de-la-propiedad-industrial-y-la-comision-federal-para-la-proteccion-contra-riesgos-sanitarios.jpg 1200w\" sizes=\"(max-width: 900px) 100vw, 900px\" \/>\t\t\t\t\t\t\t\t\t\t\t\t\t\t\t<\/div>\n\t\t\t\t<\/div>\n\t\t\t\t<div class=\"elementor-element elementor-element-b85d41d elementor-widget elementor-widget-heading\" data-id=\"b85d41d\" data-element_type=\"widget\" data-widget_type=\"heading.default\">\n\t\t\t\t<div class=\"elementor-widget-container\">\n\t\t\t\t\t<h1 class=\"elementor-heading-title elementor-size-default\">Acuerdo entre el Instituto Mexicano de la Propiedad Industrial y la Comisi\u00f3n Federal para la Protecci\u00f3n contra Riesgos Sanitarios.<\/h1>\t\t\t\t<\/div>\n\t\t\t\t<\/div>\n\t\t\t\t<div class=\"elementor-element elementor-element-ee35502 elementor-widget elementor-widget-text-editor\" data-id=\"ee35502\" data-element_type=\"widget\" data-widget_type=\"text-editor.default\">\n\t\t\t\t<div class=\"elementor-widget-container\">\n\t\t\t\t\t\t\t\t\t<p class=\"p1\"><span class=\"s1\">Por el Lic. Ernesto Mart\u00ednez Alcaraz y la I.Q. Erika Carina Hern\u00e1ndez Alatorre Especialistas en Propiedad Industrial en Garc\u00eda Barrag\u00e1n Abogados, S.C.<\/span><\/p><p class=\"p3\"><span class=\"s1\">El 12 de febrero de 2025, a trav\u00e9s de la p\u00e1gina web de la Comisi\u00f3n Nacional de Mejora Regulatoria (www.cofemersimir.gob.mx), fue publicado el anteproyecto del <b>Acuerdo por el que se dan a conocer disposiciones relacionadas con la colaboraci\u00f3n entre el Instituto Mexicano de la Propiedad Industrial (IMPI) y la Comisi\u00f3n Federal para la Protecci\u00f3n Contra Riesgos Sanitarios (COFEPRIS) (Acuerdo). <\/b><\/span><\/p><p class=\"p3\"><span class=\"s1\">Este Acuerdo, objeto del presente an\u00e1lisis, es un anteproyecto, por lo que se encuentra sujeto a comentarios, revisiones y modificaciones a su contenido. Sin embargo, consideramos que el objetivo principal del Acuerdo se mantendr\u00e1 en esencia.<\/span><\/p><p class=\"p3\"><span class=\"s1\">En el Acuerdo se da a conocer el mecanismo de colaboraci\u00f3n t\u00e9cnica entre el IMPI y la Secretar\u00eda de Salud, a trav\u00e9s de la COFEPRIS, para proporcionar la informaci\u00f3n que se requiera dentro del tr\u00e1mite de registro sanitario de medicamentos, salvaguardando en todo momento la confidencialidad de la informaci\u00f3n que corresponda. Dicho Acuerdo establece que ambas dependencias gubernamentales federales dispondr\u00e1n de formatos que faciliten la comunicaci\u00f3n y el procesamiento de la informaci\u00f3n, los cuales se dar\u00e1n a conocer mediante una publicaci\u00f3n en sus respectivas p\u00e1ginas electr\u00f3nicas institucionales.<\/span><\/p><p class=\"p3\"><span class=\"s1\">En lo que respecta al IMPI, el listado de patentes a que se refiere el \u00faltimo p\u00e1rrafo del art\u00edculo 162 de la Ley Federal de Protecci\u00f3n a la Propiedad Industrial (Listado), estar\u00e1 integrado por las patentes de invenci\u00f3n susceptibles de ser empleadas en medicamentos alop\u00e1ticos y biotecnol\u00f3gicos que se encuentren vigentes a la fecha de su publicaci\u00f3n.<\/span><\/p><p class=\"p3\"><span class=\"s1\">La integraci\u00f3n del Listado contendr\u00e1 la siguiente informaci\u00f3n, cuando se encuentre disponible: <\/span><\/p><p class=\"p3\"><span class=\"s1\">I. La denominaci\u00f3n gen\u00e9rica o el nombre reconocido internacionalmente del f\u00e1rmaco o biof\u00e1rmaco o la sustancia activa;<\/span><\/p><p class=\"p3\"><span class=\"s1\">II. La descripci\u00f3n espec\u00edfica;<\/span><\/p><p class=\"p3\"><span class=\"s1\">III. El nombre qu\u00edmico del f\u00e1rmaco o biof\u00e1rmaco, o la sustancia activa;<\/span><\/p><p class=\"p3\"><span class=\"s1\">IV. El n\u00famero de la patente;<\/span><\/p><p class=\"p3\"><span class=\"s1\">V. La vigencia de la patente;<\/span><\/p><p class=\"p3\"><span class=\"s1\">VI. El pago de anualidades al momento de la publicaci\u00f3n del listado;<\/span><\/p><p class=\"p3\"><span class=\"s1\">VII. El titular de la patente;<\/span><\/p><p class=\"p3\"><span class=\"s1\">VIII. La(s) licencia(s) y sublicencia(s), cuando proceda;<\/span><\/p><p class=\"p3\"><span class=\"s1\">IX. La categor\u00eda de protecci\u00f3n;<\/span><\/p><p class=\"p3\"><span class=\"s1\">X. Las observaciones que correspondan, en su caso, y<\/span><\/p><p class=\"p3\"><span class=\"s1\">XI. El v\u00ednculo electr\u00f3nico al t\u00edtulo o expediente de la patente.<\/span><\/p><p class=\"p3\"><span class=\"s1\">Ahora bien, el Listado ser\u00e1 publicado por el IMPI, cuando menos, de manera semestral en la Gaceta de la Propiedad Industrial (Gaceta). En el entendido que la publicaci\u00f3n m\u00e1s reciente del Listado en la Gaceta sustituir\u00e1 a la publicaci\u00f3n inmediata anterior y que pueden realizar publicaciones extraordinarias de dicha Gaceta, y que formar\u00e1n parte del Listado semestral inmediato anterior.<\/span><\/p><p class=\"p3\"><span class=\"s1\">Es de suma importancia se\u00f1alar que el Listado no contendr\u00e1 patentes que protejan un proceso, considerando que el inter\u00e9s principal de este Acuerdo se encuentra centrado en sales o compuestos que sean usados en medicamentos que son susceptibles de registro sanitario.<\/span><\/p><p class=\"p3\"><span class=\"s1\">Ahora bien, la solicitud de cooperaci\u00f3n t\u00e9cnica que realice la COFEPRIS al IMPI deber\u00e1 contener al menos la siguiente informaci\u00f3n:<\/span><\/p><p class=\"p3\"><span class=\"s1\">I. La fecha y el n\u00famero de folio progresivo de la Solicitud asignada por la COFEPRIS;<\/span><\/p><p class=\"p3\"><span class=\"s1\">II. La denominaci\u00f3n gen\u00e9rica o la(s) sal(es).<\/span><\/p><p class=\"p3\"><span class=\"s1\">III. El nombre qu\u00edmico;<\/span><\/p><p class=\"p3\"><span class=\"s1\">IV. La estructura qu\u00edmica;<\/span><\/p><p class=\"p3\"><span class=\"s1\">V. La formulaci\u00f3n de f\u00e1rmacos o biof\u00e1rmacos y aditivos;<\/span><\/p><p class=\"p3\"><span class=\"s1\">VI. La forma farmac\u00e9utica;<\/span><\/p><p class=\"p3\"><span class=\"s1\">VII. La v\u00eda de administraci\u00f3n;<\/span><\/p><p class=\"p3\"><span class=\"s1\">VIII. La consideraci\u00f3n de uso;<\/span><\/p><p class=\"p3\"><span class=\"s1\">IX. La indicaci\u00f3n terap\u00e9utica;<\/span><\/p><p class=\"p3\"><span class=\"s1\">X. Las caracter\u00edsticas del f\u00e1rmaco o del biof\u00e1rmaco o de la sustancia activa;<\/span><\/p><p class=\"p3\"><span class=\"s1\">XI. Las observaciones que la COFEPRIS considere necesarias, cuando sea el caso; <\/span><\/p><p class=\"p3\"><span class=\"s1\">XII. Los documentos anexos que la COFEPRIS considere necesarios, y<\/span><\/p><p class=\"p3\"><span class=\"s1\">XIII. El Formato de Oposici\u00f3n de Tercera Persona Afectada por una Solicitud de Registro Sanitario de Medicamento Gen\u00e9rico o Biocomparable (FOT) ante Cofepris relacionado, de ser el caso.<\/span><\/p><p class=\"p3\"><span class=\"s1\">Por \u00faltimo, el FOT que la COFEPRIS remita al IMPI contendr\u00e1 la informaci\u00f3n que ha sido proporcionada previamente por qui\u00e9n se considere directamente afectado por una solicitud de registro sanitario de medicamento gen\u00e9rico o biocomparable, ya sea el titular, licenciatario o sublicenciatario de una patente.<\/span><\/p><p class=\"p3\"><span class=\"s1\">La respuesta que emita el Instituto a la Solicitud deber\u00e1 contener, cuando as\u00ed corresponda, la siguiente informaci\u00f3n:<\/span><\/p><p class=\"p3\"><span class=\"s1\">I. La fecha y el n\u00famero de folio progresivo de la respuesta emitida por el IMPI;<\/span><\/p><p class=\"p3\"><span class=\"s1\">II. Las patentes vigentes que se relacionan significativamente con la formulaci\u00f3n de f\u00e1rmacos y aditivos; o en su caso, la menci\u00f3n de que no se localizaron patentes vigentes que brinden protecci\u00f3n al compuesto con la denominaci\u00f3n gen\u00e9rica consultada, ni relacionadas significativamente con la formulaci\u00f3n de f\u00e1rmacos y aditivos se\u00f1alada en la Solicitud; <\/span><\/p><p class=\"p3\"><span class=\"s1\">III. Las observaciones que el Instituto considere necesarias, cuando sea el caso;<\/span><\/p><p class=\"p3\"><span class=\"s1\">IV. El an\u00e1lisis t\u00e9cnico de las patentes listadas en la fracci\u00f3n II;<\/span><\/p><p class=\"p3\"><span class=\"s1\">V. Las patentes vigentes relacionadas con la formulaci\u00f3n de f\u00e1rmacos o biof\u00e1rmacos y aditivos objeto de la Solicitud, pero que del an\u00e1lisis se desprenda que no tienen correspondencia con el compuesto ni con la formulaci\u00f3n de f\u00e1rmacos y aditivos se\u00f1alados en la misma, y <\/span><\/p><p class=\"p3\"><span class=\"s1\">VI. En los casos donde el IMPI no pueda emitir la conclusi\u00f3n, por la falta de informaci\u00f3n t\u00e9cnica suficiente que permita determinar la correspondencia entre una patente con la informaci\u00f3n se\u00f1alada en la solicitud, dicha circunstancia se precisar\u00e1 en el apartado de conclusi\u00f3n de la respuesta a la COFEPRIS.<\/span><\/p><p class=\"p3\"><span class=\"s1\">Con dicho Acuerdo, se pretende dar cumplimiento a lo establecido por la Ley Federal de Protecci\u00f3n a la Propiedad Industrial (LFPPI) en materia de colaboraci\u00f3n entre el IMPI y la COFEPRIS, referente a la protecci\u00f3n de los titulares de patentes de invenci\u00f3n susceptibles de ser empleadas en medicamentos alop\u00e1ticos y biotecnol\u00f3gicos.<\/span><\/p><p class=\"p3\"><span class=\"s1\">En el Acuerdo se establece que la COFEPRIS negar\u00e1 el otorgamiento de Registros Sanitarios de Medicamento Gen\u00e9rico o Biocomparable, que sean solicitados de mala fe, y\/o que en el refugio de la laguna legal o vac\u00edo entre las normas, intenten sacar provecho de lo contemplado en la LFPPI y la legislaci\u00f3n en materia de Salud, dando con ello un avance de dimensiones proporcionales en pro de los titulares de las patentes de invenci\u00f3n susceptibles de ser empleadas en medicamentos alop\u00e1ticos y biotecnol\u00f3gicos, fortaleciendo y privilegiando la figura de la patente en M\u00e9xico.<\/span><\/p><p class=\"p3\"><span class=\"s1\">En <b>Garc\u00eda Barrag\u00e1n Abogados<\/b>, contamos con un equipo de profesionistas con amplia experiencia que pueden brindarte asesor\u00eda tanto en el tr\u00e1mite de registro sanitario de medicamentos como en temas relacionados con invenciones. No dudes en contactarnos.<\/span><\/p>\t\t\t\t\t\t\t\t<\/div>\n\t\t\t\t<\/div>\n\t\t\t\t\t<\/div>\n\t\t<\/div>\n\t\t\t\t<div class=\"elementor-column elementor-col-50 elementor-top-column elementor-element elementor-element-4b1b38c\" data-id=\"4b1b38c\" data-element_type=\"column\">\n\t\t\t<div class=\"elementor-widget-wrap elementor-element-populated\">\n\t\t\t\t\t\t<div class=\"elementor-element elementor-element-51f16d6 elementor-widget elementor-widget-spacer\" data-id=\"51f16d6\" data-element_type=\"widget\" data-widget_type=\"spacer.default\">\n\t\t\t\t<div class=\"elementor-widget-container\">\n\t\t\t\t\t\t\t<div class=\"elementor-spacer\">\n\t\t\t<div class=\"elementor-spacer-inner\"><\/div>\n\t\t<\/div>\n\t\t\t\t\t\t<\/div>\n\t\t\t\t<\/div>\n\t\t\t\t<div class=\"elementor-element elementor-element-05cf4ec elementor-widget elementor-widget-sidebar\" data-id=\"05cf4ec\" data-element_type=\"widget\" data-widget_type=\"sidebar.default\">\n\t\t\t\t<div class=\"elementor-widget-container\">\n\t\t\t\t\t<aside id=\"block-3\" class=\"widget inner-padding widget_block\">\n<div class=\"wp-block-group is-layout-constrained wp-block-group-is-layout-constrained\"><ul style=\"font-size:13px;\" class=\"wp-block-latest-posts__list has-dates has-author wp-block-latest-posts\"><li><div class=\"wp-block-latest-posts__featured-image alignright\"><a href=\"https:\/\/garbar.info\/zh\/chambers-and-partners-2026-ha-reconocido-a-nuestro-socio-daniel-garcia-barragan-l\/\" aria-label=\"Chambers and Partners 2026 ha reconocido a nuestro socio Daniel Garc\u00eda Barrag\u00e1n L.\"><img loading=\"lazy\" decoding=\"async\" width=\"150\" height=\"150\" src=\"https:\/\/garbar.info\/wp-content\/uploads\/2026\/02\/garbar-dgbl-chambers-2026-all-150x150.jpg\" class=\"attachment-thumbnail size-thumbnail wp-post-image\" alt=\"\" style=\"max-width:113px;max-height:113px;\" srcset=\"https:\/\/garbar.info\/wp-content\/uploads\/2026\/02\/garbar-dgbl-chambers-2026-all-150x150.jpg 150w, https:\/\/garbar.info\/wp-content\/uploads\/2026\/02\/garbar-dgbl-chambers-2026-all-700x700.jpg 700w\" sizes=\"(max-width: 150px) 100vw, 150px\" \/><\/a><\/div><a class=\"wp-block-latest-posts__post-title\" href=\"https:\/\/garbar.info\/zh\/chambers-and-partners-2026-ha-reconocido-a-nuestro-socio-daniel-garcia-barragan-l\/\">Chambers and Partners 2026 ha reconocido a nuestro socio Daniel Garc\u00eda Barrag\u00e1n L.<\/a><div class=\"wp-block-latest-posts__post-author\">\u4f5c\u8005\uff1aGarc\u00eda Barrag\u00e1n Abogados<\/div><time datetime=\"2026-02-18T12:45:12-06:00\" class=\"wp-block-latest-posts__post-date\">18 de 2 \u6708 de 2026<\/time><div class=\"wp-block-latest-posts__post-excerpt\">Con gran orgullo y entusiasmo, compartimos que el d\u00eda de ayer nuestra consejera, la licenciada Luc\u00eda Mello Gonz\u00e1lez recibi\u00f3 por parte de la ANIERM, en el marco de\u00a0\u201cThe Logistics World Summit & Expo 2025\u201d, el evento de log\u00edstica m\u00e1s importante de Latinoam\u00e9rica, su certificado del Diplomado de Comercio Exterior y Operaciones Aduaneras, as\u00ed como su certificaci\u00f3n en el Est\u00e1ndar de Competencias Laborales EC0537, avalada por el CONOCER y la SEP; lo que refleja su compromiso y trayectoria en esta \u00e1rea del Derecho.<\/div><\/li>\n<li><div class=\"wp-block-latest-posts__featured-image alignright\"><a href=\"https:\/\/garbar.info\/zh\/analisis-al-decreto-por-el-que-se-reforman-y-adicionan-disposiciones-a-la-ley-de-amparo\/\" aria-label=\"\u00a0An\u00e1lisis al Decreto por el que se reforman y adicionan disposiciones a la Ley de Amparo\"><img loading=\"lazy\" decoding=\"async\" width=\"150\" height=\"150\" src=\"https:\/\/garbar.info\/wp-content\/uploads\/2025\/11\/garbar.2025.analisis.ley_.amparo.news_-150x150.jpg\" class=\"attachment-thumbnail size-thumbnail wp-post-image\" alt=\"\" style=\"max-width:113px;max-height:113px;\" srcset=\"https:\/\/garbar.info\/wp-content\/uploads\/2025\/11\/garbar.2025.analisis.ley_.amparo.news_-150x150.jpg 150w, https:\/\/garbar.info\/wp-content\/uploads\/2025\/11\/garbar.2025.analisis.ley_.amparo.news_-700x700.jpg 700w\" sizes=\"(max-width: 150px) 100vw, 150px\" \/><\/a><\/div><a class=\"wp-block-latest-posts__post-title\" href=\"https:\/\/garbar.info\/zh\/analisis-al-decreto-por-el-que-se-reforman-y-adicionan-disposiciones-a-la-ley-de-amparo\/\">\u00a0An\u00e1lisis al Decreto por el que se reforman y adicionan disposiciones a la Ley de Amparo<\/a><div class=\"wp-block-latest-posts__post-author\">\u4f5c\u8005\uff1aGarc\u00eda Barrag\u00e1n Abogados<\/div><time datetime=\"2025-11-05T11:47:30-06:00\" class=\"wp-block-latest-posts__post-date\">5 de 11 \u6708 de 2025<\/time><div class=\"wp-block-latest-posts__post-excerpt\">Con gran orgullo y entusiasmo, compartimos que el d\u00eda de ayer nuestra consejera, la licenciada Luc\u00eda Mello Gonz\u00e1lez recibi\u00f3 por parte de la ANIERM, en el marco de\u00a0\u201cThe Logistics World Summit & Expo 2025\u201d, el evento de log\u00edstica m\u00e1s importante de Latinoam\u00e9rica, su certificado del Diplomado de Comercio Exterior y Operaciones Aduaneras, as\u00ed como su certificaci\u00f3n en el Est\u00e1ndar de Competencias Laborales EC0537, avalada por el CONOCER y la SEP; lo que refleja su compromiso y trayectoria en esta \u00e1rea del Derecho.<\/div><\/li>\n<li><div class=\"wp-block-latest-posts__featured-image alignright\"><a href=\"https:\/\/garbar.info\/zh\/compartimos-el-reconocimiento-de-nuestro-socio-daniel-garcia-barragan-lopez-como-socio-de-proxima-generacion-en-el-ranking-de-legal-500-2026-para-mexico\/\" aria-label=\"Compartimos el reconocimiento de nuestro socio Daniel Garc\u00eda Barrag\u00e1n L\u00f3pez como Socio de Pr\u00f3xima Generaci\u00f3n, en el ranking de Legal 500 2026 para M\u00e9xico\"><img loading=\"lazy\" decoding=\"async\" width=\"150\" height=\"150\" src=\"https:\/\/garbar.info\/wp-content\/uploads\/2025\/10\/garbar.web_.dgbl_.2025-150x150.jpg\" class=\"attachment-thumbnail size-thumbnail wp-post-image\" alt=\"\" style=\"max-width:113px;max-height:113px;\" srcset=\"https:\/\/garbar.info\/wp-content\/uploads\/2025\/10\/garbar.web_.dgbl_.2025-150x150.jpg 150w, https:\/\/garbar.info\/wp-content\/uploads\/2025\/10\/garbar.web_.dgbl_.2025-700x700.jpg 700w\" sizes=\"(max-width: 150px) 100vw, 150px\" \/><\/a><\/div><a class=\"wp-block-latest-posts__post-title\" href=\"https:\/\/garbar.info\/zh\/compartimos-el-reconocimiento-de-nuestro-socio-daniel-garcia-barragan-lopez-como-socio-de-proxima-generacion-en-el-ranking-de-legal-500-2026-para-mexico\/\">Compartimos el reconocimiento de nuestro socio Daniel Garc\u00eda Barrag\u00e1n L\u00f3pez como Socio de Pr\u00f3xima Generaci\u00f3n, en el ranking de Legal 500 2026 para M\u00e9xico<\/a><div class=\"wp-block-latest-posts__post-author\">\u4f5c\u8005\uff1aGarc\u00eda Barrag\u00e1n Abogados<\/div><time datetime=\"2025-10-27T13:06:22-06:00\" class=\"wp-block-latest-posts__post-date\">27 de 10 \u6708 de 2025<\/time><div class=\"wp-block-latest-posts__post-excerpt\">Con gran orgullo y entusiasmo, compartimos que el d\u00eda de ayer nuestra consejera, la licenciada Luc\u00eda Mello Gonz\u00e1lez recibi\u00f3 por parte de la ANIERM, en el marco de\u00a0\u201cThe Logistics World Summit & Expo 2025\u201d, el evento de log\u00edstica m\u00e1s importante de Latinoam\u00e9rica, su certificado del Diplomado de Comercio Exterior y Operaciones Aduaneras, as\u00ed como su certificaci\u00f3n en el Est\u00e1ndar de Competencias Laborales EC0537, avalada por el CONOCER y la SEP; lo que refleja su compromiso y trayectoria en esta \u00e1rea del Derecho.<\/div><\/li>\n<li><div class=\"wp-block-latest-posts__featured-image alignright\"><a href=\"https:\/\/garbar.info\/zh\/compartimos-el-reconocimiento-de-nuestro-socio-fundador-manuel-garcia-barragan-martinez-como-abogado-recomendado-en-el-ranking-de-the-legal-500-2026-para-mexico\/\" aria-label=\"Compartimos el reconocimiento de nuestro socio fundador Manuel Garc\u00eda Barrag\u00e1n Mart\u00ednez como Abogado Recomendado, en el ranking de The Legal 500 2026 para M\u00e9xico\"><img loading=\"lazy\" decoding=\"async\" width=\"150\" height=\"150\" src=\"https:\/\/garbar.info\/wp-content\/uploads\/2025\/10\/garbar.web_.mgbm_.2025-150x150.jpg\" class=\"attachment-thumbnail size-thumbnail wp-post-image\" alt=\"\" style=\"max-width:113px;max-height:113px;\" srcset=\"https:\/\/garbar.info\/wp-content\/uploads\/2025\/10\/garbar.web_.mgbm_.2025-150x150.jpg 150w, https:\/\/garbar.info\/wp-content\/uploads\/2025\/10\/garbar.web_.mgbm_.2025-700x700.jpg 700w\" sizes=\"auto, (max-width: 150px) 100vw, 150px\" \/><\/a><\/div><a class=\"wp-block-latest-posts__post-title\" href=\"https:\/\/garbar.info\/zh\/compartimos-el-reconocimiento-de-nuestro-socio-fundador-manuel-garcia-barragan-martinez-como-abogado-recomendado-en-el-ranking-de-the-legal-500-2026-para-mexico\/\">Compartimos el reconocimiento de nuestro socio fundador Manuel Garc\u00eda Barrag\u00e1n Mart\u00ednez como Abogado Recomendado, en el ranking de The Legal 500 2026 para M\u00e9xico<\/a><div class=\"wp-block-latest-posts__post-author\">\u4f5c\u8005\uff1aGarc\u00eda Barrag\u00e1n Abogados<\/div><time datetime=\"2025-10-27T13:03:40-06:00\" class=\"wp-block-latest-posts__post-date\">27 de 10 \u6708 de 2025<\/time><div class=\"wp-block-latest-posts__post-excerpt\">Con gran orgullo y entusiasmo, compartimos que el d\u00eda de ayer nuestra consejera, la licenciada Luc\u00eda Mello Gonz\u00e1lez recibi\u00f3 por parte de la ANIERM, en el marco de\u00a0\u201cThe Logistics World Summit & Expo 2025\u201d, el evento de log\u00edstica m\u00e1s importante de Latinoam\u00e9rica, su certificado del Diplomado de Comercio Exterior y Operaciones Aduaneras, as\u00ed como su certificaci\u00f3n en el Est\u00e1ndar de Competencias Laborales EC0537, avalada por el CONOCER y la SEP; lo que refleja su compromiso y trayectoria en esta \u00e1rea del Derecho.<\/div><\/li>\n<li><div class=\"wp-block-latest-posts__featured-image alignright\"><a href=\"https:\/\/garbar.info\/zh\/garcia-barragan-abogados-s-c-ha-sido-reconocido-por-legal-500-como-firma-recomendada-y-destacada-en-el-area-de-practica-de-resolucion-de-disputas-arbitraje-en-el-ranking-de-2026-para-mexico\/\" aria-label=\"Garc\u00eda Barrag\u00e1n Abogados, S.C., ha sido reconocido por Legal 500 como Firma recomendada y destacada en el \u00e1rea de pr\u00e1ctica de Resoluci\u00f3n de Disputas: Arbitraje en el ranking de 2026 para M\u00e9xico\"><img loading=\"lazy\" decoding=\"async\" width=\"150\" height=\"150\" src=\"https:\/\/garbar.info\/wp-content\/uploads\/2025\/10\/garbar.web_.gba_.2025-150x150.jpg\" class=\"attachment-thumbnail size-thumbnail wp-post-image\" alt=\"\" style=\"max-width:113px;max-height:113px;\" srcset=\"https:\/\/garbar.info\/wp-content\/uploads\/2025\/10\/garbar.web_.gba_.2025-150x150.jpg 150w, https:\/\/garbar.info\/wp-content\/uploads\/2025\/10\/garbar.web_.gba_.2025-700x700.jpg 700w\" sizes=\"auto, (max-width: 150px) 100vw, 150px\" \/><\/a><\/div><a class=\"wp-block-latest-posts__post-title\" href=\"https:\/\/garbar.info\/zh\/garcia-barragan-abogados-s-c-ha-sido-reconocido-por-legal-500-como-firma-recomendada-y-destacada-en-el-area-de-practica-de-resolucion-de-disputas-arbitraje-en-el-ranking-de-2026-para-mexico\/\">Garc\u00eda Barrag\u00e1n Abogados, S.C., ha sido reconocido por Legal 500 como Firma recomendada y destacada en el \u00e1rea de pr\u00e1ctica de Resoluci\u00f3n de Disputas: Arbitraje en el ranking de 2026 para M\u00e9xico<\/a><div class=\"wp-block-latest-posts__post-author\">\u4f5c\u8005\uff1aGarc\u00eda Barrag\u00e1n Abogados<\/div><time datetime=\"2025-10-27T12:51:54-06:00\" class=\"wp-block-latest-posts__post-date\">27 de 10 \u6708 de 2025<\/time><div class=\"wp-block-latest-posts__post-excerpt\">Con gran orgullo y entusiasmo, compartimos que el d\u00eda de ayer nuestra consejera, la licenciada Luc\u00eda Mello Gonz\u00e1lez recibi\u00f3 por parte de la ANIERM, en el marco de\u00a0\u201cThe Logistics World Summit & Expo 2025\u201d, el evento de log\u00edstica m\u00e1s importante de Latinoam\u00e9rica, su certificado del Diplomado de Comercio Exterior y Operaciones Aduaneras, as\u00ed como su certificaci\u00f3n en el Est\u00e1ndar de Competencias Laborales EC0537, avalada por el CONOCER y la SEP; lo que refleja su compromiso y trayectoria en esta \u00e1rea del Derecho.<\/div><\/li>\n<li><div class=\"wp-block-latest-posts__featured-image alignright\"><a href=\"https:\/\/garbar.info\/zh\/proyecto-de-reforma-a-la-ley-de-amparo\/\" aria-label=\"Proyecto de Reforma a la Ley de Amparo\"><img loading=\"lazy\" decoding=\"async\" width=\"150\" height=\"150\" src=\"https:\/\/garbar.info\/wp-content\/uploads\/2025\/09\/garbar.2025.proyecto.de_.reforma.a.la_.ley_.de_.amparo.news_-150x150.jpg\" class=\"attachment-thumbnail size-thumbnail wp-post-image\" alt=\"\" style=\"max-width:113px;max-height:113px;\" srcset=\"https:\/\/garbar.info\/wp-content\/uploads\/2025\/09\/garbar.2025.proyecto.de_.reforma.a.la_.ley_.de_.amparo.news_-150x150.jpg 150w, https:\/\/garbar.info\/wp-content\/uploads\/2025\/09\/garbar.2025.proyecto.de_.reforma.a.la_.ley_.de_.amparo.news_-700x700.jpg 700w\" sizes=\"auto, (max-width: 150px) 100vw, 150px\" \/><\/a><\/div><a class=\"wp-block-latest-posts__post-title\" href=\"https:\/\/garbar.info\/zh\/proyecto-de-reforma-a-la-ley-de-amparo\/\">Proyecto de Reforma a la Ley de Amparo<\/a><div class=\"wp-block-latest-posts__post-author\">\u4f5c\u8005\uff1aGarc\u00eda Barrag\u00e1n Abogados<\/div><time datetime=\"2025-09-23T17:09:48-06:00\" class=\"wp-block-latest-posts__post-date\">23 de 9 \u6708 de 2025<\/time><div class=\"wp-block-latest-posts__post-excerpt\">Con gran orgullo y entusiasmo, compartimos que el d\u00eda de ayer nuestra consejera, la licenciada Luc\u00eda Mello Gonz\u00e1lez recibi\u00f3 por parte de la ANIERM, en el marco de\u00a0\u201cThe Logistics World Summit & Expo 2025\u201d, el evento de log\u00edstica m\u00e1s importante de Latinoam\u00e9rica, su certificado del Diplomado de Comercio Exterior y Operaciones Aduaneras, as\u00ed como su certificaci\u00f3n en el Est\u00e1ndar de Competencias Laborales EC0537, avalada por el CONOCER y la SEP; lo que refleja su compromiso y trayectoria en esta \u00e1rea del Derecho.<\/div><\/li>\n<li><div class=\"wp-block-latest-posts__featured-image alignright\"><a href=\"https:\/\/garbar.info\/zh\/adriana-lopez-gonzalez-latin-america-guide-en-arbitration-mexico-band-4\/\" aria-label=\"Adriana L\u00f3pez Gonz\u00e1lez Latin America Guide\u00a0en\u00a0Arbitration \u2013 Mexico, Band 4\"><img loading=\"lazy\" decoding=\"async\" width=\"150\" height=\"150\" src=\"https:\/\/garbar.info\/wp-content\/uploads\/2025\/08\/garbar-alg-chambers-intellectual-property-2026-150x150.png\" class=\"attachment-thumbnail size-thumbnail wp-post-image\" alt=\"\" style=\"max-width:113px;max-height:113px;\" srcset=\"https:\/\/garbar.info\/wp-content\/uploads\/2025\/08\/garbar-alg-chambers-intellectual-property-2026-150x150.png 150w, https:\/\/garbar.info\/wp-content\/uploads\/2025\/08\/garbar-alg-chambers-intellectual-property-2026-700x700.png 700w\" sizes=\"auto, (max-width: 150px) 100vw, 150px\" \/><\/a><\/div><a class=\"wp-block-latest-posts__post-title\" href=\"https:\/\/garbar.info\/zh\/adriana-lopez-gonzalez-latin-america-guide-en-arbitration-mexico-band-4\/\">Adriana L\u00f3pez Gonz\u00e1lez Latin America Guide\u00a0en\u00a0Arbitration \u2013 Mexico, Band 4<\/a><div class=\"wp-block-latest-posts__post-author\">\u4f5c\u8005\uff1aGarc\u00eda Barrag\u00e1n Abogados<\/div><time datetime=\"2025-08-26T09:57:03-06:00\" class=\"wp-block-latest-posts__post-date\">26 de 8 \u6708 de 2025<\/time><div class=\"wp-block-latest-posts__post-excerpt\">Con gran orgullo y entusiasmo, compartimos que el d\u00eda de ayer nuestra consejera, la licenciada Luc\u00eda Mello Gonz\u00e1lez recibi\u00f3 por parte de la ANIERM, en el marco de\u00a0\u201cThe Logistics World Summit & Expo 2025\u201d, el evento de log\u00edstica m\u00e1s importante de Latinoam\u00e9rica, su certificado del Diplomado de Comercio Exterior y Operaciones Aduaneras, as\u00ed como su certificaci\u00f3n en el Est\u00e1ndar de Competencias Laborales EC0537, avalada por el CONOCER y la SEP; lo que refleja su compromiso y trayectoria en esta \u00e1rea del Derecho.<\/div><\/li>\n<li><div class=\"wp-block-latest-posts__featured-image alignright\"><a href=\"https:\/\/garbar.info\/zh\/daniel-garcia-barragan-lopez-corporate-ma-highly-regarded-mexico-band-4\/\" aria-label=\"Daniel Garc\u00eda Barrag\u00e1n L\u00f3pez Corporate \/ M&amp;A: Highly Regarded \u2013 Mexico, Band 4\"><img loading=\"lazy\" decoding=\"async\" width=\"150\" height=\"150\" src=\"https:\/\/garbar.info\/wp-content\/uploads\/2025\/08\/garbar-dgbl-chambers-corporate-ma-2026-150x150.png\" class=\"attachment-thumbnail size-thumbnail wp-post-image\" alt=\"\" style=\"max-width:113px;max-height:113px;\" srcset=\"https:\/\/garbar.info\/wp-content\/uploads\/2025\/08\/garbar-dgbl-chambers-corporate-ma-2026-150x150.png 150w, https:\/\/garbar.info\/wp-content\/uploads\/2025\/08\/garbar-dgbl-chambers-corporate-ma-2026-700x700.png 700w\" sizes=\"auto, (max-width: 150px) 100vw, 150px\" \/><\/a><\/div><a class=\"wp-block-latest-posts__post-title\" href=\"https:\/\/garbar.info\/zh\/daniel-garcia-barragan-lopez-corporate-ma-highly-regarded-mexico-band-4\/\">Daniel Garc\u00eda Barrag\u00e1n L\u00f3pez Corporate \/ M&amp;A: Highly Regarded \u2013 Mexico, Band 4<\/a><div class=\"wp-block-latest-posts__post-author\">\u4f5c\u8005\uff1aGarc\u00eda Barrag\u00e1n Abogados<\/div><time datetime=\"2025-08-26T09:45:30-06:00\" class=\"wp-block-latest-posts__post-date\">26 de 8 \u6708 de 2025<\/time><div class=\"wp-block-latest-posts__post-excerpt\">Con gran orgullo y entusiasmo, compartimos que el d\u00eda de ayer nuestra consejera, la licenciada Luc\u00eda Mello Gonz\u00e1lez recibi\u00f3 por parte de la ANIERM, en el marco de\u00a0\u201cThe Logistics World Summit & Expo 2025\u201d, el evento de log\u00edstica m\u00e1s importante de Latinoam\u00e9rica, su certificado del Diplomado de Comercio Exterior y Operaciones Aduaneras, as\u00ed como su certificaci\u00f3n en el Est\u00e1ndar de Competencias Laborales EC0537, avalada por el CONOCER y la SEP; lo que refleja su compromiso y trayectoria en esta \u00e1rea del Derecho.<\/div><\/li>\n<li><div class=\"wp-block-latest-posts__featured-image alignright\"><a href=\"https:\/\/garbar.info\/zh\/daniel-garcia-barragan-lopez-dispute-resolution-civil-commercial-litigation-mexico-band-4\/\" aria-label=\"Daniel Garc\u00eda Barrag\u00e1n L\u00f3pez Dispute Resolution: Civil &amp; Commercial Litigation \u2013 Mexico, Band 4\"><img loading=\"lazy\" decoding=\"async\" width=\"150\" height=\"150\" src=\"https:\/\/garbar.info\/wp-content\/uploads\/2025\/08\/garbar-dgbl-chambers-civil-commercial-2026-150x150.png\" class=\"attachment-thumbnail size-thumbnail wp-post-image\" alt=\"\" style=\"max-width:113px;max-height:113px;\" srcset=\"https:\/\/garbar.info\/wp-content\/uploads\/2025\/08\/garbar-dgbl-chambers-civil-commercial-2026-150x150.png 150w, https:\/\/garbar.info\/wp-content\/uploads\/2025\/08\/garbar-dgbl-chambers-civil-commercial-2026-700x700.png 700w\" sizes=\"auto, (max-width: 150px) 100vw, 150px\" \/><\/a><\/div><a class=\"wp-block-latest-posts__post-title\" href=\"https:\/\/garbar.info\/zh\/daniel-garcia-barragan-lopez-dispute-resolution-civil-commercial-litigation-mexico-band-4\/\">Daniel Garc\u00eda Barrag\u00e1n L\u00f3pez Dispute Resolution: Civil &amp; Commercial Litigation \u2013 Mexico, Band 4<\/a><div class=\"wp-block-latest-posts__post-author\">\u4f5c\u8005\uff1aGarc\u00eda Barrag\u00e1n Abogados<\/div><time datetime=\"2025-08-26T09:39:53-06:00\" class=\"wp-block-latest-posts__post-date\">26 de 8 \u6708 de 2025<\/time><div class=\"wp-block-latest-posts__post-excerpt\">Con gran orgullo y entusiasmo, compartimos que el d\u00eda de ayer nuestra consejera, la licenciada Luc\u00eda Mello Gonz\u00e1lez recibi\u00f3 por parte de la ANIERM, en el marco de\u00a0\u201cThe Logistics World Summit & Expo 2025\u201d, el evento de log\u00edstica m\u00e1s importante de Latinoam\u00e9rica, su certificado del Diplomado de Comercio Exterior y Operaciones Aduaneras, as\u00ed como su certificaci\u00f3n en el Est\u00e1ndar de Competencias Laborales EC0537, avalada por el CONOCER y la SEP; lo que refleja su compromiso y trayectoria en esta \u00e1rea del Derecho.<\/div><\/li>\n<\/ul><\/div>\n<\/aside><aside id=\"block-8\" class=\"widget inner-padding widget_block\">\n<div style=\"height:49px\" aria-hidden=\"true\" class=\"wp-block-spacer\"><\/div>\n<\/aside><aside id=\"nav_menu-3\" class=\"widget inner-padding widget_nav_menu\"><div class=\"menu-garbar-menu-container\"><ul id=\"menu-garbar-menu\" class=\"menu\"><li id=\"menu-item-516\" class=\"menu-item menu-item-type-post_type menu-item-object-page menu-item-516\"><a href=\"https:\/\/garbar.info\/zh\/acerca-de\/\">\u5173\u4e8e\u6211\u4eec<\/a><\/li>\n<li id=\"menu-item-501\" class=\"menu-item menu-item-type-post_type menu-item-object-page menu-item-501\"><a href=\"https:\/\/garbar.info\/zh\/areas-de-practica\/\">\u5b9e\u8df5\u9886\u57df<\/a><\/li>\n<li id=\"menu-item-502\" class=\"menu-item menu-item-type-post_type menu-item-object-page menu-item-502\"><a href=\"https:\/\/garbar.info\/zh\/equipo\/\">\u56e2\u961f<\/a><\/li>\n<li id=\"menu-item-503\" class=\"menu-item menu-item-type-post_type menu-item-object-page menu-item-503\"><a href=\"https:\/\/garbar.info\/zh\/noticias\/\">\u6d88\u606f<\/a><\/li>\n<li id=\"menu-item-559\" class=\"menu-item menu-item-type-post_type menu-item-object-page menu-item-559\"><a href=\"https:\/\/garbar.info\/zh\/contacto\/\">\u63a5\u89e6<\/a><\/li>\n<\/ul><\/div><\/aside>\t\t\t\t<\/div>\n\t\t\t\t<\/div>\n\t\t\t\t\t<\/div>\n\t\t<\/div>\n\t\t\t\t\t<\/div>\n\t\t<\/section>\n\t\t\t\t<\/div>","protected":false},"excerpt":{"rendered":"<p>Regulatorio Acuerdo entre el Instituto Mexicano de la Propiedad Industrial y la Comisi\u00f3n Federal para la Protecci\u00f3n contra Riesgos Sanitarios. Por el Lic. Ernesto Mart\u00ednez Alcaraz y la I.Q. Erika Carina Hern\u00e1ndez Alatorre Especialistas en Propiedad Industrial en Garc\u00eda Barrag\u00e1n Abogados, S.C. El 12 de febrero de 2025, a trav\u00e9s de la p\u00e1gina web de &#8230; <a title=\"Acuerdo entre el Instituto Mexicano de la Propiedad Industrial y la Comisi\u00f3n Federal para la Protecci\u00f3n contra Riesgos Sanitarios\" class=\"read-more\" href=\"https:\/\/garbar.info\/zh\/acuerdo-entre-el-instituto-mexicano-de-la-propiedad-industrial-y-la-comision-federal-para-la-proteccion-contra-riesgos-sanitarios\/\" aria-label=\"\u9605\u8bfb Acuerdo entre el Instituto Mexicano de la Propiedad Industrial y la Comisi\u00f3n Federal para la Protecci\u00f3n contra Riesgos Sanitarios\">\u9605\u8bfb\u66f4\u591a<\/a><\/p>","protected":false},"author":1,"featured_media":1186,"comment_status":"open","ping_status":"open","sticky":false,"template":"elementor_header_footer","format":"standard","meta":{"inline_featured_image":false,"footnotes":""},"categories":[71],"tags":[],"class_list":["post-1185","post","type-post","status-publish","format-standard","has-post-thumbnail","hentry","category-mercantil"],"_links":{"self":[{"href":"https:\/\/garbar.info\/zh\/wp-json\/wp\/v2\/posts\/1185","targetHints":{"allow":["GET"]}}],"collection":[{"href":"https:\/\/garbar.info\/zh\/wp-json\/wp\/v2\/posts"}],"about":[{"href":"https:\/\/garbar.info\/zh\/wp-json\/wp\/v2\/types\/post"}],"author":[{"embeddable":true,"href":"https:\/\/garbar.info\/zh\/wp-json\/wp\/v2\/users\/1"}],"replies":[{"embeddable":true,"href":"https:\/\/garbar.info\/zh\/wp-json\/wp\/v2\/comments?post=1185"}],"version-history":[{"count":15,"href":"https:\/\/garbar.info\/zh\/wp-json\/wp\/v2\/posts\/1185\/revisions"}],"predecessor-version":[{"id":1276,"href":"https:\/\/garbar.info\/zh\/wp-json\/wp\/v2\/posts\/1185\/revisions\/1276"}],"wp:featuredmedia":[{"embeddable":true,"href":"https:\/\/garbar.info\/zh\/wp-json\/wp\/v2\/media\/1186"}],"wp:attachment":[{"href":"https:\/\/garbar.info\/zh\/wp-json\/wp\/v2\/media?parent=1185"}],"wp:term":[{"taxonomy":"category","embeddable":true,"href":"https:\/\/garbar.info\/zh\/wp-json\/wp\/v2\/categories?post=1185"},{"taxonomy":"post_tag","embeddable":true,"href":"https:\/\/garbar.info\/zh\/wp-json\/wp\/v2\/tags?post=1185"}],"curies":[{"name":"wp","href":"https:\/\/api.w.org\/{rel}","templated":true}]}}