{"id":908,"date":"2020-05-07T10:26:02","date_gmt":"2020-05-07T15:26:02","guid":{"rendered":"https:\/\/garbar.info\/?p=908"},"modified":"2024-10-04T12:16:01","modified_gmt":"2024-10-04T18:16:01","slug":"pago-en-parcialidades-simplificado","status":"publish","type":"post","link":"https:\/\/garbar.info\/en\/pago-en-parcialidades-simplificado\/","title":{"rendered":"Pago en Parcialidades Simplificado"},"content":{"rendered":"<div data-elementor-type=\"wp-post\" data-elementor-id=\"908\" class=\"elementor elementor-908\" data-elementor-post-type=\"post\">\n\t\t\t\t\t\t<section class=\"elementor-section elementor-top-section elementor-element elementor-element-8fd0310 elementor-section-boxed elementor-section-height-default elementor-section-height-default\" data-id=\"8fd0310\" data-element_type=\"section\" data-settings=\"{&quot;background_background&quot;:&quot;classic&quot;}\">\n\t\t\t\t\t\t<div class=\"elementor-container elementor-column-gap-default\">\n\t\t\t\t\t<div class=\"elementor-column elementor-col-50 elementor-top-column elementor-element elementor-element-0f328b8\" data-id=\"0f328b8\" data-element_type=\"column\">\n\t\t\t<div class=\"elementor-widget-wrap elementor-element-populated\">\n\t\t\t\t\t\t<div class=\"elementor-element elementor-element-d3842a5 elementor-widget elementor-widget-heading\" data-id=\"d3842a5\" data-element_type=\"widget\" data-widget_type=\"heading.default\">\n\t\t\t\t<div class=\"elementor-widget-container\">\n\t\t\t\t\t<h2 class=\"elementor-heading-title elementor-size-default\">Labor and Social Security<\/h2>\t\t\t\t<\/div>\n\t\t\t\t<\/div>\n\t\t\t\t<div class=\"elementor-element elementor-element-74ab396 elementor-widget elementor-widget-image\" data-id=\"74ab396\" data-element_type=\"widget\" data-widget_type=\"image.default\">\n\t\t\t\t<div class=\"elementor-widget-container\">\n\t\t\t\t\t\t\t\t\t\t\t\t\t\t\t<img loading=\"lazy\" decoding=\"async\" width=\"900\" height=\"506\" src=\"https:\/\/garbar.info\/wp-content\/uploads\/2024\/10\/Pago-en-Parcialidades-Simplificado-1024x576.jpg\" class=\"attachment-large size-large wp-image-909\" alt=\"\" srcset=\"https:\/\/garbar.info\/wp-content\/uploads\/2024\/10\/Pago-en-Parcialidades-Simplificado-1024x576.jpg 1024w, https:\/\/garbar.info\/wp-content\/uploads\/2024\/10\/Pago-en-Parcialidades-Simplificado-300x169.jpg 300w, https:\/\/garbar.info\/wp-content\/uploads\/2024\/10\/Pago-en-Parcialidades-Simplificado-768x432.jpg 768w, https:\/\/garbar.info\/wp-content\/uploads\/2024\/10\/Pago-en-Parcialidades-Simplificado-18x10.jpg 18w, https:\/\/garbar.info\/wp-content\/uploads\/2024\/10\/Pago-en-Parcialidades-Simplificado.jpg 1200w\" sizes=\"(max-width: 900px) 100vw, 900px\" \/>\t\t\t\t\t\t\t\t\t\t\t\t\t\t\t<\/div>\n\t\t\t\t<\/div>\n\t\t\t\t<div class=\"elementor-element elementor-element-b85d41d elementor-widget elementor-widget-heading\" data-id=\"b85d41d\" data-element_type=\"widget\" data-widget_type=\"heading.default\">\n\t\t\t\t<div class=\"elementor-widget-container\">\n\t\t\t\t\t<h1 class=\"elementor-heading-title elementor-size-default\">Pago en Parcialidades Simplificado <\/h1>\t\t\t\t<\/div>\n\t\t\t\t<\/div>\n\t\t\t\t<div class=\"elementor-element elementor-element-ee35502 elementor-widget elementor-widget-text-editor\" data-id=\"ee35502\" data-element_type=\"widget\" data-widget_type=\"text-editor.default\">\n\t\t\t\t<div class=\"elementor-widget-container\">\n\t\t\t\t\t\t\t\t\t<article class=\"post-content\"><article class=\"post-content\"><p><span style=\"color: #ffffff;\">Ante las dificultades para realizar el pago de cuotas obrero-patronales como resultado de afectaciones ante la emergencia sanitaria por Covid-19 con fecha 21 de abril de 2020, el IMSS emiti\u00f3 su bolet\u00edn de prensa en el cual ofrece a todo empleador interesado la asesor\u00eda necesaria para celebrar, de modo simplificado, un convenio de pago a plazos sin necesidad de garantizar el inter\u00e9s fiscal.\u00a0<\/span><\/p><p><span style=\"color: #ffffff;\">Bajo el esquema propuesto por el IMSS, el importe m\u00ednimo a cubrir es el 20% de la cuota patronal y el 100% de la cuota obrera, y los empleadores podr\u00e1n escoger entre las siguientes opciones:<\/span><\/p><p><span style=\"color: #ffffff;\">\u2022 Hasta 12 mees de diferimiento a inter\u00e9s mensual de 1.26%.<\/span><br \/><span style=\"color: #ffffff;\">\u2022 De 12 a 24 meses a inter\u00e9s mensual de 1.53%.<\/span><br \/><span style=\"color: #ffffff;\">\u2022 De 24 a 48 meses a inter\u00e9s mensual de 1.82%.<\/span><\/p><p><span style=\"color: #ffffff;\">Para acceder a este convenio, los empleadores deber\u00e1n comunicarse al n\u00famero telef\u00f3nico 800-6232-323, as\u00ed como al correo electr\u00f3nico convenioorienta@imss.gob.mx.<\/span><\/p><p><span style=\"color: #ffffff;\">Para formalizar el convenio, no es necesario que el empleador acuda a una Subdelegaci\u00f3n del IMSS, \u00fanicamente deber\u00e1 enviar por correo electr\u00f3nico lo siguiente:<\/span><\/p><p><span style=\"color: #ffffff;\">\u2022 Tarjeta de identificaci\u00f3n patronal.<\/span><br \/><span style=\"color: #ffffff;\">\u2022 Identificaci\u00f3n oficial vigente del patr\u00f3n, sujeto obligado o representante legal (INE, pasaporte, c\u00e9dula profesional).<\/span><br \/><span style=\"color: #ffffff;\">\u2022 Acta constitutiva de la persona moral (\u00fanicamente las hojas donde se se\u00f1ala la raz\u00f3n social para la cual fue creada, as\u00ed como aqu\u00e9lla que contenga el folio del Registro P\u00fablico de la Propiedad y del Comercio).<\/span><br \/><span style=\"color: #ffffff;\">\u2022 Poder notarial del representante legal (\u00fanicamente la hoja donde se se\u00f1ala la facultad conferida por la persona moral, debiendo ser espec\u00edfica para la realizaci\u00f3n de tr\u00e1mites ante entidades p\u00fablicas o actos de administraci\u00f3n).<\/span><br \/><span style=\"color: #ffffff;\">\u2022 Escrito libre solicitando la autorizaci\u00f3n del pago a plazos y los plazos para hacerlo.<\/span><\/p><p><span style=\"color: #ffffff;\">Una vez que el IMSS lleve a cabo la verificaci\u00f3n de la informaci\u00f3n, el empleador recibir\u00e1 por correo electr\u00f3nico el proyecto de convenio y la ficha de dep\u00f3sito.<\/span><\/p><p><span style=\"color: #ffffff;\">La suscripci\u00f3n de este convenio evitar\u00e1 multas, ya que se entender\u00e1 que el empleador cumple espont\u00e1neamente con sus obligaciones.<\/span><\/p><p><span style=\"color: #ffffff;\">Les recordamos que seguimos trabajando para brindarles el mejor servicio y asistirlos oportunamente.<\/span><\/p><p><span style=\"color: #ffffff;\"><strong>Garc\u00eda Barrag\u00e1n Abogados<\/strong><\/span><\/p><\/article><\/article>\t\t\t\t\t\t\t\t<\/div>\n\t\t\t\t<\/div>\n\t\t\t\t\t<\/div>\n\t\t<\/div>\n\t\t\t\t<div class=\"elementor-column elementor-col-50 elementor-top-column elementor-element elementor-element-4b1b38c\" data-id=\"4b1b38c\" data-element_type=\"column\">\n\t\t\t<div class=\"elementor-widget-wrap elementor-element-populated\">\n\t\t\t\t\t\t<div class=\"elementor-element elementor-element-51f16d6 elementor-widget elementor-widget-spacer\" data-id=\"51f16d6\" data-element_type=\"widget\" data-widget_type=\"spacer.default\">\n\t\t\t\t<div class=\"elementor-widget-container\">\n\t\t\t\t\t\t\t<div class=\"elementor-spacer\">\n\t\t\t<div class=\"elementor-spacer-inner\"><\/div>\n\t\t<\/div>\n\t\t\t\t\t\t<\/div>\n\t\t\t\t<\/div>\n\t\t\t\t<div class=\"elementor-element elementor-element-05cf4ec elementor-widget elementor-widget-sidebar\" data-id=\"05cf4ec\" data-element_type=\"widget\" data-widget_type=\"sidebar.default\">\n\t\t\t\t<div class=\"elementor-widget-container\">\n\t\t\t\t\t<aside id=\"block-3\" class=\"widget inner-padding widget_block\">\n<div class=\"wp-block-group is-layout-constrained wp-block-group-is-layout-constrained\"><ul style=\"font-size:13px;\" class=\"wp-block-latest-posts__list has-dates has-author wp-block-latest-posts\"><li><div class=\"wp-block-latest-posts__featured-image alignright\"><a href=\"https:\/\/garbar.info\/en\/chambers-and-partners-2026-ha-reconocido-a-nuestro-socio-daniel-garcia-barragan-l\/\" aria-label=\"Chambers and Partners 2026 ha reconocido a nuestro socio Daniel Garc\u00eda Barrag\u00e1n L.\"><img loading=\"lazy\" decoding=\"async\" width=\"150\" height=\"150\" src=\"https:\/\/garbar.info\/wp-content\/uploads\/2026\/02\/garbar-dgbl-chambers-2026-all-150x150.jpg\" class=\"attachment-thumbnail size-thumbnail wp-post-image\" alt=\"\" style=\"max-width:113px;max-height:113px;\" srcset=\"https:\/\/garbar.info\/wp-content\/uploads\/2026\/02\/garbar-dgbl-chambers-2026-all-150x150.jpg 150w, https:\/\/garbar.info\/wp-content\/uploads\/2026\/02\/garbar-dgbl-chambers-2026-all-700x700.jpg 700w\" sizes=\"(max-width: 150px) 100vw, 150px\" \/><\/a><\/div><a class=\"wp-block-latest-posts__post-title\" href=\"https:\/\/garbar.info\/en\/chambers-and-partners-2026-ha-reconocido-a-nuestro-socio-daniel-garcia-barragan-l\/\">Chambers and Partners 2026 ha reconocido a nuestro socio Daniel Garc\u00eda Barrag\u00e1n L.<\/a><div class=\"wp-block-latest-posts__post-author\">by Garc\u00eda Barrag\u00e1n Abogados<\/div><time datetime=\"2026-02-18T12:45:12-06:00\" class=\"wp-block-latest-posts__post-date\">18 de February de 2026<\/time><div class=\"wp-block-latest-posts__post-excerpt\">Con gran orgullo y entusiasmo, compartimos que el d\u00eda de ayer nuestra consejera, la licenciada Luc\u00eda Mello Gonz\u00e1lez recibi\u00f3 por parte de la ANIERM, en el marco de\u00a0\u201cThe Logistics World Summit & Expo 2025\u201d, el evento de log\u00edstica m\u00e1s importante de Latinoam\u00e9rica, su certificado del Diplomado de Comercio Exterior y Operaciones Aduaneras, as\u00ed como su certificaci\u00f3n en el Est\u00e1ndar de Competencias Laborales EC0537, avalada por el CONOCER y la SEP; lo que refleja su compromiso y trayectoria en esta \u00e1rea del Derecho.<\/div><\/li>\n<li><div class=\"wp-block-latest-posts__featured-image alignright\"><a href=\"https:\/\/garbar.info\/en\/analisis-al-decreto-por-el-que-se-reforman-y-adicionan-disposiciones-a-la-ley-de-amparo\/\" aria-label=\"\u00a0An\u00e1lisis al Decreto por el que se reforman y adicionan disposiciones a la Ley de Amparo\"><img loading=\"lazy\" decoding=\"async\" width=\"150\" height=\"150\" src=\"https:\/\/garbar.info\/wp-content\/uploads\/2025\/11\/garbar.2025.analisis.ley_.amparo.news_-150x150.jpg\" class=\"attachment-thumbnail size-thumbnail wp-post-image\" alt=\"\" style=\"max-width:113px;max-height:113px;\" srcset=\"https:\/\/garbar.info\/wp-content\/uploads\/2025\/11\/garbar.2025.analisis.ley_.amparo.news_-150x150.jpg 150w, https:\/\/garbar.info\/wp-content\/uploads\/2025\/11\/garbar.2025.analisis.ley_.amparo.news_-700x700.jpg 700w\" sizes=\"(max-width: 150px) 100vw, 150px\" \/><\/a><\/div><a class=\"wp-block-latest-posts__post-title\" href=\"https:\/\/garbar.info\/en\/analisis-al-decreto-por-el-que-se-reforman-y-adicionan-disposiciones-a-la-ley-de-amparo\/\">\u00a0An\u00e1lisis al Decreto por el que se reforman y adicionan disposiciones a la Ley de Amparo<\/a><div class=\"wp-block-latest-posts__post-author\">by Garc\u00eda Barrag\u00e1n Abogados<\/div><time datetime=\"2025-11-05T11:47:30-06:00\" class=\"wp-block-latest-posts__post-date\">5 de November de 2025<\/time><div class=\"wp-block-latest-posts__post-excerpt\">Con gran orgullo y entusiasmo, compartimos que el d\u00eda de ayer nuestra consejera, la licenciada Luc\u00eda Mello Gonz\u00e1lez recibi\u00f3 por parte de la ANIERM, en el marco de\u00a0\u201cThe Logistics World Summit & Expo 2025\u201d, el evento de log\u00edstica m\u00e1s importante de Latinoam\u00e9rica, su certificado del Diplomado de Comercio Exterior y Operaciones Aduaneras, as\u00ed como su certificaci\u00f3n en el Est\u00e1ndar de Competencias Laborales EC0537, avalada por el CONOCER y la SEP; lo que refleja su compromiso y trayectoria en esta \u00e1rea del Derecho.<\/div><\/li>\n<li><div class=\"wp-block-latest-posts__featured-image alignright\"><a href=\"https:\/\/garbar.info\/en\/compartimos-el-reconocimiento-de-nuestro-socio-daniel-garcia-barragan-lopez-como-socio-de-proxima-generacion-en-el-ranking-de-legal-500-2026-para-mexico\/\" aria-label=\"Compartimos el reconocimiento de nuestro socio Daniel Garc\u00eda Barrag\u00e1n L\u00f3pez como Socio de Pr\u00f3xima Generaci\u00f3n, en el ranking de Legal 500 2026 para M\u00e9xico\"><img loading=\"lazy\" decoding=\"async\" width=\"150\" height=\"150\" src=\"https:\/\/garbar.info\/wp-content\/uploads\/2025\/10\/garbar.web_.dgbl_.2025-150x150.jpg\" class=\"attachment-thumbnail size-thumbnail wp-post-image\" alt=\"\" style=\"max-width:113px;max-height:113px;\" srcset=\"https:\/\/garbar.info\/wp-content\/uploads\/2025\/10\/garbar.web_.dgbl_.2025-150x150.jpg 150w, https:\/\/garbar.info\/wp-content\/uploads\/2025\/10\/garbar.web_.dgbl_.2025-700x700.jpg 700w\" sizes=\"(max-width: 150px) 100vw, 150px\" \/><\/a><\/div><a class=\"wp-block-latest-posts__post-title\" href=\"https:\/\/garbar.info\/en\/compartimos-el-reconocimiento-de-nuestro-socio-daniel-garcia-barragan-lopez-como-socio-de-proxima-generacion-en-el-ranking-de-legal-500-2026-para-mexico\/\">Compartimos el reconocimiento de nuestro socio Daniel Garc\u00eda Barrag\u00e1n L\u00f3pez como Socio de Pr\u00f3xima Generaci\u00f3n, en el ranking de Legal 500 2026 para M\u00e9xico<\/a><div class=\"wp-block-latest-posts__post-author\">by Garc\u00eda Barrag\u00e1n Abogados<\/div><time datetime=\"2025-10-27T13:06:22-06:00\" class=\"wp-block-latest-posts__post-date\">27 de October de 2025<\/time><div class=\"wp-block-latest-posts__post-excerpt\">Con gran orgullo y entusiasmo, compartimos que el d\u00eda de ayer nuestra consejera, la licenciada Luc\u00eda Mello Gonz\u00e1lez recibi\u00f3 por parte de la ANIERM, en el marco de\u00a0\u201cThe Logistics World Summit & Expo 2025\u201d, el evento de log\u00edstica m\u00e1s importante de Latinoam\u00e9rica, su certificado del Diplomado de Comercio Exterior y Operaciones Aduaneras, as\u00ed como su certificaci\u00f3n en el Est\u00e1ndar de Competencias Laborales EC0537, avalada por el CONOCER y la SEP; lo que refleja su compromiso y trayectoria en esta \u00e1rea del Derecho.<\/div><\/li>\n<li><div class=\"wp-block-latest-posts__featured-image alignright\"><a href=\"https:\/\/garbar.info\/en\/compartimos-el-reconocimiento-de-nuestro-socio-fundador-manuel-garcia-barragan-martinez-como-abogado-recomendado-en-el-ranking-de-the-legal-500-2026-para-mexico\/\" aria-label=\"Compartimos el reconocimiento de nuestro socio fundador Manuel Garc\u00eda Barrag\u00e1n Mart\u00ednez como Abogado Recomendado, en el ranking de The Legal 500 2026 para M\u00e9xico\"><img loading=\"lazy\" decoding=\"async\" width=\"150\" height=\"150\" src=\"https:\/\/garbar.info\/wp-content\/uploads\/2025\/10\/garbar.web_.mgbm_.2025-150x150.jpg\" class=\"attachment-thumbnail size-thumbnail wp-post-image\" alt=\"\" style=\"max-width:113px;max-height:113px;\" srcset=\"https:\/\/garbar.info\/wp-content\/uploads\/2025\/10\/garbar.web_.mgbm_.2025-150x150.jpg 150w, https:\/\/garbar.info\/wp-content\/uploads\/2025\/10\/garbar.web_.mgbm_.2025-700x700.jpg 700w\" sizes=\"auto, (max-width: 150px) 100vw, 150px\" \/><\/a><\/div><a class=\"wp-block-latest-posts__post-title\" href=\"https:\/\/garbar.info\/en\/compartimos-el-reconocimiento-de-nuestro-socio-fundador-manuel-garcia-barragan-martinez-como-abogado-recomendado-en-el-ranking-de-the-legal-500-2026-para-mexico\/\">Compartimos el reconocimiento de nuestro socio fundador Manuel Garc\u00eda Barrag\u00e1n Mart\u00ednez como Abogado Recomendado, en el ranking de The Legal 500 2026 para M\u00e9xico<\/a><div class=\"wp-block-latest-posts__post-author\">by Garc\u00eda Barrag\u00e1n Abogados<\/div><time datetime=\"2025-10-27T13:03:40-06:00\" class=\"wp-block-latest-posts__post-date\">27 de October de 2025<\/time><div class=\"wp-block-latest-posts__post-excerpt\">Con gran orgullo y entusiasmo, compartimos que el d\u00eda de ayer nuestra consejera, la licenciada Luc\u00eda Mello Gonz\u00e1lez recibi\u00f3 por parte de la ANIERM, en el marco de\u00a0\u201cThe Logistics World Summit & Expo 2025\u201d, el evento de log\u00edstica m\u00e1s importante de Latinoam\u00e9rica, su certificado del Diplomado de Comercio Exterior y Operaciones Aduaneras, as\u00ed como su certificaci\u00f3n en el Est\u00e1ndar de Competencias Laborales EC0537, avalada por el CONOCER y la SEP; lo que refleja su compromiso y trayectoria en esta \u00e1rea del Derecho.<\/div><\/li>\n<li><div class=\"wp-block-latest-posts__featured-image alignright\"><a href=\"https:\/\/garbar.info\/en\/garcia-barragan-abogados-s-c-ha-sido-reconocido-por-legal-500-como-firma-recomendada-y-destacada-en-el-area-de-practica-de-resolucion-de-disputas-arbitraje-en-el-ranking-de-2026-para-mexico\/\" aria-label=\"Garc\u00eda Barrag\u00e1n Abogados, S.C., ha sido reconocido por Legal 500 como Firma recomendada y destacada en el \u00e1rea de pr\u00e1ctica de Resoluci\u00f3n de Disputas: Arbitraje en el ranking de 2026 para M\u00e9xico\"><img loading=\"lazy\" decoding=\"async\" width=\"150\" height=\"150\" src=\"https:\/\/garbar.info\/wp-content\/uploads\/2025\/10\/garbar.web_.gba_.2025-150x150.jpg\" class=\"attachment-thumbnail size-thumbnail wp-post-image\" alt=\"\" style=\"max-width:113px;max-height:113px;\" srcset=\"https:\/\/garbar.info\/wp-content\/uploads\/2025\/10\/garbar.web_.gba_.2025-150x150.jpg 150w, https:\/\/garbar.info\/wp-content\/uploads\/2025\/10\/garbar.web_.gba_.2025-700x700.jpg 700w\" sizes=\"auto, (max-width: 150px) 100vw, 150px\" \/><\/a><\/div><a class=\"wp-block-latest-posts__post-title\" href=\"https:\/\/garbar.info\/en\/garcia-barragan-abogados-s-c-ha-sido-reconocido-por-legal-500-como-firma-recomendada-y-destacada-en-el-area-de-practica-de-resolucion-de-disputas-arbitraje-en-el-ranking-de-2026-para-mexico\/\">Garc\u00eda Barrag\u00e1n Abogados, S.C., ha sido reconocido por Legal 500 como Firma recomendada y destacada en el \u00e1rea de pr\u00e1ctica de Resoluci\u00f3n de Disputas: Arbitraje en el ranking de 2026 para M\u00e9xico<\/a><div class=\"wp-block-latest-posts__post-author\">by Garc\u00eda Barrag\u00e1n Abogados<\/div><time datetime=\"2025-10-27T12:51:54-06:00\" class=\"wp-block-latest-posts__post-date\">27 de October de 2025<\/time><div class=\"wp-block-latest-posts__post-excerpt\">Con gran orgullo y entusiasmo, compartimos que el d\u00eda de ayer nuestra consejera, la licenciada Luc\u00eda Mello Gonz\u00e1lez recibi\u00f3 por parte de la ANIERM, en el marco de\u00a0\u201cThe Logistics World Summit & Expo 2025\u201d, el evento de log\u00edstica m\u00e1s importante de Latinoam\u00e9rica, su certificado del Diplomado de Comercio Exterior y Operaciones Aduaneras, as\u00ed como su certificaci\u00f3n en el Est\u00e1ndar de Competencias Laborales EC0537, avalada por el CONOCER y la SEP; lo que refleja su compromiso y trayectoria en esta \u00e1rea del Derecho.<\/div><\/li>\n<li><div class=\"wp-block-latest-posts__featured-image alignright\"><a href=\"https:\/\/garbar.info\/en\/proyecto-de-reforma-a-la-ley-de-amparo\/\" aria-label=\"Amparo Law Reform Initiative\"><img loading=\"lazy\" decoding=\"async\" width=\"150\" height=\"150\" src=\"https:\/\/garbar.info\/wp-content\/uploads\/2025\/09\/garbar.2025.proyecto.de_.reforma.a.la_.ley_.de_.amparo.news_-150x150.jpg\" class=\"attachment-thumbnail size-thumbnail wp-post-image\" alt=\"\" style=\"max-width:113px;max-height:113px;\" srcset=\"https:\/\/garbar.info\/wp-content\/uploads\/2025\/09\/garbar.2025.proyecto.de_.reforma.a.la_.ley_.de_.amparo.news_-150x150.jpg 150w, https:\/\/garbar.info\/wp-content\/uploads\/2025\/09\/garbar.2025.proyecto.de_.reforma.a.la_.ley_.de_.amparo.news_-700x700.jpg 700w\" sizes=\"auto, (max-width: 150px) 100vw, 150px\" \/><\/a><\/div><a class=\"wp-block-latest-posts__post-title\" href=\"https:\/\/garbar.info\/en\/proyecto-de-reforma-a-la-ley-de-amparo\/\">Amparo Law Reform Initiative<\/a><div class=\"wp-block-latest-posts__post-author\">by Garc\u00eda Barrag\u00e1n Abogados<\/div><time datetime=\"2025-09-23T17:09:48-06:00\" class=\"wp-block-latest-posts__post-date\">23 de September de 2025<\/time><div class=\"wp-block-latest-posts__post-excerpt\">Con gran orgullo y entusiasmo, compartimos que el d\u00eda de ayer nuestra consejera, la licenciada Luc\u00eda Mello Gonz\u00e1lez recibi\u00f3 por parte de la ANIERM, en el marco de\u00a0\u201cThe Logistics World Summit & Expo 2025\u201d, el evento de log\u00edstica m\u00e1s importante de Latinoam\u00e9rica, su certificado del Diplomado de Comercio Exterior y Operaciones Aduaneras, as\u00ed como su certificaci\u00f3n en el Est\u00e1ndar de Competencias Laborales EC0537, avalada por el CONOCER y la SEP; lo que refleja su compromiso y trayectoria en esta \u00e1rea del Derecho.<\/div><\/li>\n<li><div class=\"wp-block-latest-posts__featured-image alignright\"><a href=\"https:\/\/garbar.info\/en\/adriana-lopez-gonzalez-latin-america-guide-en-arbitration-mexico-band-4\/\" aria-label=\"Adriana L\u00f3pez Gonz\u00e1lez Latin America Guide\u00a0en\u00a0Arbitration \u2013 Mexico, Band 4\"><img loading=\"lazy\" decoding=\"async\" width=\"150\" height=\"150\" src=\"https:\/\/garbar.info\/wp-content\/uploads\/2025\/08\/garbar-alg-chambers-intellectual-property-2026-150x150.png\" class=\"attachment-thumbnail size-thumbnail wp-post-image\" alt=\"\" style=\"max-width:113px;max-height:113px;\" srcset=\"https:\/\/garbar.info\/wp-content\/uploads\/2025\/08\/garbar-alg-chambers-intellectual-property-2026-150x150.png 150w, https:\/\/garbar.info\/wp-content\/uploads\/2025\/08\/garbar-alg-chambers-intellectual-property-2026-700x700.png 700w\" sizes=\"auto, (max-width: 150px) 100vw, 150px\" \/><\/a><\/div><a class=\"wp-block-latest-posts__post-title\" href=\"https:\/\/garbar.info\/en\/adriana-lopez-gonzalez-latin-america-guide-en-arbitration-mexico-band-4\/\">Adriana L\u00f3pez Gonz\u00e1lez Latin America Guide\u00a0en\u00a0Arbitration \u2013 Mexico, Band 4<\/a><div class=\"wp-block-latest-posts__post-author\">by Garc\u00eda Barrag\u00e1n Abogados<\/div><time datetime=\"2025-08-26T09:57:03-06:00\" class=\"wp-block-latest-posts__post-date\">26 de August de 2025<\/time><div class=\"wp-block-latest-posts__post-excerpt\">Con gran orgullo y entusiasmo, compartimos que el d\u00eda de ayer nuestra consejera, la licenciada Luc\u00eda Mello Gonz\u00e1lez recibi\u00f3 por parte de la ANIERM, en el marco de\u00a0\u201cThe Logistics World Summit & Expo 2025\u201d, el evento de log\u00edstica m\u00e1s importante de Latinoam\u00e9rica, su certificado del Diplomado de Comercio Exterior y Operaciones Aduaneras, as\u00ed como su certificaci\u00f3n en el Est\u00e1ndar de Competencias Laborales EC0537, avalada por el CONOCER y la SEP; lo que refleja su compromiso y trayectoria en esta \u00e1rea del Derecho.<\/div><\/li>\n<li><div class=\"wp-block-latest-posts__featured-image alignright\"><a href=\"https:\/\/garbar.info\/en\/daniel-garcia-barragan-lopez-corporate-ma-highly-regarded-mexico-band-4\/\" aria-label=\"Daniel Garc\u00eda Barrag\u00e1n L\u00f3pez Corporate \/ M&amp;A: Highly Regarded \u2013 Mexico, Band 4\"><img loading=\"lazy\" decoding=\"async\" width=\"150\" height=\"150\" src=\"https:\/\/garbar.info\/wp-content\/uploads\/2025\/08\/garbar-dgbl-chambers-corporate-ma-2026-150x150.png\" class=\"attachment-thumbnail size-thumbnail wp-post-image\" alt=\"\" style=\"max-width:113px;max-height:113px;\" srcset=\"https:\/\/garbar.info\/wp-content\/uploads\/2025\/08\/garbar-dgbl-chambers-corporate-ma-2026-150x150.png 150w, https:\/\/garbar.info\/wp-content\/uploads\/2025\/08\/garbar-dgbl-chambers-corporate-ma-2026-700x700.png 700w\" sizes=\"auto, (max-width: 150px) 100vw, 150px\" \/><\/a><\/div><a class=\"wp-block-latest-posts__post-title\" href=\"https:\/\/garbar.info\/en\/daniel-garcia-barragan-lopez-corporate-ma-highly-regarded-mexico-band-4\/\">Daniel Garc\u00eda Barrag\u00e1n L\u00f3pez Corporate \/ M&amp;A: Highly Regarded \u2013 Mexico, Band 4<\/a><div class=\"wp-block-latest-posts__post-author\">by Garc\u00eda Barrag\u00e1n Abogados<\/div><time datetime=\"2025-08-26T09:45:30-06:00\" class=\"wp-block-latest-posts__post-date\">26 de August de 2025<\/time><div class=\"wp-block-latest-posts__post-excerpt\">Con gran orgullo y entusiasmo, compartimos que el d\u00eda de ayer nuestra consejera, la licenciada Luc\u00eda Mello Gonz\u00e1lez recibi\u00f3 por parte de la ANIERM, en el marco de\u00a0\u201cThe Logistics World Summit & Expo 2025\u201d, el evento de log\u00edstica m\u00e1s importante de Latinoam\u00e9rica, su certificado del Diplomado de Comercio Exterior y Operaciones Aduaneras, as\u00ed como su certificaci\u00f3n en el Est\u00e1ndar de Competencias Laborales EC0537, avalada por el CONOCER y la SEP; lo que refleja su compromiso y trayectoria en esta \u00e1rea del Derecho.<\/div><\/li>\n<li><div class=\"wp-block-latest-posts__featured-image alignright\"><a href=\"https:\/\/garbar.info\/en\/daniel-garcia-barragan-lopez-dispute-resolution-civil-commercial-litigation-mexico-band-4\/\" aria-label=\"Daniel Garc\u00eda Barrag\u00e1n L\u00f3pez Dispute Resolution: Civil &amp; Commercial Litigation \u2013 Mexico, Band 4\"><img loading=\"lazy\" decoding=\"async\" width=\"150\" height=\"150\" src=\"https:\/\/garbar.info\/wp-content\/uploads\/2025\/08\/garbar-dgbl-chambers-civil-commercial-2026-150x150.png\" class=\"attachment-thumbnail size-thumbnail wp-post-image\" alt=\"\" style=\"max-width:113px;max-height:113px;\" srcset=\"https:\/\/garbar.info\/wp-content\/uploads\/2025\/08\/garbar-dgbl-chambers-civil-commercial-2026-150x150.png 150w, https:\/\/garbar.info\/wp-content\/uploads\/2025\/08\/garbar-dgbl-chambers-civil-commercial-2026-700x700.png 700w\" sizes=\"auto, (max-width: 150px) 100vw, 150px\" \/><\/a><\/div><a class=\"wp-block-latest-posts__post-title\" href=\"https:\/\/garbar.info\/en\/daniel-garcia-barragan-lopez-dispute-resolution-civil-commercial-litigation-mexico-band-4\/\">Daniel Garc\u00eda Barrag\u00e1n L\u00f3pez Dispute Resolution: Civil &amp; Commercial Litigation \u2013 Mexico, Band 4<\/a><div class=\"wp-block-latest-posts__post-author\">by Garc\u00eda Barrag\u00e1n Abogados<\/div><time datetime=\"2025-08-26T09:39:53-06:00\" class=\"wp-block-latest-posts__post-date\">26 de August de 2025<\/time><div class=\"wp-block-latest-posts__post-excerpt\">Con gran orgullo y entusiasmo, compartimos que el d\u00eda de ayer nuestra consejera, la licenciada Luc\u00eda Mello Gonz\u00e1lez recibi\u00f3 por parte de la ANIERM, en el marco de\u00a0\u201cThe Logistics World Summit & Expo 2025\u201d, el evento de log\u00edstica m\u00e1s importante de Latinoam\u00e9rica, su certificado del Diplomado de Comercio Exterior y Operaciones Aduaneras, as\u00ed como su certificaci\u00f3n en el Est\u00e1ndar de Competencias Laborales EC0537, avalada por el CONOCER y la SEP; lo que refleja su compromiso y trayectoria en esta \u00e1rea del Derecho.<\/div><\/li>\n<\/ul><\/div>\n<\/aside><aside id=\"block-8\" class=\"widget inner-padding widget_block\">\n<div style=\"height:49px\" aria-hidden=\"true\" class=\"wp-block-spacer\"><\/div>\n<\/aside><aside id=\"nav_menu-3\" class=\"widget inner-padding widget_nav_menu\"><div class=\"menu-garbar-menu-container\"><ul id=\"menu-garbar-menu\" class=\"menu\"><li id=\"menu-item-516\" class=\"menu-item menu-item-type-post_type menu-item-object-page menu-item-516\"><a href=\"https:\/\/garbar.info\/en\/acerca-de\/\">About<\/a><\/li>\n<li id=\"menu-item-501\" class=\"menu-item menu-item-type-post_type menu-item-object-page menu-item-501\"><a href=\"https:\/\/garbar.info\/en\/areas-de-practica\/\">Areas of Practice<\/a><\/li>\n<li id=\"menu-item-502\" class=\"menu-item menu-item-type-post_type menu-item-object-page menu-item-502\"><a href=\"https:\/\/garbar.info\/en\/equipo\/\">Team<\/a><\/li>\n<li id=\"menu-item-503\" class=\"menu-item menu-item-type-post_type menu-item-object-page menu-item-503\"><a href=\"https:\/\/garbar.info\/en\/noticias\/\">News<\/a><\/li>\n<li id=\"menu-item-559\" class=\"menu-item menu-item-type-post_type menu-item-object-page menu-item-559\"><a href=\"https:\/\/garbar.info\/en\/contacto\/\">Contact<\/a><\/li>\n<\/ul><\/div><\/aside>\t\t\t\t<\/div>\n\t\t\t\t<\/div>\n\t\t\t\t\t<\/div>\n\t\t<\/div>\n\t\t\t\t\t<\/div>\n\t\t<\/section>\n\t\t\t\t<\/div>","protected":false},"excerpt":{"rendered":"<p>Laboral y Seguridad Social Pago en Parcialidades Simplificado Ante las dificultades para realizar el pago de cuotas obrero-patronales como resultado de afectaciones ante la emergencia sanitaria por Covid-19 con fecha 21 de abril de 2020, el IMSS emiti\u00f3 su bolet\u00edn de prensa en el cual ofrece a todo empleador interesado la asesor\u00eda necesaria para celebrar, &#8230; <a title=\"Pago en Parcialidades Simplificado\" class=\"read-more\" href=\"https:\/\/garbar.info\/en\/pago-en-parcialidades-simplificado\/\" aria-label=\"Read more about Pago en Parcialidades Simplificado\">Read more<\/a><\/p>","protected":false},"author":1,"featured_media":909,"comment_status":"open","ping_status":"open","sticky":false,"template":"elementor_header_footer","format":"standard","meta":{"inline_featured_image":false,"footnotes":""},"categories":[62],"tags":[],"class_list":["post-908","post","type-post","status-publish","format-standard","has-post-thumbnail","hentry","category-laboral-y-seguridad-social"],"_links":{"self":[{"href":"https:\/\/garbar.info\/en\/wp-json\/wp\/v2\/posts\/908","targetHints":{"allow":["GET"]}}],"collection":[{"href":"https:\/\/garbar.info\/en\/wp-json\/wp\/v2\/posts"}],"about":[{"href":"https:\/\/garbar.info\/en\/wp-json\/wp\/v2\/types\/post"}],"author":[{"embeddable":true,"href":"https:\/\/garbar.info\/en\/wp-json\/wp\/v2\/users\/1"}],"replies":[{"embeddable":true,"href":"https:\/\/garbar.info\/en\/wp-json\/wp\/v2\/comments?post=908"}],"version-history":[{"count":4,"href":"https:\/\/garbar.info\/en\/wp-json\/wp\/v2\/posts\/908\/revisions"}],"predecessor-version":[{"id":913,"href":"https:\/\/garbar.info\/en\/wp-json\/wp\/v2\/posts\/908\/revisions\/913"}],"wp:featuredmedia":[{"embeddable":true,"href":"https:\/\/garbar.info\/en\/wp-json\/wp\/v2\/media\/909"}],"wp:attachment":[{"href":"https:\/\/garbar.info\/en\/wp-json\/wp\/v2\/media?parent=908"}],"wp:term":[{"taxonomy":"category","embeddable":true,"href":"https:\/\/garbar.info\/en\/wp-json\/wp\/v2\/categories?post=908"},{"taxonomy":"post_tag","embeddable":true,"href":"https:\/\/garbar.info\/en\/wp-json\/wp\/v2\/tags?post=908"}],"curies":[{"name":"wp","href":"https:\/\/api.w.org\/{rel}","templated":true}]}}