{"id":872,"date":"2020-04-03T10:06:03","date_gmt":"2020-04-03T16:06:03","guid":{"rendered":"https:\/\/garbar.info\/?p=872"},"modified":"2024-10-04T12:11:35","modified_gmt":"2024-10-04T18:11:35","slug":"modificaciones-a-las-disposiciones-referentes-al-etiquetado-de-alimentos-y-bebidas-no-alcoholicas","status":"publish","type":"post","link":"https:\/\/garbar.info\/en\/modificaciones-a-las-disposiciones-referentes-al-etiquetado-de-alimentos-y-bebidas-no-alcoholicas\/","title":{"rendered":"Modificaciones a las disposiciones referentes al etiquetado de alimentos y bebidas no alcoh\u00f3licas."},"content":{"rendered":"<div data-elementor-type=\"wp-post\" data-elementor-id=\"872\" class=\"elementor elementor-872\" data-elementor-post-type=\"post\">\n\t\t\t\t\t\t<section class=\"elementor-section elementor-top-section elementor-element elementor-element-8fd0310 elementor-section-boxed elementor-section-height-default elementor-section-height-default\" data-id=\"8fd0310\" data-element_type=\"section\" data-settings=\"{&quot;background_background&quot;:&quot;classic&quot;}\">\n\t\t\t\t\t\t<div class=\"elementor-container elementor-column-gap-default\">\n\t\t\t\t\t<div class=\"elementor-column elementor-col-50 elementor-top-column elementor-element elementor-element-0f328b8\" data-id=\"0f328b8\" data-element_type=\"column\">\n\t\t\t<div class=\"elementor-widget-wrap elementor-element-populated\">\n\t\t\t\t\t\t<div class=\"elementor-element elementor-element-d3842a5 elementor-widget elementor-widget-heading\" data-id=\"d3842a5\" data-element_type=\"widget\" data-widget_type=\"heading.default\">\n\t\t\t\t<div class=\"elementor-widget-container\">\n\t\t\t\t\t<h2 class=\"elementor-heading-title elementor-size-default\">Regulatory<\/h2>\t\t\t\t<\/div>\n\t\t\t\t<\/div>\n\t\t\t\t<div class=\"elementor-element elementor-element-74ab396 elementor-widget elementor-widget-image\" data-id=\"74ab396\" data-element_type=\"widget\" data-widget_type=\"image.default\">\n\t\t\t\t<div class=\"elementor-widget-container\">\n\t\t\t\t\t\t\t\t\t\t\t\t\t\t\t<img loading=\"lazy\" decoding=\"async\" width=\"900\" height=\"506\" src=\"https:\/\/garbar.info\/wp-content\/uploads\/2024\/10\/Modificaciones-a-las-disposiciones-referentes-al-etiquetado-de-alimentos-y-bebidas-no-alcoholicas-1024x576.jpg\" class=\"attachment-large size-large wp-image-873\" alt=\"\" srcset=\"https:\/\/garbar.info\/wp-content\/uploads\/2024\/10\/Modificaciones-a-las-disposiciones-referentes-al-etiquetado-de-alimentos-y-bebidas-no-alcoholicas-1024x576.jpg 1024w, https:\/\/garbar.info\/wp-content\/uploads\/2024\/10\/Modificaciones-a-las-disposiciones-referentes-al-etiquetado-de-alimentos-y-bebidas-no-alcoholicas-300x169.jpg 300w, https:\/\/garbar.info\/wp-content\/uploads\/2024\/10\/Modificaciones-a-las-disposiciones-referentes-al-etiquetado-de-alimentos-y-bebidas-no-alcoholicas-768x432.jpg 768w, https:\/\/garbar.info\/wp-content\/uploads\/2024\/10\/Modificaciones-a-las-disposiciones-referentes-al-etiquetado-de-alimentos-y-bebidas-no-alcoholicas-18x10.jpg 18w, https:\/\/garbar.info\/wp-content\/uploads\/2024\/10\/Modificaciones-a-las-disposiciones-referentes-al-etiquetado-de-alimentos-y-bebidas-no-alcoholicas.jpg 1200w\" sizes=\"(max-width: 900px) 100vw, 900px\" \/>\t\t\t\t\t\t\t\t\t\t\t\t\t\t\t<\/div>\n\t\t\t\t<\/div>\n\t\t\t\t<div class=\"elementor-element elementor-element-b85d41d elementor-widget elementor-widget-heading\" data-id=\"b85d41d\" data-element_type=\"widget\" data-widget_type=\"heading.default\">\n\t\t\t\t<div class=\"elementor-widget-container\">\n\t\t\t\t\t<h1 class=\"elementor-heading-title elementor-size-default\">Modificaciones a las disposiciones referentes al etiquetado de alimentos y bebidas no alcoh\u00f3licas.<\/h1>\t\t\t\t<\/div>\n\t\t\t\t<\/div>\n\t\t\t\t<div class=\"elementor-element elementor-element-ee35502 elementor-widget elementor-widget-text-editor\" data-id=\"ee35502\" data-element_type=\"widget\" data-widget_type=\"text-editor.default\">\n\t\t\t\t<div class=\"elementor-widget-container\">\n\t\t\t\t\t\t\t\t\t<article class=\"post-content\"><article class=\"post-content\"><p><span style=\"color: #ffffff;\">Hacemos de su conocimiento que el d\u00eda viernes 27 de marzo se public\u00f3 en el Diario de la Federaci\u00f3n (DOF) la MODIFICACI\u00d3N a la Norma Oficial Mexicana NOM-051-SCFI\/SSA1-2010, Especificaciones generales de etiquetado para alimentos y bebidas no alcoh\u00f3licas preenvasados-Informaci\u00f3n comercial y sanitaria, publicada el 5 de abril de 2010 (nueva NOM-051).<\/span><\/p><p><span style=\"color: #ffffff;\">Esta nueva NOM-051 establece nuevas disposiciones relativas al etiquetado frontal de advertencia, dando as\u00ed cumplimiento a las modificaciones a la Ley General de Salud, en materia de etiquetado, realizadas en noviembre de 2019, las cuales tienen por objeto que las etiquetas para los alimentos y bebidas no alcoh\u00f3licas obligatoriamente incluyan informaci\u00f3n nutrimental de f\u00e1cil comprensi\u00f3n, veraz, directa sencilla y visible.<\/span><\/p><p><span style=\"color: #ffffff;\">A continuaci\u00f3n, se indican los cambios m\u00e1s importantes que presenta la nueva NOM-051:<\/span><\/p><p><span style=\"color: #ffffff;\"><strong>1. Sistema de etiquetado frontal<\/strong><\/span><\/p><p><span style=\"color: #ffffff;\">\u2022 \u00c9ste se refiere a la informaci\u00f3n situada en la superficie principal de exhibici\u00f3n del producto preenvasado. El etiquetado frontal se compone de la informaci\u00f3n nutrimental complementaria y de las leyendas precautorias.<\/span><\/p><p><span style=\"color: #ffffff;\">1.1. Informaci\u00f3n nutrimental complementaria<\/span><\/p><p><span style=\"color: #ffffff;\">\u2022 La informaci\u00f3n nutrimental complementaria es aqu\u00e9lla destinada a interpretar la declaraci\u00f3n nutrimental de forma espec\u00edfica, sobre el contenido energ\u00e9tico y los nutrimentos cr\u00edticos a\u00f1adidos en un producto preenvasado. <\/span><br \/><br \/><span style=\"color: #ffffff;\">\u2022 Los nutrimentos cr\u00edticos son: az\u00facares libres, grasas saturadas, grasas trans y sodio. Es decir, son aquellos nutrimentos que cuando son ingeridos por arriba de los valores nutrimentales de referencia son considerados como factores de riesgo asociados con enfermedades no transmisibles.<\/span><br \/><br \/><span style=\"color: #ffffff;\">\u2022 La informaci\u00f3n nutrimental complementaria debe incluirse en la etiqueta en los siguientes casos: <\/span><br \/><span style=\"color: #ffffff;\">a) Cuando los productos preenvasados contengan a\u00f1adidos: az\u00facares libres, grasas o sodio, y <\/span><br \/><span style=\"color: #ffffff;\">b) Cuando el valor de la energ\u00eda, la cantidad de az\u00facares libres, de grasa saturada, de grasas trans y de sodio igualen o rebasen los l\u00edmites establecidos en la nueva NOM-051.<\/span><\/p><p><span style=\"color: #ffffff;\">\u2022 La informaci\u00f3n nutrimental complementaria se se\u00f1ala utilizando los \u201csellos\u201d, que son los oct\u00e1gonos negros con contorno blanco, que indican: \u201cEXCESO DE CALOR\u00cdAS\u201d; \u201cEXCESO DE SODIO\u201d; \u201cEXCESO GRASAS TRANS\u201d; \u201cEXCESO AZ\u00daCARES\u201d, y \u201cEXCESO GRASAS SATURADAS\u201d, seg\u00fan sea el caso.<\/span><br \/><br \/><span style=\"color: #ffffff;\">\u2022 El o los sellos deben colocarse en la esquina superior derecha de la superficie principal de exhibici\u00f3n; salvo que la superficie principal de exhibici\u00f3n sea menor a 60cm2, entonces pueden colocarse en cualquier \u00e1rea de dicha superficie. <\/span><br \/><br \/><span style=\"color: #ffffff;\">\u2022 Se coloca un sello con el n\u00famero que corresponda a la cantidad de nutrimentos que igualen o rebasen los l\u00edmites establecidos en la nueva NOM-051, en caso de que la superficie principal de exhibici\u00f3n sea menor o igual a 5cm2.<\/span><br \/><br \/><span style=\"color: #ffffff;\">1.2. Leyendas precautorias<\/span><\/p><p><span style=\"color: #ffffff;\">\u2022 Son dos los casos en que deben se\u00f1alarse leyendas precautorias en el etiquetado frontal:<\/span><br \/><br \/><span style=\"color: #ffffff;\">a) Si en la lista de ingredientes se incluye edulcorantes, entonces se debe colocar la leyenda: \u201cCONTIENE EDULCORANTES, NO RECOMENDABLE EN NI\u00d1OS\u201d.<\/span><br \/><br \/><span style=\"color: #ffffff;\">b) Si el producto preenvasado contiene cafe\u00edna adicionada dentro de la lista de ingredientes, en cualquier cantidad, entonces se debe colocar la leyenda: \u201cCONTIENE CAFE\u00cdNA EVITAR EN NI\u00d1OS\u201d. <\/span><br \/><br \/><span style=\"color: #ffffff;\">\u2022 Las leyendas precautorias deben colocarse en la esquina superior derecha de la superficie principal de exhibici\u00f3n. En caso de que el producto preenvasado tenga sellos, entonces las leyendas deben colocarse debajo de los mismos. <\/span><br \/><br \/><span style=\"color: #ffffff;\">\u2022 Los productos preenvasados que ostenten uno o m\u00e1s sellos de advertencia o la leyenda de edulcorantes no deben incluir en sus etiquetas personajes infantiles, animaciones, dibujos animados, celebridades, deportistas o mascotas, elementos interactivos, tales como, juegos visual-espaciales o descargas digitales, que, estando dirigidos a ni\u00f1os, inciten, promueven o fomenten el consumo, compra o elecci\u00f3n de productos con exceso de nutrimentos cr\u00edticos o con edulcorantes. Tampoco podr\u00e1n hacer referencia en la etiqueta a elementos ajenos a los productos mismos. <\/span><br \/><br \/><span style=\"color: #ffffff;\">\u2022 Los productos preenvasados ya no deben se\u00f1alar pilas. Las disposiciones que se\u00f1alaban todo lo referente al etiquetado frontal, el cual establec\u00eda la obligaci\u00f3n de se\u00f1alar pilas, fueron derogadas en la nueva NOM-051. <\/span><br \/><br \/><span style=\"color: #ffffff;\">\u2022 Se abrog\u00f3 el Acuerdo por el que se emiten los Lineamientos a que se refiere el art\u00edculo 25 del Reglamento de Control Sanitario de Productos y Servicios que deber\u00e1n observar los productores de alimentos y bebidas no alcoh\u00f3licas preenvasadas para efectos de la informaci\u00f3n que deber\u00e1n ostentar en el \u00e1rea frontal de exhibici\u00f3n, as\u00ed como los criterios y las caracter\u00edsticas para la obtenci\u00f3n y uso del distintivo nutrimental a que se refiere el art\u00edculo 25 Bis del Reglamento de Control Sanitario de Productos y Servicios, publicado en el Diario Oficial de la Federaci\u00f3n el 15 de abril de 2014.<\/span><\/p><p><span style=\"color: #ffffff;\"><strong>2. Productos de imitaci\u00f3n<\/strong><\/span><\/p><p><span style=\"color: #ffffff;\">\u2022 La denominaci\u00f3n de los productos imitaci\u00f3n debe colocarse en la parte superior izquierda de la superficie principal de exhibici\u00f3n, colocando la palabra IMITACI\u00d3N al principio, en may\u00fasculas, con negrillas en fondo claro en un tama\u00f1o del doble al resto de la denominaci\u00f3n. <\/span><br \/><br \/><span style=\"color: #ffffff;\">\u2022 Los productos imitaci\u00f3n no deben hacer uso de las palabras tales como \u201ctipo\u201d, \u201cestilo\u201d, o alg\u00fan otro t\u00e9rmino similar, en la denominaci\u00f3n del producto preenvasado o dentro de la etiqueta.<\/span><\/p><p><span style=\"color: #ffffff;\"><strong>3. Ingredientes<\/strong><\/span><\/p><p><span style=\"color: #ffffff;\">\u2022 Los az\u00facares a\u00f1adidos se deben declarar. Para ello, deben agruparse anteponiendo las palabras \u201caz\u00facares a\u00f1adidos\u201d, seguido de la lista entre par\u00e9ntesis con las denominaciones espec\u00edficas de todos estos, e indicarse en orden cuantitativo decreciente. <\/span><br \/><br \/><span style=\"color: #ffffff;\">\u2022 Los alimentos e ingredientes que pueden causar hipersensibilidad deben declararse siempre. El listado de estos est\u00e1 se\u00f1alado en la nueva NOM-051. <\/span><br \/><br \/><span style=\"color: #ffffff;\"><strong>4. Declaraci\u00f3n nutrimental<\/strong><\/span><\/p><p><span style=\"color: #ffffff;\">\u2022 La declaraci\u00f3n nutrimental es la relaci\u00f3n o enumeraci\u00f3n del contenido de nutrimentos de un alimento o de una bebida no alcoh\u00f3lica preenvasados. <\/span><br \/><br \/><span style=\"color: #ffffff;\">\u2022 La declaraci\u00f3n del contenido energ\u00e9tico (calor\u00edas) debe expresarse en kcal (kJ) por 100 g, o por 100 ml, as\u00ed como por el contenido total del envase. Adicionalmente se puede declarar por porci\u00f3n.<\/span><br \/><br \/><span style=\"color: #ffffff;\">\u2022 La declaraci\u00f3n sobre la cantidad de prote\u00ednas, de hidratos de carbono disponibles, de grasas, de fibra diet\u00e9tica y de sodio que contienen los alimentos y las bebidas no alcoh\u00f3licas preenvasados debe expresarse en unidades de medida por 100 g o 100 ml. Adicionalmente se puede declarar por porci\u00f3n en envases que contengan varias porciones, o por envase cuando \u00e9ste contiene s\u00f3lo una porci\u00f3n.<\/span><br \/><br \/><span style=\"color: #ffffff;\">\u2022 La informaci\u00f3n impresa en la declaraci\u00f3n nutrimental debe destacar en negrillas la declaraci\u00f3n y la cantidad de contenido energ\u00e9tico; la cantidad de grasa saturada; la cantidad de az\u00facares a\u00f1adidos; la cantidad de grasas trans, y la cantidad de sodio. <\/span><br \/><br \/><span style=\"color: #ffffff;\">\u2022 Lo mencionado en los puntos anteriores implica cambios a la tabla de informaci\u00f3n nutrimental, la cual, com\u00fanmente se\u00f1alaba las cantidades de nutrimentos con base en una determinada porci\u00f3n. De igual forma, implica cambios de forma, ya que deben se\u00f1alarse en negrillas algunos elementos.<\/span><\/p><p><span style=\"color: #ffffff;\">T\u00e9rminos \u201corg\u00e1nico\u201d, \u201cbiol\u00f3gico\u201d, \u201cecol\u00f3gico\u201d<\/span><\/p><p><span style=\"color: #ffffff;\">\u2022 Estos t\u00e9rminos, a lo igual que las denominaciones con prefijos \u201cbio\u201d y \u201ceco\u201d, deben ajustarse a lo establecido en la Ley de Productos Org\u00e1nicos.<\/span><\/p><p><span style=\"color: #ffffff;\"><strong>Entrada en vigor de la MODIFICACI\u00d3N a la NOM-051:<\/strong><\/span><\/p><p><span style=\"color: #ffffff;\">\u2022 Las disposiciones relativas al Sistema de etiquetado frontal y a las leyendas precautorias entrar\u00e1n en vigor el 1 de octubre de 2020. <\/span><br \/><br \/><span style=\"color: #ffffff;\">\u2022 El resto de las disposiciones entrar\u00e1n en vigor el 1 de abril de 2020. <\/span><br \/><br \/><span style=\"color: #ffffff;\">\u2022 Para el c\u00e1lculo y evaluaci\u00f3n de los valores y perfiles referentes a la informaci\u00f3n nutrimental complementaria, la cual forma parte del sistema de etiquetado frontal, se establecieron progresivamente tres fases distintas para su entrada en vigor.<\/span><\/p><p><span style=\"color: #ffffff;\">Primera fase: Del 1 de octubre de 2020 al 30 de septiembre de 2023 (3 a\u00f1os).<\/span><\/p><p><span style=\"color: #ffffff;\">Segunda fase: Del 1 de octubre de 2023 al 30 de septiembre de 2025 (2 a\u00f1os).<\/span><\/p><p><span style=\"color: #ffffff;\">Tercera fase: A partir del 1 de octubre de 2025.<\/span><\/p><p><span style=\"color: #ffffff;\">\u2022 Los responsables de los productos preenvasados podr\u00e1n utilizar temporalmente adhesivos o calcoman\u00edas adheribles sobre la etiqueta de los productos, siempre que dichos adhesivos o calcoman\u00edas cumplan con las disposiciones referentes al sistema de etiquetado frontal, el cual incluye la informaci\u00f3n nutrimental complementaria y las leyendas precautorias. Esta alternativa podr\u00e1 ser utilizada hasta el 31 de marzo de 2021.<\/span><br \/><br \/><span style=\"color: #ffffff;\">\u2022 La disposici\u00f3n referente a la prohibici\u00f3n de incluir en las etiquetas personajes infantiles, animaciones, dibujos animados, entre otros, cuando un producto preenvasado ostenta uno o m\u00e1s sellos de advertencia o la leyenda de edulcorantes, entrar\u00e1 en vigor el 1 de abril de 2021.<\/span><\/p><p><span style=\"color: #ffffff;\">En caso de requerir asesor\u00eda para la implementaci\u00f3n de la nueva NOM-051, as\u00ed como su impugnaci\u00f3n por infringir disposiciones establecidas en tratados internacionales en materia de comercio de los cuales M\u00e9xico es parte, nuestro equipo de derecho regulatorio en materia sanitaria, as\u00ed como de litigio administrativo, pueden asistirle.<\/span><\/p><p><span style=\"color: #ffffff;\"><strong>Garc\u00eda Barrag\u00e1n Abogados<\/strong><\/span><\/p><\/article><\/article>\t\t\t\t\t\t\t\t<\/div>\n\t\t\t\t<\/div>\n\t\t\t\t\t<\/div>\n\t\t<\/div>\n\t\t\t\t<div class=\"elementor-column elementor-col-50 elementor-top-column elementor-element elementor-element-4b1b38c\" data-id=\"4b1b38c\" data-element_type=\"column\">\n\t\t\t<div class=\"elementor-widget-wrap elementor-element-populated\">\n\t\t\t\t\t\t<div class=\"elementor-element elementor-element-51f16d6 elementor-widget elementor-widget-spacer\" data-id=\"51f16d6\" data-element_type=\"widget\" data-widget_type=\"spacer.default\">\n\t\t\t\t<div class=\"elementor-widget-container\">\n\t\t\t\t\t\t\t<div class=\"elementor-spacer\">\n\t\t\t<div class=\"elementor-spacer-inner\"><\/div>\n\t\t<\/div>\n\t\t\t\t\t\t<\/div>\n\t\t\t\t<\/div>\n\t\t\t\t<div class=\"elementor-element elementor-element-05cf4ec elementor-widget elementor-widget-sidebar\" data-id=\"05cf4ec\" data-element_type=\"widget\" data-widget_type=\"sidebar.default\">\n\t\t\t\t<div class=\"elementor-widget-container\">\n\t\t\t\t\t<aside id=\"block-3\" class=\"widget inner-padding widget_block\">\n<div class=\"wp-block-group is-layout-constrained wp-block-group-is-layout-constrained\"><ul style=\"font-size:13px;\" class=\"wp-block-latest-posts__list has-dates has-author wp-block-latest-posts\"><li><div class=\"wp-block-latest-posts__featured-image alignright\"><a href=\"https:\/\/garbar.info\/en\/chambers-and-partners-2026-ha-reconocido-a-nuestro-socio-daniel-garcia-barragan-l\/\" aria-label=\"Chambers and Partners 2026 ha reconocido a nuestro socio Daniel Garc\u00eda Barrag\u00e1n L.\"><img loading=\"lazy\" decoding=\"async\" width=\"150\" height=\"150\" src=\"https:\/\/garbar.info\/wp-content\/uploads\/2026\/02\/garbar-dgbl-chambers-2026-all-150x150.jpg\" class=\"attachment-thumbnail size-thumbnail wp-post-image\" alt=\"\" style=\"max-width:113px;max-height:113px;\" srcset=\"https:\/\/garbar.info\/wp-content\/uploads\/2026\/02\/garbar-dgbl-chambers-2026-all-150x150.jpg 150w, https:\/\/garbar.info\/wp-content\/uploads\/2026\/02\/garbar-dgbl-chambers-2026-all-700x700.jpg 700w\" sizes=\"(max-width: 150px) 100vw, 150px\" \/><\/a><\/div><a class=\"wp-block-latest-posts__post-title\" href=\"https:\/\/garbar.info\/en\/chambers-and-partners-2026-ha-reconocido-a-nuestro-socio-daniel-garcia-barragan-l\/\">Chambers and Partners 2026 ha reconocido a nuestro socio Daniel Garc\u00eda Barrag\u00e1n L.<\/a><div class=\"wp-block-latest-posts__post-author\">by Garc\u00eda Barrag\u00e1n Abogados<\/div><time datetime=\"2026-02-18T12:45:12-06:00\" class=\"wp-block-latest-posts__post-date\">18 de February de 2026<\/time><div class=\"wp-block-latest-posts__post-excerpt\">Con gran orgullo y entusiasmo, compartimos que el d\u00eda de ayer nuestra consejera, la licenciada Luc\u00eda Mello Gonz\u00e1lez recibi\u00f3 por parte de la ANIERM, en el marco de\u00a0\u201cThe Logistics World Summit & Expo 2025\u201d, el evento de log\u00edstica m\u00e1s importante de Latinoam\u00e9rica, su certificado del Diplomado de Comercio Exterior y Operaciones Aduaneras, as\u00ed como su certificaci\u00f3n en el Est\u00e1ndar de Competencias Laborales EC0537, avalada por el CONOCER y la SEP; lo que refleja su compromiso y trayectoria en esta \u00e1rea del Derecho.<\/div><\/li>\n<li><div class=\"wp-block-latest-posts__featured-image alignright\"><a href=\"https:\/\/garbar.info\/en\/analisis-al-decreto-por-el-que-se-reforman-y-adicionan-disposiciones-a-la-ley-de-amparo\/\" aria-label=\"\u00a0An\u00e1lisis al Decreto por el que se reforman y adicionan disposiciones a la Ley de Amparo\"><img loading=\"lazy\" decoding=\"async\" width=\"150\" height=\"150\" src=\"https:\/\/garbar.info\/wp-content\/uploads\/2025\/11\/garbar.2025.analisis.ley_.amparo.news_-150x150.jpg\" class=\"attachment-thumbnail size-thumbnail wp-post-image\" alt=\"\" style=\"max-width:113px;max-height:113px;\" srcset=\"https:\/\/garbar.info\/wp-content\/uploads\/2025\/11\/garbar.2025.analisis.ley_.amparo.news_-150x150.jpg 150w, https:\/\/garbar.info\/wp-content\/uploads\/2025\/11\/garbar.2025.analisis.ley_.amparo.news_-700x700.jpg 700w\" sizes=\"(max-width: 150px) 100vw, 150px\" \/><\/a><\/div><a class=\"wp-block-latest-posts__post-title\" href=\"https:\/\/garbar.info\/en\/analisis-al-decreto-por-el-que-se-reforman-y-adicionan-disposiciones-a-la-ley-de-amparo\/\">\u00a0An\u00e1lisis al Decreto por el que se reforman y adicionan disposiciones a la Ley de Amparo<\/a><div class=\"wp-block-latest-posts__post-author\">by Garc\u00eda Barrag\u00e1n Abogados<\/div><time datetime=\"2025-11-05T11:47:30-06:00\" class=\"wp-block-latest-posts__post-date\">5 de November de 2025<\/time><div class=\"wp-block-latest-posts__post-excerpt\">Con gran orgullo y entusiasmo, compartimos que el d\u00eda de ayer nuestra consejera, la licenciada Luc\u00eda Mello Gonz\u00e1lez recibi\u00f3 por parte de la ANIERM, en el marco de\u00a0\u201cThe Logistics World Summit & Expo 2025\u201d, el evento de log\u00edstica m\u00e1s importante de Latinoam\u00e9rica, su certificado del Diplomado de Comercio Exterior y Operaciones Aduaneras, as\u00ed como su certificaci\u00f3n en el Est\u00e1ndar de Competencias Laborales EC0537, avalada por el CONOCER y la SEP; lo que refleja su compromiso y trayectoria en esta \u00e1rea del Derecho.<\/div><\/li>\n<li><div class=\"wp-block-latest-posts__featured-image alignright\"><a href=\"https:\/\/garbar.info\/en\/compartimos-el-reconocimiento-de-nuestro-socio-daniel-garcia-barragan-lopez-como-socio-de-proxima-generacion-en-el-ranking-de-legal-500-2026-para-mexico\/\" aria-label=\"Compartimos el reconocimiento de nuestro socio Daniel Garc\u00eda Barrag\u00e1n L\u00f3pez como Socio de Pr\u00f3xima Generaci\u00f3n, en el ranking de Legal 500 2026 para M\u00e9xico\"><img loading=\"lazy\" decoding=\"async\" width=\"150\" height=\"150\" src=\"https:\/\/garbar.info\/wp-content\/uploads\/2025\/10\/garbar.web_.dgbl_.2025-150x150.jpg\" class=\"attachment-thumbnail size-thumbnail wp-post-image\" alt=\"\" style=\"max-width:113px;max-height:113px;\" srcset=\"https:\/\/garbar.info\/wp-content\/uploads\/2025\/10\/garbar.web_.dgbl_.2025-150x150.jpg 150w, https:\/\/garbar.info\/wp-content\/uploads\/2025\/10\/garbar.web_.dgbl_.2025-700x700.jpg 700w\" sizes=\"(max-width: 150px) 100vw, 150px\" \/><\/a><\/div><a class=\"wp-block-latest-posts__post-title\" href=\"https:\/\/garbar.info\/en\/compartimos-el-reconocimiento-de-nuestro-socio-daniel-garcia-barragan-lopez-como-socio-de-proxima-generacion-en-el-ranking-de-legal-500-2026-para-mexico\/\">Compartimos el reconocimiento de nuestro socio Daniel Garc\u00eda Barrag\u00e1n L\u00f3pez como Socio de Pr\u00f3xima Generaci\u00f3n, en el ranking de Legal 500 2026 para M\u00e9xico<\/a><div class=\"wp-block-latest-posts__post-author\">by Garc\u00eda Barrag\u00e1n Abogados<\/div><time datetime=\"2025-10-27T13:06:22-06:00\" class=\"wp-block-latest-posts__post-date\">27 de October de 2025<\/time><div class=\"wp-block-latest-posts__post-excerpt\">Con gran orgullo y entusiasmo, compartimos que el d\u00eda de ayer nuestra consejera, la licenciada Luc\u00eda Mello Gonz\u00e1lez recibi\u00f3 por parte de la ANIERM, en el marco de\u00a0\u201cThe Logistics World Summit & Expo 2025\u201d, el evento de log\u00edstica m\u00e1s importante de Latinoam\u00e9rica, su certificado del Diplomado de Comercio Exterior y Operaciones Aduaneras, as\u00ed como su certificaci\u00f3n en el Est\u00e1ndar de Competencias Laborales EC0537, avalada por el CONOCER y la SEP; lo que refleja su compromiso y trayectoria en esta \u00e1rea del Derecho.<\/div><\/li>\n<li><div class=\"wp-block-latest-posts__featured-image alignright\"><a href=\"https:\/\/garbar.info\/en\/compartimos-el-reconocimiento-de-nuestro-socio-fundador-manuel-garcia-barragan-martinez-como-abogado-recomendado-en-el-ranking-de-the-legal-500-2026-para-mexico\/\" aria-label=\"Compartimos el reconocimiento de nuestro socio fundador Manuel Garc\u00eda Barrag\u00e1n Mart\u00ednez como Abogado Recomendado, en el ranking de The Legal 500 2026 para M\u00e9xico\"><img loading=\"lazy\" decoding=\"async\" width=\"150\" height=\"150\" src=\"https:\/\/garbar.info\/wp-content\/uploads\/2025\/10\/garbar.web_.mgbm_.2025-150x150.jpg\" class=\"attachment-thumbnail size-thumbnail wp-post-image\" alt=\"\" style=\"max-width:113px;max-height:113px;\" srcset=\"https:\/\/garbar.info\/wp-content\/uploads\/2025\/10\/garbar.web_.mgbm_.2025-150x150.jpg 150w, https:\/\/garbar.info\/wp-content\/uploads\/2025\/10\/garbar.web_.mgbm_.2025-700x700.jpg 700w\" sizes=\"auto, (max-width: 150px) 100vw, 150px\" \/><\/a><\/div><a class=\"wp-block-latest-posts__post-title\" href=\"https:\/\/garbar.info\/en\/compartimos-el-reconocimiento-de-nuestro-socio-fundador-manuel-garcia-barragan-martinez-como-abogado-recomendado-en-el-ranking-de-the-legal-500-2026-para-mexico\/\">Compartimos el reconocimiento de nuestro socio fundador Manuel Garc\u00eda Barrag\u00e1n Mart\u00ednez como Abogado Recomendado, en el ranking de The Legal 500 2026 para M\u00e9xico<\/a><div class=\"wp-block-latest-posts__post-author\">by Garc\u00eda Barrag\u00e1n Abogados<\/div><time datetime=\"2025-10-27T13:03:40-06:00\" class=\"wp-block-latest-posts__post-date\">27 de October de 2025<\/time><div class=\"wp-block-latest-posts__post-excerpt\">Con gran orgullo y entusiasmo, compartimos que el d\u00eda de ayer nuestra consejera, la licenciada Luc\u00eda Mello Gonz\u00e1lez recibi\u00f3 por parte de la ANIERM, en el marco de\u00a0\u201cThe Logistics World Summit & Expo 2025\u201d, el evento de log\u00edstica m\u00e1s importante de Latinoam\u00e9rica, su certificado del Diplomado de Comercio Exterior y Operaciones Aduaneras, as\u00ed como su certificaci\u00f3n en el Est\u00e1ndar de Competencias Laborales EC0537, avalada por el CONOCER y la SEP; lo que refleja su compromiso y trayectoria en esta \u00e1rea del Derecho.<\/div><\/li>\n<li><div class=\"wp-block-latest-posts__featured-image alignright\"><a href=\"https:\/\/garbar.info\/en\/garcia-barragan-abogados-s-c-ha-sido-reconocido-por-legal-500-como-firma-recomendada-y-destacada-en-el-area-de-practica-de-resolucion-de-disputas-arbitraje-en-el-ranking-de-2026-para-mexico\/\" aria-label=\"Garc\u00eda Barrag\u00e1n Abogados, S.C., ha sido reconocido por Legal 500 como Firma recomendada y destacada en el \u00e1rea de pr\u00e1ctica de Resoluci\u00f3n de Disputas: Arbitraje en el ranking de 2026 para M\u00e9xico\"><img loading=\"lazy\" decoding=\"async\" width=\"150\" height=\"150\" src=\"https:\/\/garbar.info\/wp-content\/uploads\/2025\/10\/garbar.web_.gba_.2025-150x150.jpg\" class=\"attachment-thumbnail size-thumbnail wp-post-image\" alt=\"\" style=\"max-width:113px;max-height:113px;\" srcset=\"https:\/\/garbar.info\/wp-content\/uploads\/2025\/10\/garbar.web_.gba_.2025-150x150.jpg 150w, https:\/\/garbar.info\/wp-content\/uploads\/2025\/10\/garbar.web_.gba_.2025-700x700.jpg 700w\" sizes=\"auto, (max-width: 150px) 100vw, 150px\" \/><\/a><\/div><a class=\"wp-block-latest-posts__post-title\" href=\"https:\/\/garbar.info\/en\/garcia-barragan-abogados-s-c-ha-sido-reconocido-por-legal-500-como-firma-recomendada-y-destacada-en-el-area-de-practica-de-resolucion-de-disputas-arbitraje-en-el-ranking-de-2026-para-mexico\/\">Garc\u00eda Barrag\u00e1n Abogados, S.C., ha sido reconocido por Legal 500 como Firma recomendada y destacada en el \u00e1rea de pr\u00e1ctica de Resoluci\u00f3n de Disputas: Arbitraje en el ranking de 2026 para M\u00e9xico<\/a><div class=\"wp-block-latest-posts__post-author\">by Garc\u00eda Barrag\u00e1n Abogados<\/div><time datetime=\"2025-10-27T12:51:54-06:00\" class=\"wp-block-latest-posts__post-date\">27 de October de 2025<\/time><div class=\"wp-block-latest-posts__post-excerpt\">Con gran orgullo y entusiasmo, compartimos que el d\u00eda de ayer nuestra consejera, la licenciada Luc\u00eda Mello Gonz\u00e1lez recibi\u00f3 por parte de la ANIERM, en el marco de\u00a0\u201cThe Logistics World Summit & Expo 2025\u201d, el evento de log\u00edstica m\u00e1s importante de Latinoam\u00e9rica, su certificado del Diplomado de Comercio Exterior y Operaciones Aduaneras, as\u00ed como su certificaci\u00f3n en el Est\u00e1ndar de Competencias Laborales EC0537, avalada por el CONOCER y la SEP; lo que refleja su compromiso y trayectoria en esta \u00e1rea del Derecho.<\/div><\/li>\n<li><div class=\"wp-block-latest-posts__featured-image alignright\"><a href=\"https:\/\/garbar.info\/en\/proyecto-de-reforma-a-la-ley-de-amparo\/\" aria-label=\"Amparo Law Reform Initiative\"><img loading=\"lazy\" decoding=\"async\" width=\"150\" height=\"150\" src=\"https:\/\/garbar.info\/wp-content\/uploads\/2025\/09\/garbar.2025.proyecto.de_.reforma.a.la_.ley_.de_.amparo.news_-150x150.jpg\" class=\"attachment-thumbnail size-thumbnail wp-post-image\" alt=\"\" style=\"max-width:113px;max-height:113px;\" srcset=\"https:\/\/garbar.info\/wp-content\/uploads\/2025\/09\/garbar.2025.proyecto.de_.reforma.a.la_.ley_.de_.amparo.news_-150x150.jpg 150w, https:\/\/garbar.info\/wp-content\/uploads\/2025\/09\/garbar.2025.proyecto.de_.reforma.a.la_.ley_.de_.amparo.news_-700x700.jpg 700w\" sizes=\"auto, (max-width: 150px) 100vw, 150px\" \/><\/a><\/div><a class=\"wp-block-latest-posts__post-title\" href=\"https:\/\/garbar.info\/en\/proyecto-de-reforma-a-la-ley-de-amparo\/\">Amparo Law Reform Initiative<\/a><div class=\"wp-block-latest-posts__post-author\">by Garc\u00eda Barrag\u00e1n Abogados<\/div><time datetime=\"2025-09-23T17:09:48-06:00\" class=\"wp-block-latest-posts__post-date\">23 de September de 2025<\/time><div class=\"wp-block-latest-posts__post-excerpt\">Con gran orgullo y entusiasmo, compartimos que el d\u00eda de ayer nuestra consejera, la licenciada Luc\u00eda Mello Gonz\u00e1lez recibi\u00f3 por parte de la ANIERM, en el marco de\u00a0\u201cThe Logistics World Summit & Expo 2025\u201d, el evento de log\u00edstica m\u00e1s importante de Latinoam\u00e9rica, su certificado del Diplomado de Comercio Exterior y Operaciones Aduaneras, as\u00ed como su certificaci\u00f3n en el Est\u00e1ndar de Competencias Laborales EC0537, avalada por el CONOCER y la SEP; lo que refleja su compromiso y trayectoria en esta \u00e1rea del Derecho.<\/div><\/li>\n<li><div class=\"wp-block-latest-posts__featured-image alignright\"><a href=\"https:\/\/garbar.info\/en\/adriana-lopez-gonzalez-latin-america-guide-en-arbitration-mexico-band-4\/\" aria-label=\"Adriana L\u00f3pez Gonz\u00e1lez Latin America Guide\u00a0en\u00a0Arbitration \u2013 Mexico, Band 4\"><img loading=\"lazy\" decoding=\"async\" width=\"150\" height=\"150\" src=\"https:\/\/garbar.info\/wp-content\/uploads\/2025\/08\/garbar-alg-chambers-intellectual-property-2026-150x150.png\" class=\"attachment-thumbnail size-thumbnail wp-post-image\" alt=\"\" style=\"max-width:113px;max-height:113px;\" srcset=\"https:\/\/garbar.info\/wp-content\/uploads\/2025\/08\/garbar-alg-chambers-intellectual-property-2026-150x150.png 150w, https:\/\/garbar.info\/wp-content\/uploads\/2025\/08\/garbar-alg-chambers-intellectual-property-2026-700x700.png 700w\" sizes=\"auto, (max-width: 150px) 100vw, 150px\" \/><\/a><\/div><a class=\"wp-block-latest-posts__post-title\" href=\"https:\/\/garbar.info\/en\/adriana-lopez-gonzalez-latin-america-guide-en-arbitration-mexico-band-4\/\">Adriana L\u00f3pez Gonz\u00e1lez Latin America Guide\u00a0en\u00a0Arbitration \u2013 Mexico, Band 4<\/a><div class=\"wp-block-latest-posts__post-author\">by Garc\u00eda Barrag\u00e1n Abogados<\/div><time datetime=\"2025-08-26T09:57:03-06:00\" class=\"wp-block-latest-posts__post-date\">26 de August de 2025<\/time><div class=\"wp-block-latest-posts__post-excerpt\">Con gran orgullo y entusiasmo, compartimos que el d\u00eda de ayer nuestra consejera, la licenciada Luc\u00eda Mello Gonz\u00e1lez recibi\u00f3 por parte de la ANIERM, en el marco de\u00a0\u201cThe Logistics World Summit & Expo 2025\u201d, el evento de log\u00edstica m\u00e1s importante de Latinoam\u00e9rica, su certificado del Diplomado de Comercio Exterior y Operaciones Aduaneras, as\u00ed como su certificaci\u00f3n en el Est\u00e1ndar de Competencias Laborales EC0537, avalada por el CONOCER y la SEP; lo que refleja su compromiso y trayectoria en esta \u00e1rea del Derecho.<\/div><\/li>\n<li><div class=\"wp-block-latest-posts__featured-image alignright\"><a href=\"https:\/\/garbar.info\/en\/daniel-garcia-barragan-lopez-corporate-ma-highly-regarded-mexico-band-4\/\" aria-label=\"Daniel Garc\u00eda Barrag\u00e1n L\u00f3pez Corporate \/ M&amp;A: Highly Regarded \u2013 Mexico, Band 4\"><img loading=\"lazy\" decoding=\"async\" width=\"150\" height=\"150\" src=\"https:\/\/garbar.info\/wp-content\/uploads\/2025\/08\/garbar-dgbl-chambers-corporate-ma-2026-150x150.png\" class=\"attachment-thumbnail size-thumbnail wp-post-image\" alt=\"\" style=\"max-width:113px;max-height:113px;\" srcset=\"https:\/\/garbar.info\/wp-content\/uploads\/2025\/08\/garbar-dgbl-chambers-corporate-ma-2026-150x150.png 150w, https:\/\/garbar.info\/wp-content\/uploads\/2025\/08\/garbar-dgbl-chambers-corporate-ma-2026-700x700.png 700w\" sizes=\"auto, (max-width: 150px) 100vw, 150px\" \/><\/a><\/div><a class=\"wp-block-latest-posts__post-title\" href=\"https:\/\/garbar.info\/en\/daniel-garcia-barragan-lopez-corporate-ma-highly-regarded-mexico-band-4\/\">Daniel Garc\u00eda Barrag\u00e1n L\u00f3pez Corporate \/ M&amp;A: Highly Regarded \u2013 Mexico, Band 4<\/a><div class=\"wp-block-latest-posts__post-author\">by Garc\u00eda Barrag\u00e1n Abogados<\/div><time datetime=\"2025-08-26T09:45:30-06:00\" class=\"wp-block-latest-posts__post-date\">26 de August de 2025<\/time><div class=\"wp-block-latest-posts__post-excerpt\">Con gran orgullo y entusiasmo, compartimos que el d\u00eda de ayer nuestra consejera, la licenciada Luc\u00eda Mello Gonz\u00e1lez recibi\u00f3 por parte de la ANIERM, en el marco de\u00a0\u201cThe Logistics World Summit & Expo 2025\u201d, el evento de log\u00edstica m\u00e1s importante de Latinoam\u00e9rica, su certificado del Diplomado de Comercio Exterior y Operaciones Aduaneras, as\u00ed como su certificaci\u00f3n en el Est\u00e1ndar de Competencias Laborales EC0537, avalada por el CONOCER y la SEP; lo que refleja su compromiso y trayectoria en esta \u00e1rea del Derecho.<\/div><\/li>\n<li><div class=\"wp-block-latest-posts__featured-image alignright\"><a href=\"https:\/\/garbar.info\/en\/daniel-garcia-barragan-lopez-dispute-resolution-civil-commercial-litigation-mexico-band-4\/\" aria-label=\"Daniel Garc\u00eda Barrag\u00e1n L\u00f3pez Dispute Resolution: Civil &amp; Commercial Litigation \u2013 Mexico, Band 4\"><img loading=\"lazy\" decoding=\"async\" width=\"150\" height=\"150\" src=\"https:\/\/garbar.info\/wp-content\/uploads\/2025\/08\/garbar-dgbl-chambers-civil-commercial-2026-150x150.png\" class=\"attachment-thumbnail size-thumbnail wp-post-image\" alt=\"\" style=\"max-width:113px;max-height:113px;\" srcset=\"https:\/\/garbar.info\/wp-content\/uploads\/2025\/08\/garbar-dgbl-chambers-civil-commercial-2026-150x150.png 150w, https:\/\/garbar.info\/wp-content\/uploads\/2025\/08\/garbar-dgbl-chambers-civil-commercial-2026-700x700.png 700w\" sizes=\"auto, (max-width: 150px) 100vw, 150px\" \/><\/a><\/div><a class=\"wp-block-latest-posts__post-title\" href=\"https:\/\/garbar.info\/en\/daniel-garcia-barragan-lopez-dispute-resolution-civil-commercial-litigation-mexico-band-4\/\">Daniel Garc\u00eda Barrag\u00e1n L\u00f3pez Dispute Resolution: Civil &amp; Commercial Litigation \u2013 Mexico, Band 4<\/a><div class=\"wp-block-latest-posts__post-author\">by Garc\u00eda Barrag\u00e1n Abogados<\/div><time datetime=\"2025-08-26T09:39:53-06:00\" class=\"wp-block-latest-posts__post-date\">26 de August de 2025<\/time><div class=\"wp-block-latest-posts__post-excerpt\">Con gran orgullo y entusiasmo, compartimos que el d\u00eda de ayer nuestra consejera, la licenciada Luc\u00eda Mello Gonz\u00e1lez recibi\u00f3 por parte de la ANIERM, en el marco de\u00a0\u201cThe Logistics World Summit & Expo 2025\u201d, el evento de log\u00edstica m\u00e1s importante de Latinoam\u00e9rica, su certificado del Diplomado de Comercio Exterior y Operaciones Aduaneras, as\u00ed como su certificaci\u00f3n en el Est\u00e1ndar de Competencias Laborales EC0537, avalada por el CONOCER y la SEP; lo que refleja su compromiso y trayectoria en esta \u00e1rea del Derecho.<\/div><\/li>\n<\/ul><\/div>\n<\/aside><aside id=\"block-8\" class=\"widget inner-padding widget_block\">\n<div style=\"height:49px\" aria-hidden=\"true\" class=\"wp-block-spacer\"><\/div>\n<\/aside><aside id=\"nav_menu-3\" class=\"widget inner-padding widget_nav_menu\"><div class=\"menu-garbar-menu-container\"><ul id=\"menu-garbar-menu\" class=\"menu\"><li id=\"menu-item-516\" class=\"menu-item menu-item-type-post_type menu-item-object-page menu-item-516\"><a href=\"https:\/\/garbar.info\/en\/acerca-de\/\">About<\/a><\/li>\n<li id=\"menu-item-501\" class=\"menu-item menu-item-type-post_type menu-item-object-page menu-item-501\"><a href=\"https:\/\/garbar.info\/en\/areas-de-practica\/\">Areas of Practice<\/a><\/li>\n<li id=\"menu-item-502\" class=\"menu-item menu-item-type-post_type menu-item-object-page menu-item-502\"><a href=\"https:\/\/garbar.info\/en\/equipo\/\">Team<\/a><\/li>\n<li id=\"menu-item-503\" class=\"menu-item menu-item-type-post_type menu-item-object-page menu-item-503\"><a href=\"https:\/\/garbar.info\/en\/noticias\/\">News<\/a><\/li>\n<li id=\"menu-item-559\" class=\"menu-item menu-item-type-post_type menu-item-object-page menu-item-559\"><a href=\"https:\/\/garbar.info\/en\/contacto\/\">Contact<\/a><\/li>\n<\/ul><\/div><\/aside>\t\t\t\t<\/div>\n\t\t\t\t<\/div>\n\t\t\t\t\t<\/div>\n\t\t<\/div>\n\t\t\t\t\t<\/div>\n\t\t<\/section>\n\t\t\t\t<\/div>","protected":false},"excerpt":{"rendered":"<p>Regulatorio Modificaciones a las disposiciones referentes al etiquetado de alimentos y bebidas no alcoh\u00f3licas. Hacemos de su conocimiento que el d\u00eda viernes 27 de marzo se public\u00f3 en el Diario de la Federaci\u00f3n (DOF) la MODIFICACI\u00d3N a la Norma Oficial Mexicana NOM-051-SCFI\/SSA1-2010, Especificaciones generales de etiquetado para alimentos y bebidas no alcoh\u00f3licas preenvasados-Informaci\u00f3n comercial y &#8230; <a title=\"Modificaciones a las disposiciones referentes al etiquetado de alimentos y bebidas no alcoh\u00f3licas.\" class=\"read-more\" href=\"https:\/\/garbar.info\/en\/modificaciones-a-las-disposiciones-referentes-al-etiquetado-de-alimentos-y-bebidas-no-alcoholicas\/\" aria-label=\"Read more about Modificaciones a las disposiciones referentes al etiquetado de alimentos y bebidas no alcoh\u00f3licas.\">Read more<\/a><\/p>","protected":false},"author":1,"featured_media":873,"comment_status":"open","ping_status":"open","sticky":false,"template":"elementor_header_footer","format":"standard","meta":{"inline_featured_image":false,"footnotes":""},"categories":[60],"tags":[],"class_list":["post-872","post","type-post","status-publish","format-standard","has-post-thumbnail","hentry","category-regulatorio"],"_links":{"self":[{"href":"https:\/\/garbar.info\/en\/wp-json\/wp\/v2\/posts\/872","targetHints":{"allow":["GET"]}}],"collection":[{"href":"https:\/\/garbar.info\/en\/wp-json\/wp\/v2\/posts"}],"about":[{"href":"https:\/\/garbar.info\/en\/wp-json\/wp\/v2\/types\/post"}],"author":[{"embeddable":true,"href":"https:\/\/garbar.info\/en\/wp-json\/wp\/v2\/users\/1"}],"replies":[{"embeddable":true,"href":"https:\/\/garbar.info\/en\/wp-json\/wp\/v2\/comments?post=872"}],"version-history":[{"count":4,"href":"https:\/\/garbar.info\/en\/wp-json\/wp\/v2\/posts\/872\/revisions"}],"predecessor-version":[{"id":877,"href":"https:\/\/garbar.info\/en\/wp-json\/wp\/v2\/posts\/872\/revisions\/877"}],"wp:featuredmedia":[{"embeddable":true,"href":"https:\/\/garbar.info\/en\/wp-json\/wp\/v2\/media\/873"}],"wp:attachment":[{"href":"https:\/\/garbar.info\/en\/wp-json\/wp\/v2\/media?parent=872"}],"wp:term":[{"taxonomy":"category","embeddable":true,"href":"https:\/\/garbar.info\/en\/wp-json\/wp\/v2\/categories?post=872"},{"taxonomy":"post_tag","embeddable":true,"href":"https:\/\/garbar.info\/en\/wp-json\/wp\/v2\/tags?post=872"}],"curies":[{"name":"wp","href":"https:\/\/api.w.org\/{rel}","templated":true}]}}