{"id":815,"date":"2020-03-24T09:11:10","date_gmt":"2020-03-24T15:11:10","guid":{"rendered":"https:\/\/garbar.info\/?p=815"},"modified":"2024-10-04T09:59:45","modified_gmt":"2024-10-04T15:59:45","slug":"implicaciones-laborales-para-las-empresas-en-caso-de-contingencia-sanitaria-por-covid-19","status":"publish","type":"post","link":"https:\/\/garbar.info\/en\/implicaciones-laborales-para-las-empresas-en-caso-de-contingencia-sanitaria-por-covid-19\/","title":{"rendered":"Implicaciones laborales para las empresas en caso de contingencia sanitaria por Covid-19"},"content":{"rendered":"<div data-elementor-type=\"wp-post\" data-elementor-id=\"815\" class=\"elementor elementor-815\" data-elementor-post-type=\"post\">\n\t\t\t\t\t\t<section class=\"elementor-section elementor-top-section elementor-element elementor-element-8fd0310 elementor-section-boxed elementor-section-height-default elementor-section-height-default\" data-id=\"8fd0310\" data-element_type=\"section\" data-settings=\"{&quot;background_background&quot;:&quot;classic&quot;}\">\n\t\t\t\t\t\t<div class=\"elementor-container elementor-column-gap-default\">\n\t\t\t\t\t<div class=\"elementor-column elementor-col-50 elementor-top-column elementor-element elementor-element-0f328b8\" data-id=\"0f328b8\" data-element_type=\"column\">\n\t\t\t<div class=\"elementor-widget-wrap elementor-element-populated\">\n\t\t\t\t\t\t<div class=\"elementor-element elementor-element-d3842a5 elementor-widget elementor-widget-heading\" data-id=\"d3842a5\" data-element_type=\"widget\" data-widget_type=\"heading.default\">\n\t\t\t\t<div class=\"elementor-widget-container\">\n\t\t\t\t\t<h2 class=\"elementor-heading-title elementor-size-default\">Labor and Social Security<\/h2>\t\t\t\t<\/div>\n\t\t\t\t<\/div>\n\t\t\t\t<div class=\"elementor-element elementor-element-74ab396 elementor-widget elementor-widget-image\" data-id=\"74ab396\" data-element_type=\"widget\" data-widget_type=\"image.default\">\n\t\t\t\t<div class=\"elementor-widget-container\">\n\t\t\t\t\t\t\t\t\t\t\t\t\t\t\t<img loading=\"lazy\" decoding=\"async\" width=\"1024\" height=\"576\" src=\"https:\/\/garbar.info\/wp-content\/uploads\/2024\/10\/Implicaciones-laborales-para-las-empresas-en-caso-de-contingencia-sanitaria-por-Covid-19-1024x576.jpg\" class=\"attachment-large size-large wp-image-816\" alt=\"\" srcset=\"https:\/\/garbar.info\/wp-content\/uploads\/2024\/10\/Implicaciones-laborales-para-las-empresas-en-caso-de-contingencia-sanitaria-por-Covid-19-1024x576.jpg 1024w, https:\/\/garbar.info\/wp-content\/uploads\/2024\/10\/Implicaciones-laborales-para-las-empresas-en-caso-de-contingencia-sanitaria-por-Covid-19-300x169.jpg 300w, https:\/\/garbar.info\/wp-content\/uploads\/2024\/10\/Implicaciones-laborales-para-las-empresas-en-caso-de-contingencia-sanitaria-por-Covid-19-768x432.jpg 768w, https:\/\/garbar.info\/wp-content\/uploads\/2024\/10\/Implicaciones-laborales-para-las-empresas-en-caso-de-contingencia-sanitaria-por-Covid-19-18x10.jpg 18w, https:\/\/garbar.info\/wp-content\/uploads\/2024\/10\/Implicaciones-laborales-para-las-empresas-en-caso-de-contingencia-sanitaria-por-Covid-19.jpg 1200w\" sizes=\"(max-width: 1024px) 100vw, 1024px\" \/>\t\t\t\t\t\t\t\t\t\t\t\t\t\t\t<\/div>\n\t\t\t\t<\/div>\n\t\t\t\t<div class=\"elementor-element elementor-element-b85d41d elementor-widget elementor-widget-heading\" data-id=\"b85d41d\" data-element_type=\"widget\" data-widget_type=\"heading.default\">\n\t\t\t\t<div class=\"elementor-widget-container\">\n\t\t\t\t\t<h1 class=\"elementor-heading-title elementor-size-default\">Implicaciones laborales para las empresas en caso de contingencia sanitaria por Covid-19<\/h1>\t\t\t\t<\/div>\n\t\t\t\t<\/div>\n\t\t\t\t<div class=\"elementor-element elementor-element-ee35502 elementor-widget elementor-widget-text-editor\" data-id=\"ee35502\" data-element_type=\"widget\" data-widget_type=\"text-editor.default\">\n\t\t\t\t<div class=\"elementor-widget-container\">\n\t\t\t\t\t\t\t\t\t<article class=\"post-content\"><article class=\"post-content\"><p><span style=\"color: #ffffff;\">Para garantizar condiciones de trabajo seguras y saludables, la presente alerta informativa contiene recomendaciones, as\u00ed como descripciones de normas obligatorias de seguridad y salud.<\/span><\/p><p><span style=\"color: #ffffff;\">El coronavirus (COVID-19) es una enfermedad respiratoria causada por el virus SARS-CoV-2. Se ha extendido desde China a muchos otros pa\u00edses del mundo.<\/span><\/p><p><span style=\"color: #ffffff;\">Dependiendo de la gravedad internacional y del impacto del COVID-19 en cada pa\u00eds, las condiciones de brote, incluidos los que se elevan al nivel de una pandemia, puede afectar todos los aspectos de la vida diaria, incluidos viajes, comercio, turismo, suministros de alimentos y mercados financieros.<\/span><\/p><p><span style=\"color: #ffffff;\">Para reducir el impacto de las condiciones del brote en empresas, es importante para que todos los empleadores planifiquen lo cual incluye la actualizaci\u00f3n de planes para abordar riesgos de exposici\u00f3n, fuentes de exposici\u00f3n, v\u00edas de transmisi\u00f3n, y otras caracter\u00edsticas \u00fanicas del virus.<\/span><\/p><p><span style=\"color: #ffffff;\">A continuaci\u00f3n, listamos las recomendaciones en materia laboral y seguridad social:<\/span><\/p><p><span style=\"color: #ffffff;\"><strong>1.Accionar en caso de que el gobierno declare emergencia sanitaria:<\/strong><\/span><\/p><p><span style=\"color: #ffffff;\">La Ley Federal del Trabajo establece que dicha declaraci\u00f3n de las autoridades competentes ser\u00e1 considerada como causal de suspensi\u00f3n de las relaciones de trabajo, cuyo efecto legal es que no existir\u00e1 obligaci\u00f3n por de los empleados de prestar servicios, ni de los patrones de pagar el salario.<\/span><\/p><p><span style=\"color: #ffffff;\">Al tratarse de una emergencia sanitaria, la propia ley establece que el patr\u00f3n tendr\u00e1 la obligaci\u00f3n de pagar una indemnizaci\u00f3n del importe de un salario m\u00ednimo diario durante el tiempo que persista la emergencia y hasta por el t\u00e9rmino de 30 d\u00edas.<\/span><\/p><p><span style=\"color: #ffffff;\">En caso de que la emergencia se extiende m\u00e1s de 30 d\u00edas entonces no existir\u00e1 obligaci\u00f3n de pagar salario alguno ni los empleados de prestar sus servicios, sin perjuicio de que el patr\u00f3n determine pagar alguna cantidad discrecional.<\/span><\/p><p><span style=\"color: #ffffff;\">Una vez concluida la emergencia sanitaria se reanudar\u00e1n los trabajos en los mismos t\u00e9rminos y condiciones que exist\u00edan previo a la declaratoria indicada.<\/span><\/p><p><span style=\"color: #ffffff;\">En el supuesto que el gobierno federal a trav\u00e9s del consejo de salubridad general emita la declaratoria de emergencia sanitaria, independientemente que operara la suspensi\u00f3n de labores o no, las mujeres trabajadoras en estado de gestaci\u00f3n o per\u00edodo de lactancia, as\u00ed como los trabajadores menores de 18 a\u00f1os deber\u00e1n abstenerse de acudir al centro de trabajo sin afectaci\u00f3n de su salario, prestaciones y derechos laborales en general.<\/span><\/p><p><span style=\"color: #ffffff;\">Cualquier suspensi\u00f3n temporal del trabajo sin pago, establecida por el empleador como medida preventiva antes de la declaraci\u00f3n de contingencia de salud por parte de la autoridad competente, debe ser acordada por el empleado y el empleador (consentimiento mutuo) y debe estar debidamente documentada para evitar cualquier reclamo de reducci\u00f3n salarial o falta de prioridad atribuible al empleador.<\/span><\/p><p><span style=\"color: #ffffff;\">Los empleadores no pueden modificar unilateralmente las condiciones de trabajo o suspender temporalmente a los empleados si dichas medidas implican un detrimento del salario de los empleados. Por el contrario, los empleadores pueden suspender temporalmente el trabajo sin afectar los derechos de los empleados, es decir, la suspensi\u00f3n pagada.<\/span><\/p><p><span style=\"color: #ffffff;\">Sin embargo, el deber de los empleados de prestar servicios y el deber del empleador de pagar el salario se suspender\u00e1n temporalmente sin responsabilidad para las partes en caso de que el empleado haya adquirido una enfermedad contagiosa como COVID-19. Esto implica tener un diagn\u00f3stico oficial confirmado.<\/span><\/p><p><span style=\"color: #ffffff;\">En el caso de una suspensi\u00f3n general del trabajo debido a una contingencia de salud declarada por la autoridad, los empleados estar\u00e1n obligados a continuar con sus actividades tan pronto como termine dicha contingencia.<\/span><\/p><p><span style=\"color: #ffffff;\"><strong>2. Home office, una alternativa para no exponer a los trabajadores al coronavirus:<\/strong><\/span><\/p><p><span style=\"color: #ffffff;\">De acuerdo a la Ley Federal de Trabajo, los empleadores tendr\u00e1n la obligaci\u00f3n de cumplir con cualquier medida preventiva que determine el gobierno con motivo de una emergencia sanitaria, entre las que se podr\u00eda contemplar el cierre de los centros de trabajo. Es por ello que recomendamos contar con una pol\u00edtica de trabajo a distancia (\u201cHome Office\u201d).<\/span><\/p><p><span style=\"color: #ffffff;\">Las autoridades han reportado el aumento de casos de Coronavirus (Covid-19) en M\u00e9xico, el transporte p\u00fablico y las oficinas no son los mejores lugares para prevenir el contagio del coronavirus y, ante ello, el home office o teletrabajo representan una opci\u00f3n para no exponer a los trabajadores al Covid-19 y no parar las operaciones de la empresa.<\/span><\/p><p><span style=\"color: #ffffff;\">Uno de los principales motivos de contagio de enfermedades respiratoria es el contacto con personas que han estado expuestas de forma directa o indirecta con el virus, y los espacios de trabajo son centros de constante intercambio de enfermedades. Seg\u00fan la Organizaci\u00f3n Mundial de la Salud (OMS), las enfermedades respiratorias son responsables de entre 10 y 12% del ausentismo laboral.<\/span><\/p><p><span style=\"color: #ffffff;\"><strong>3.\u00a0 Seguridad e Higiene:<\/strong><\/span><\/p><p><span style=\"color: #ffffff;\">Toda organizaci\u00f3n debe de contar con una Comisi\u00f3n de Seguridad e Higiene, la cual deber\u00e1 investigar las causas de los accidentes y enfermedades en la empresa y proponer medidas de prevenci\u00f3n y control. En conjunto con el \u00e1rea de Recursos Humanos, deber\u00e1n coordinar y definir las comunicaciones oficiales a los trabajadores.<\/span><\/p><p><span style=\"color: #ffffff;\">Entre las recomendaciones en materia de salud e higiene, emitidas por la Secretar\u00eda de Salud, se encuentran:<\/span><\/p><p><span style=\"color: #ffffff;\">&#8211;\u00a0 Estornudar en el interior del codo o en un pa\u00f1uelo,<\/span><\/p><p><span style=\"color: #ffffff;\">&#8211;\u00a0 Abstenerse de dar la mano o saludar de beso en las mejillas o abrazo,<\/span><\/p><p><span style=\"color: #ffffff;\">&#8211;\u00a0 Lavarse las manos con frecuencia,<\/span><\/p><p><span style=\"color: #ffffff;\">&#8211;\u00a0 Evitar cambios bruscos de temperatura,<\/span><\/p><p><span style=\"color: #ffffff;\">&#8211;\u00a0 Abstenerse de consumir alimentos crudos,<\/span><\/p><p><span style=\"color: #ffffff;\">&#8211;\u00a0 Considerar tomar un suplemento vitam\u00ednico,<\/span><\/p><p><span style=\"color: #ffffff;\">&#8211;\u00a0 Ir al m\u00e9dico si una gripe, fiebre o dolor en las articulaciones empiezan a aparecer.<\/span><\/p><p><span style=\"color: #ffffff;\"><strong>4.Ex\u00e1menes m\u00e9dicos:<\/strong><\/span><\/p><p><span style=\"color: #ffffff;\">Todas las empresas pueden solicitar a sus empleados que se practiquen ex\u00e1menes m\u00e9dicos en cualquier momento durante la relaci\u00f3n laboral y tambi\u00e9n solicitarles informaci\u00f3n sobre si ha viajado recientemente a una zona de riesgo o estado en contacto con una persona infectada o sospechosa de estar infectada.<\/span><\/p><p><span style=\"color: #ffffff;\">As\u00ed tambi\u00e9n, todo empleado tiene la obligaci\u00f3n de someterse a los ex\u00e1menes m\u00e9dicos, la negativa por parte del empleado puede interpretarse como una causal de rescisi\u00f3n de la relaci\u00f3n de trabajo, si hay pruebas concretas de dicha negativa.<\/span><\/p><p><span style=\"color: #ffffff;\">Es importante considerar que el punto anterior es aplicable, si y solo si el empleador e haya entregado a cada uno de los empleados un aviso de privacidad que describa el tratamiento que se le dar\u00e1 a la informaci\u00f3n confidencial que se le proporcione al empleador, por ejemplo: ex\u00e1menes m\u00e9dicos. La entrega de este aviso de privacidad es una obligaci\u00f3n de las empresas.<\/span><\/p><p><span style=\"color: #ffffff;\">En adici\u00f3n a lo anterior, con base en la ley de protecci\u00f3n de datos personales, es obligaci\u00f3n de la empresa obtener el consentimiento expreso y por escrito del empleado o visitante externo, sobre el uso que se le dar\u00e1 a los datos relacionados con el estado de salud de la persona.<\/span><\/p><p><span style=\"color: #ffffff;\"><strong>5. Procedimiento en caso de sospecha ante alg\u00fan empleado enfermo:<\/strong><\/span><\/p><p><span style=\"color: #ffffff;\">Si la empresa sospecha que alg\u00fan empleado pudiera estar enfermo, se le tiene que dirigir a un hospital del Instituto Mexicano del Seguro Social (IMSS) para que se le realice la evaluaci\u00f3n de salud correspondiente. En caso el IMSS no emita un certificado de incapacidad por enfermedad, el empleado podr\u00e1 regresar a sus labores.<\/span><\/p><p><span style=\"color: #ffffff;\"><strong>6.Obligaciones de pago en caso de infecci\u00f3n:<\/strong><\/span><\/p><p><span style=\"color: #ffffff;\">Si alg\u00fan empleado es diagnosticado con COVID-19, el IMSS debe emitir un certificado de incapacidad por enfermedad general al empleado, el cual deber\u00e1 especificar claramente la duraci\u00f3n de la incapacidad (fecha de inicio y fin).<\/span><\/p><p><span style=\"color: #ffffff;\">El empleador deber\u00e1 pagar el salario en su totalidad los primeros tres d\u00edas de la incapacidad, a partir del cuarto d\u00eda, el IMSS pagar\u00e1 un subsidio diario equivalente al 60% del salario reportado al IMSS. El empleador, no tiene la obligaci\u00f3n legal de pagar el 40% del salario restante.<\/span><\/p><p><span style=\"color: #ffffff;\">Es importante mencionar que a\u00fan cuando el gobierno no ha implementado advertencias sanitarias o medidas preventivas especiales, lo empleadores pueden sugerir a los empleados que se abstengan de viajar, sin embargo, no se les puede obligar a abstenerse de viajar.<\/span><\/p><p><span style=\"color: #ffffff;\">Finalmente, ninguna persona en territorio Mexicano puede ser discriminada por ser diagnosticado con COVID-19. Si un empleado es discriminado, el empleador puede ser responsable de pagar una indemnizaci\u00f3n legal derivada de la rescisi\u00f3n de la relaci\u00f3n de trabajo por causas imputables al patr\u00f3n.<\/span><\/p><p><span style=\"color: #ffffff;\">Como medidas complementarias, sugerimos seguir las recomendaciones emitidas por la Organizaci\u00f3n Mundial de la Salud: https:\/\/www.who.int\/es\/emergencies\/diseases\/novel-coronavirus-2019\/advice-for-public.<\/span><\/p><p><span style=\"color: #ffffff;\">Los abogados del Departamento de Derecho Laboral y Seguridad Social quedamos disponibles ante cualquier consulta.<\/span><\/p><p><span style=\"color: #ffffff;\"><strong>Garc\u00eda Barrag\u00e1n Abogados<\/strong><\/span><\/p><\/article><\/article>\t\t\t\t\t\t\t\t<\/div>\n\t\t\t\t<\/div>\n\t\t\t\t\t<\/div>\n\t\t<\/div>\n\t\t\t\t<div class=\"elementor-column elementor-col-50 elementor-top-column elementor-element elementor-element-4b1b38c\" data-id=\"4b1b38c\" data-element_type=\"column\">\n\t\t\t<div class=\"elementor-widget-wrap elementor-element-populated\">\n\t\t\t\t\t\t<div class=\"elementor-element elementor-element-51f16d6 elementor-widget elementor-widget-spacer\" data-id=\"51f16d6\" data-element_type=\"widget\" data-widget_type=\"spacer.default\">\n\t\t\t\t<div class=\"elementor-widget-container\">\n\t\t\t\t\t\t\t<div class=\"elementor-spacer\">\n\t\t\t<div class=\"elementor-spacer-inner\"><\/div>\n\t\t<\/div>\n\t\t\t\t\t\t<\/div>\n\t\t\t\t<\/div>\n\t\t\t\t<div class=\"elementor-element elementor-element-05cf4ec elementor-widget elementor-widget-sidebar\" data-id=\"05cf4ec\" data-element_type=\"widget\" data-widget_type=\"sidebar.default\">\n\t\t\t\t<div class=\"elementor-widget-container\">\n\t\t\t\t\t<aside id=\"block-3\" class=\"widget inner-padding widget_block\">\n<div class=\"wp-block-group is-layout-constrained wp-block-group-is-layout-constrained\"><ul style=\"font-size:13px;\" class=\"wp-block-latest-posts__list has-dates has-author wp-block-latest-posts\"><li><div class=\"wp-block-latest-posts__featured-image alignright\"><a href=\"https:\/\/garbar.info\/en\/chambers-and-partners-2026-ha-reconocido-a-nuestro-socio-daniel-garcia-barragan-l\/\" aria-label=\"Chambers and Partners 2026 ha reconocido a nuestro socio Daniel Garc\u00eda Barrag\u00e1n L.\"><img loading=\"lazy\" decoding=\"async\" width=\"150\" height=\"150\" src=\"https:\/\/garbar.info\/wp-content\/uploads\/2026\/02\/garbar-dgbl-chambers-2026-all-150x150.jpg\" class=\"attachment-thumbnail size-thumbnail wp-post-image\" alt=\"\" style=\"max-width:113px;max-height:113px;\" srcset=\"https:\/\/garbar.info\/wp-content\/uploads\/2026\/02\/garbar-dgbl-chambers-2026-all-150x150.jpg 150w, https:\/\/garbar.info\/wp-content\/uploads\/2026\/02\/garbar-dgbl-chambers-2026-all-700x700.jpg 700w\" sizes=\"(max-width: 150px) 100vw, 150px\" \/><\/a><\/div><a class=\"wp-block-latest-posts__post-title\" href=\"https:\/\/garbar.info\/en\/chambers-and-partners-2026-ha-reconocido-a-nuestro-socio-daniel-garcia-barragan-l\/\">Chambers and Partners 2026 ha reconocido a nuestro socio Daniel Garc\u00eda Barrag\u00e1n L.<\/a><div class=\"wp-block-latest-posts__post-author\">by Garc\u00eda Barrag\u00e1n Abogados<\/div><time datetime=\"2026-02-18T12:45:12-06:00\" class=\"wp-block-latest-posts__post-date\">18 de February de 2026<\/time><div class=\"wp-block-latest-posts__post-excerpt\">Con gran orgullo y entusiasmo, compartimos que el d\u00eda de ayer nuestra consejera, la licenciada Luc\u00eda Mello Gonz\u00e1lez recibi\u00f3 por parte de la ANIERM, en el marco de\u00a0\u201cThe Logistics World Summit & Expo 2025\u201d, el evento de log\u00edstica m\u00e1s importante de Latinoam\u00e9rica, su certificado del Diplomado de Comercio Exterior y Operaciones Aduaneras, as\u00ed como su certificaci\u00f3n en el Est\u00e1ndar de Competencias Laborales EC0537, avalada por el CONOCER y la SEP; lo que refleja su compromiso y trayectoria en esta \u00e1rea del Derecho.<\/div><\/li>\n<li><div class=\"wp-block-latest-posts__featured-image alignright\"><a href=\"https:\/\/garbar.info\/en\/analisis-al-decreto-por-el-que-se-reforman-y-adicionan-disposiciones-a-la-ley-de-amparo\/\" aria-label=\"\u00a0An\u00e1lisis al Decreto por el que se reforman y adicionan disposiciones a la Ley de Amparo\"><img loading=\"lazy\" decoding=\"async\" width=\"150\" height=\"150\" src=\"https:\/\/garbar.info\/wp-content\/uploads\/2025\/11\/garbar.2025.analisis.ley_.amparo.news_-150x150.jpg\" class=\"attachment-thumbnail size-thumbnail wp-post-image\" alt=\"\" style=\"max-width:113px;max-height:113px;\" srcset=\"https:\/\/garbar.info\/wp-content\/uploads\/2025\/11\/garbar.2025.analisis.ley_.amparo.news_-150x150.jpg 150w, https:\/\/garbar.info\/wp-content\/uploads\/2025\/11\/garbar.2025.analisis.ley_.amparo.news_-700x700.jpg 700w\" sizes=\"(max-width: 150px) 100vw, 150px\" \/><\/a><\/div><a class=\"wp-block-latest-posts__post-title\" href=\"https:\/\/garbar.info\/en\/analisis-al-decreto-por-el-que-se-reforman-y-adicionan-disposiciones-a-la-ley-de-amparo\/\">\u00a0An\u00e1lisis al Decreto por el que se reforman y adicionan disposiciones a la Ley de Amparo<\/a><div class=\"wp-block-latest-posts__post-author\">by Garc\u00eda Barrag\u00e1n Abogados<\/div><time datetime=\"2025-11-05T11:47:30-06:00\" class=\"wp-block-latest-posts__post-date\">5 de November de 2025<\/time><div class=\"wp-block-latest-posts__post-excerpt\">Con gran orgullo y entusiasmo, compartimos que el d\u00eda de ayer nuestra consejera, la licenciada Luc\u00eda Mello Gonz\u00e1lez recibi\u00f3 por parte de la ANIERM, en el marco de\u00a0\u201cThe Logistics World Summit & Expo 2025\u201d, el evento de log\u00edstica m\u00e1s importante de Latinoam\u00e9rica, su certificado del Diplomado de Comercio Exterior y Operaciones Aduaneras, as\u00ed como su certificaci\u00f3n en el Est\u00e1ndar de Competencias Laborales EC0537, avalada por el CONOCER y la SEP; lo que refleja su compromiso y trayectoria en esta \u00e1rea del Derecho.<\/div><\/li>\n<li><div class=\"wp-block-latest-posts__featured-image alignright\"><a href=\"https:\/\/garbar.info\/en\/compartimos-el-reconocimiento-de-nuestro-socio-daniel-garcia-barragan-lopez-como-socio-de-proxima-generacion-en-el-ranking-de-legal-500-2026-para-mexico\/\" aria-label=\"Compartimos el reconocimiento de nuestro socio Daniel Garc\u00eda Barrag\u00e1n L\u00f3pez como Socio de Pr\u00f3xima Generaci\u00f3n, en el ranking de Legal 500 2026 para M\u00e9xico\"><img loading=\"lazy\" decoding=\"async\" width=\"150\" height=\"150\" src=\"https:\/\/garbar.info\/wp-content\/uploads\/2025\/10\/garbar.web_.dgbl_.2025-150x150.jpg\" class=\"attachment-thumbnail size-thumbnail wp-post-image\" alt=\"\" style=\"max-width:113px;max-height:113px;\" srcset=\"https:\/\/garbar.info\/wp-content\/uploads\/2025\/10\/garbar.web_.dgbl_.2025-150x150.jpg 150w, https:\/\/garbar.info\/wp-content\/uploads\/2025\/10\/garbar.web_.dgbl_.2025-700x700.jpg 700w\" sizes=\"(max-width: 150px) 100vw, 150px\" \/><\/a><\/div><a class=\"wp-block-latest-posts__post-title\" href=\"https:\/\/garbar.info\/en\/compartimos-el-reconocimiento-de-nuestro-socio-daniel-garcia-barragan-lopez-como-socio-de-proxima-generacion-en-el-ranking-de-legal-500-2026-para-mexico\/\">Compartimos el reconocimiento de nuestro socio Daniel Garc\u00eda Barrag\u00e1n L\u00f3pez como Socio de Pr\u00f3xima Generaci\u00f3n, en el ranking de Legal 500 2026 para M\u00e9xico<\/a><div class=\"wp-block-latest-posts__post-author\">by Garc\u00eda Barrag\u00e1n Abogados<\/div><time datetime=\"2025-10-27T13:06:22-06:00\" class=\"wp-block-latest-posts__post-date\">27 de October de 2025<\/time><div class=\"wp-block-latest-posts__post-excerpt\">Con gran orgullo y entusiasmo, compartimos que el d\u00eda de ayer nuestra consejera, la licenciada Luc\u00eda Mello Gonz\u00e1lez recibi\u00f3 por parte de la ANIERM, en el marco de\u00a0\u201cThe Logistics World Summit & Expo 2025\u201d, el evento de log\u00edstica m\u00e1s importante de Latinoam\u00e9rica, su certificado del Diplomado de Comercio Exterior y Operaciones Aduaneras, as\u00ed como su certificaci\u00f3n en el Est\u00e1ndar de Competencias Laborales EC0537, avalada por el CONOCER y la SEP; lo que refleja su compromiso y trayectoria en esta \u00e1rea del Derecho.<\/div><\/li>\n<li><div class=\"wp-block-latest-posts__featured-image alignright\"><a href=\"https:\/\/garbar.info\/en\/compartimos-el-reconocimiento-de-nuestro-socio-fundador-manuel-garcia-barragan-martinez-como-abogado-recomendado-en-el-ranking-de-the-legal-500-2026-para-mexico\/\" aria-label=\"Compartimos el reconocimiento de nuestro socio fundador Manuel Garc\u00eda Barrag\u00e1n Mart\u00ednez como Abogado Recomendado, en el ranking de The Legal 500 2026 para M\u00e9xico\"><img loading=\"lazy\" decoding=\"async\" width=\"150\" height=\"150\" src=\"https:\/\/garbar.info\/wp-content\/uploads\/2025\/10\/garbar.web_.mgbm_.2025-150x150.jpg\" class=\"attachment-thumbnail size-thumbnail wp-post-image\" alt=\"\" style=\"max-width:113px;max-height:113px;\" srcset=\"https:\/\/garbar.info\/wp-content\/uploads\/2025\/10\/garbar.web_.mgbm_.2025-150x150.jpg 150w, https:\/\/garbar.info\/wp-content\/uploads\/2025\/10\/garbar.web_.mgbm_.2025-700x700.jpg 700w\" sizes=\"auto, (max-width: 150px) 100vw, 150px\" \/><\/a><\/div><a class=\"wp-block-latest-posts__post-title\" href=\"https:\/\/garbar.info\/en\/compartimos-el-reconocimiento-de-nuestro-socio-fundador-manuel-garcia-barragan-martinez-como-abogado-recomendado-en-el-ranking-de-the-legal-500-2026-para-mexico\/\">Compartimos el reconocimiento de nuestro socio fundador Manuel Garc\u00eda Barrag\u00e1n Mart\u00ednez como Abogado Recomendado, en el ranking de The Legal 500 2026 para M\u00e9xico<\/a><div class=\"wp-block-latest-posts__post-author\">by Garc\u00eda Barrag\u00e1n Abogados<\/div><time datetime=\"2025-10-27T13:03:40-06:00\" class=\"wp-block-latest-posts__post-date\">27 de October de 2025<\/time><div class=\"wp-block-latest-posts__post-excerpt\">Con gran orgullo y entusiasmo, compartimos que el d\u00eda de ayer nuestra consejera, la licenciada Luc\u00eda Mello Gonz\u00e1lez recibi\u00f3 por parte de la ANIERM, en el marco de\u00a0\u201cThe Logistics World Summit & Expo 2025\u201d, el evento de log\u00edstica m\u00e1s importante de Latinoam\u00e9rica, su certificado del Diplomado de Comercio Exterior y Operaciones Aduaneras, as\u00ed como su certificaci\u00f3n en el Est\u00e1ndar de Competencias Laborales EC0537, avalada por el CONOCER y la SEP; lo que refleja su compromiso y trayectoria en esta \u00e1rea del Derecho.<\/div><\/li>\n<li><div class=\"wp-block-latest-posts__featured-image alignright\"><a href=\"https:\/\/garbar.info\/en\/garcia-barragan-abogados-s-c-ha-sido-reconocido-por-legal-500-como-firma-recomendada-y-destacada-en-el-area-de-practica-de-resolucion-de-disputas-arbitraje-en-el-ranking-de-2026-para-mexico\/\" aria-label=\"Garc\u00eda Barrag\u00e1n Abogados, S.C., ha sido reconocido por Legal 500 como Firma recomendada y destacada en el \u00e1rea de pr\u00e1ctica de Resoluci\u00f3n de Disputas: Arbitraje en el ranking de 2026 para M\u00e9xico\"><img loading=\"lazy\" decoding=\"async\" width=\"150\" height=\"150\" src=\"https:\/\/garbar.info\/wp-content\/uploads\/2025\/10\/garbar.web_.gba_.2025-150x150.jpg\" class=\"attachment-thumbnail size-thumbnail wp-post-image\" alt=\"\" style=\"max-width:113px;max-height:113px;\" srcset=\"https:\/\/garbar.info\/wp-content\/uploads\/2025\/10\/garbar.web_.gba_.2025-150x150.jpg 150w, https:\/\/garbar.info\/wp-content\/uploads\/2025\/10\/garbar.web_.gba_.2025-700x700.jpg 700w\" sizes=\"auto, (max-width: 150px) 100vw, 150px\" \/><\/a><\/div><a class=\"wp-block-latest-posts__post-title\" href=\"https:\/\/garbar.info\/en\/garcia-barragan-abogados-s-c-ha-sido-reconocido-por-legal-500-como-firma-recomendada-y-destacada-en-el-area-de-practica-de-resolucion-de-disputas-arbitraje-en-el-ranking-de-2026-para-mexico\/\">Garc\u00eda Barrag\u00e1n Abogados, S.C., ha sido reconocido por Legal 500 como Firma recomendada y destacada en el \u00e1rea de pr\u00e1ctica de Resoluci\u00f3n de Disputas: Arbitraje en el ranking de 2026 para M\u00e9xico<\/a><div class=\"wp-block-latest-posts__post-author\">by Garc\u00eda Barrag\u00e1n Abogados<\/div><time datetime=\"2025-10-27T12:51:54-06:00\" class=\"wp-block-latest-posts__post-date\">27 de October de 2025<\/time><div class=\"wp-block-latest-posts__post-excerpt\">Con gran orgullo y entusiasmo, compartimos que el d\u00eda de ayer nuestra consejera, la licenciada Luc\u00eda Mello Gonz\u00e1lez recibi\u00f3 por parte de la ANIERM, en el marco de\u00a0\u201cThe Logistics World Summit & Expo 2025\u201d, el evento de log\u00edstica m\u00e1s importante de Latinoam\u00e9rica, su certificado del Diplomado de Comercio Exterior y Operaciones Aduaneras, as\u00ed como su certificaci\u00f3n en el Est\u00e1ndar de Competencias Laborales EC0537, avalada por el CONOCER y la SEP; lo que refleja su compromiso y trayectoria en esta \u00e1rea del Derecho.<\/div><\/li>\n<li><div class=\"wp-block-latest-posts__featured-image alignright\"><a href=\"https:\/\/garbar.info\/en\/proyecto-de-reforma-a-la-ley-de-amparo\/\" aria-label=\"Amparo Law Reform Initiative\"><img loading=\"lazy\" decoding=\"async\" width=\"150\" height=\"150\" src=\"https:\/\/garbar.info\/wp-content\/uploads\/2025\/09\/garbar.2025.proyecto.de_.reforma.a.la_.ley_.de_.amparo.news_-150x150.jpg\" class=\"attachment-thumbnail size-thumbnail wp-post-image\" alt=\"\" style=\"max-width:113px;max-height:113px;\" srcset=\"https:\/\/garbar.info\/wp-content\/uploads\/2025\/09\/garbar.2025.proyecto.de_.reforma.a.la_.ley_.de_.amparo.news_-150x150.jpg 150w, https:\/\/garbar.info\/wp-content\/uploads\/2025\/09\/garbar.2025.proyecto.de_.reforma.a.la_.ley_.de_.amparo.news_-700x700.jpg 700w\" sizes=\"auto, (max-width: 150px) 100vw, 150px\" \/><\/a><\/div><a class=\"wp-block-latest-posts__post-title\" href=\"https:\/\/garbar.info\/en\/proyecto-de-reforma-a-la-ley-de-amparo\/\">Amparo Law Reform Initiative<\/a><div class=\"wp-block-latest-posts__post-author\">by Garc\u00eda Barrag\u00e1n Abogados<\/div><time datetime=\"2025-09-23T17:09:48-06:00\" class=\"wp-block-latest-posts__post-date\">23 de September de 2025<\/time><div class=\"wp-block-latest-posts__post-excerpt\">Con gran orgullo y entusiasmo, compartimos que el d\u00eda de ayer nuestra consejera, la licenciada Luc\u00eda Mello Gonz\u00e1lez recibi\u00f3 por parte de la ANIERM, en el marco de\u00a0\u201cThe Logistics World Summit & Expo 2025\u201d, el evento de log\u00edstica m\u00e1s importante de Latinoam\u00e9rica, su certificado del Diplomado de Comercio Exterior y Operaciones Aduaneras, as\u00ed como su certificaci\u00f3n en el Est\u00e1ndar de Competencias Laborales EC0537, avalada por el CONOCER y la SEP; lo que refleja su compromiso y trayectoria en esta \u00e1rea del Derecho.<\/div><\/li>\n<li><div class=\"wp-block-latest-posts__featured-image alignright\"><a href=\"https:\/\/garbar.info\/en\/adriana-lopez-gonzalez-latin-america-guide-en-arbitration-mexico-band-4\/\" aria-label=\"Adriana L\u00f3pez Gonz\u00e1lez Latin America Guide\u00a0en\u00a0Arbitration \u2013 Mexico, Band 4\"><img loading=\"lazy\" decoding=\"async\" width=\"150\" height=\"150\" src=\"https:\/\/garbar.info\/wp-content\/uploads\/2025\/08\/garbar-alg-chambers-intellectual-property-2026-150x150.png\" class=\"attachment-thumbnail size-thumbnail wp-post-image\" alt=\"\" style=\"max-width:113px;max-height:113px;\" srcset=\"https:\/\/garbar.info\/wp-content\/uploads\/2025\/08\/garbar-alg-chambers-intellectual-property-2026-150x150.png 150w, https:\/\/garbar.info\/wp-content\/uploads\/2025\/08\/garbar-alg-chambers-intellectual-property-2026-700x700.png 700w\" sizes=\"auto, (max-width: 150px) 100vw, 150px\" \/><\/a><\/div><a class=\"wp-block-latest-posts__post-title\" href=\"https:\/\/garbar.info\/en\/adriana-lopez-gonzalez-latin-america-guide-en-arbitration-mexico-band-4\/\">Adriana L\u00f3pez Gonz\u00e1lez Latin America Guide\u00a0en\u00a0Arbitration \u2013 Mexico, Band 4<\/a><div class=\"wp-block-latest-posts__post-author\">by Garc\u00eda Barrag\u00e1n Abogados<\/div><time datetime=\"2025-08-26T09:57:03-06:00\" class=\"wp-block-latest-posts__post-date\">26 de August de 2025<\/time><div class=\"wp-block-latest-posts__post-excerpt\">Con gran orgullo y entusiasmo, compartimos que el d\u00eda de ayer nuestra consejera, la licenciada Luc\u00eda Mello Gonz\u00e1lez recibi\u00f3 por parte de la ANIERM, en el marco de\u00a0\u201cThe Logistics World Summit & Expo 2025\u201d, el evento de log\u00edstica m\u00e1s importante de Latinoam\u00e9rica, su certificado del Diplomado de Comercio Exterior y Operaciones Aduaneras, as\u00ed como su certificaci\u00f3n en el Est\u00e1ndar de Competencias Laborales EC0537, avalada por el CONOCER y la SEP; lo que refleja su compromiso y trayectoria en esta \u00e1rea del Derecho.<\/div><\/li>\n<li><div class=\"wp-block-latest-posts__featured-image alignright\"><a href=\"https:\/\/garbar.info\/en\/daniel-garcia-barragan-lopez-corporate-ma-highly-regarded-mexico-band-4\/\" aria-label=\"Daniel Garc\u00eda Barrag\u00e1n L\u00f3pez Corporate \/ M&amp;A: Highly Regarded \u2013 Mexico, Band 4\"><img loading=\"lazy\" decoding=\"async\" width=\"150\" height=\"150\" src=\"https:\/\/garbar.info\/wp-content\/uploads\/2025\/08\/garbar-dgbl-chambers-corporate-ma-2026-150x150.png\" class=\"attachment-thumbnail size-thumbnail wp-post-image\" alt=\"\" style=\"max-width:113px;max-height:113px;\" srcset=\"https:\/\/garbar.info\/wp-content\/uploads\/2025\/08\/garbar-dgbl-chambers-corporate-ma-2026-150x150.png 150w, https:\/\/garbar.info\/wp-content\/uploads\/2025\/08\/garbar-dgbl-chambers-corporate-ma-2026-700x700.png 700w\" sizes=\"auto, (max-width: 150px) 100vw, 150px\" \/><\/a><\/div><a class=\"wp-block-latest-posts__post-title\" href=\"https:\/\/garbar.info\/en\/daniel-garcia-barragan-lopez-corporate-ma-highly-regarded-mexico-band-4\/\">Daniel Garc\u00eda Barrag\u00e1n L\u00f3pez Corporate \/ M&amp;A: Highly Regarded \u2013 Mexico, Band 4<\/a><div class=\"wp-block-latest-posts__post-author\">by Garc\u00eda Barrag\u00e1n Abogados<\/div><time datetime=\"2025-08-26T09:45:30-06:00\" class=\"wp-block-latest-posts__post-date\">26 de August de 2025<\/time><div class=\"wp-block-latest-posts__post-excerpt\">Con gran orgullo y entusiasmo, compartimos que el d\u00eda de ayer nuestra consejera, la licenciada Luc\u00eda Mello Gonz\u00e1lez recibi\u00f3 por parte de la ANIERM, en el marco de\u00a0\u201cThe Logistics World Summit & Expo 2025\u201d, el evento de log\u00edstica m\u00e1s importante de Latinoam\u00e9rica, su certificado del Diplomado de Comercio Exterior y Operaciones Aduaneras, as\u00ed como su certificaci\u00f3n en el Est\u00e1ndar de Competencias Laborales EC0537, avalada por el CONOCER y la SEP; lo que refleja su compromiso y trayectoria en esta \u00e1rea del Derecho.<\/div><\/li>\n<li><div class=\"wp-block-latest-posts__featured-image alignright\"><a href=\"https:\/\/garbar.info\/en\/daniel-garcia-barragan-lopez-dispute-resolution-civil-commercial-litigation-mexico-band-4\/\" aria-label=\"Daniel Garc\u00eda Barrag\u00e1n L\u00f3pez Dispute Resolution: Civil &amp; Commercial Litigation \u2013 Mexico, Band 4\"><img loading=\"lazy\" decoding=\"async\" width=\"150\" height=\"150\" src=\"https:\/\/garbar.info\/wp-content\/uploads\/2025\/08\/garbar-dgbl-chambers-civil-commercial-2026-150x150.png\" class=\"attachment-thumbnail size-thumbnail wp-post-image\" alt=\"\" style=\"max-width:113px;max-height:113px;\" srcset=\"https:\/\/garbar.info\/wp-content\/uploads\/2025\/08\/garbar-dgbl-chambers-civil-commercial-2026-150x150.png 150w, https:\/\/garbar.info\/wp-content\/uploads\/2025\/08\/garbar-dgbl-chambers-civil-commercial-2026-700x700.png 700w\" sizes=\"auto, (max-width: 150px) 100vw, 150px\" \/><\/a><\/div><a class=\"wp-block-latest-posts__post-title\" href=\"https:\/\/garbar.info\/en\/daniel-garcia-barragan-lopez-dispute-resolution-civil-commercial-litigation-mexico-band-4\/\">Daniel Garc\u00eda Barrag\u00e1n L\u00f3pez Dispute Resolution: Civil &amp; Commercial Litigation \u2013 Mexico, Band 4<\/a><div class=\"wp-block-latest-posts__post-author\">by Garc\u00eda Barrag\u00e1n Abogados<\/div><time datetime=\"2025-08-26T09:39:53-06:00\" class=\"wp-block-latest-posts__post-date\">26 de August de 2025<\/time><div class=\"wp-block-latest-posts__post-excerpt\">Con gran orgullo y entusiasmo, compartimos que el d\u00eda de ayer nuestra consejera, la licenciada Luc\u00eda Mello Gonz\u00e1lez recibi\u00f3 por parte de la ANIERM, en el marco de\u00a0\u201cThe Logistics World Summit & Expo 2025\u201d, el evento de log\u00edstica m\u00e1s importante de Latinoam\u00e9rica, su certificado del Diplomado de Comercio Exterior y Operaciones Aduaneras, as\u00ed como su certificaci\u00f3n en el Est\u00e1ndar de Competencias Laborales EC0537, avalada por el CONOCER y la SEP; lo que refleja su compromiso y trayectoria en esta \u00e1rea del Derecho.<\/div><\/li>\n<\/ul><\/div>\n<\/aside><aside id=\"block-8\" class=\"widget inner-padding widget_block\">\n<div style=\"height:49px\" aria-hidden=\"true\" class=\"wp-block-spacer\"><\/div>\n<\/aside><aside id=\"nav_menu-3\" class=\"widget inner-padding widget_nav_menu\"><div class=\"menu-garbar-menu-container\"><ul id=\"menu-garbar-menu\" class=\"menu\"><li id=\"menu-item-516\" class=\"menu-item menu-item-type-post_type menu-item-object-page menu-item-516\"><a href=\"https:\/\/garbar.info\/en\/acerca-de\/\">About<\/a><\/li>\n<li id=\"menu-item-501\" class=\"menu-item menu-item-type-post_type menu-item-object-page menu-item-501\"><a href=\"https:\/\/garbar.info\/en\/areas-de-practica\/\">Areas of Practice<\/a><\/li>\n<li id=\"menu-item-502\" class=\"menu-item menu-item-type-post_type menu-item-object-page menu-item-502\"><a href=\"https:\/\/garbar.info\/en\/equipo\/\">Team<\/a><\/li>\n<li id=\"menu-item-503\" class=\"menu-item menu-item-type-post_type menu-item-object-page menu-item-503\"><a href=\"https:\/\/garbar.info\/en\/noticias\/\">News<\/a><\/li>\n<li id=\"menu-item-559\" class=\"menu-item menu-item-type-post_type menu-item-object-page menu-item-559\"><a href=\"https:\/\/garbar.info\/en\/contacto\/\">Contact<\/a><\/li>\n<\/ul><\/div><\/aside>\t\t\t\t<\/div>\n\t\t\t\t<\/div>\n\t\t\t\t\t<\/div>\n\t\t<\/div>\n\t\t\t\t\t<\/div>\n\t\t<\/section>\n\t\t\t\t<\/div>","protected":false},"excerpt":{"rendered":"<p>Laboral y Seguridad Social Implicaciones laborales para las empresas en caso de contingencia sanitaria por Covid-19 Para garantizar condiciones de trabajo seguras y saludables, la presente alerta informativa contiene recomendaciones, as\u00ed como descripciones de normas obligatorias de seguridad y salud. El coronavirus (COVID-19) es una enfermedad respiratoria causada por el virus SARS-CoV-2. Se ha extendido &#8230; <a title=\"Implicaciones laborales para las empresas en caso de contingencia sanitaria por Covid-19\" class=\"read-more\" href=\"https:\/\/garbar.info\/en\/implicaciones-laborales-para-las-empresas-en-caso-de-contingencia-sanitaria-por-covid-19\/\" aria-label=\"Read more about Implicaciones laborales para las empresas en caso de contingencia sanitaria por Covid-19\">Read more<\/a><\/p>","protected":false},"author":1,"featured_media":816,"comment_status":"open","ping_status":"open","sticky":false,"template":"elementor_header_footer","format":"standard","meta":{"inline_featured_image":false,"footnotes":""},"categories":[62],"tags":[],"class_list":["post-815","post","type-post","status-publish","format-standard","has-post-thumbnail","hentry","category-laboral-y-seguridad-social"],"_links":{"self":[{"href":"https:\/\/garbar.info\/en\/wp-json\/wp\/v2\/posts\/815","targetHints":{"allow":["GET"]}}],"collection":[{"href":"https:\/\/garbar.info\/en\/wp-json\/wp\/v2\/posts"}],"about":[{"href":"https:\/\/garbar.info\/en\/wp-json\/wp\/v2\/types\/post"}],"author":[{"embeddable":true,"href":"https:\/\/garbar.info\/en\/wp-json\/wp\/v2\/users\/1"}],"replies":[{"embeddable":true,"href":"https:\/\/garbar.info\/en\/wp-json\/wp\/v2\/comments?post=815"}],"version-history":[{"count":4,"href":"https:\/\/garbar.info\/en\/wp-json\/wp\/v2\/posts\/815\/revisions"}],"predecessor-version":[{"id":820,"href":"https:\/\/garbar.info\/en\/wp-json\/wp\/v2\/posts\/815\/revisions\/820"}],"wp:featuredmedia":[{"embeddable":true,"href":"https:\/\/garbar.info\/en\/wp-json\/wp\/v2\/media\/816"}],"wp:attachment":[{"href":"https:\/\/garbar.info\/en\/wp-json\/wp\/v2\/media?parent=815"}],"wp:term":[{"taxonomy":"category","embeddable":true,"href":"https:\/\/garbar.info\/en\/wp-json\/wp\/v2\/categories?post=815"},{"taxonomy":"post_tag","embeddable":true,"href":"https:\/\/garbar.info\/en\/wp-json\/wp\/v2\/tags?post=815"}],"curies":[{"name":"wp","href":"https:\/\/api.w.org\/{rel}","templated":true}]}}