{"id":480,"date":"2018-11-20T12:03:00","date_gmt":"2018-11-20T18:03:00","guid":{"rendered":"https:\/\/garbar.info\/?p=480"},"modified":"2024-10-02T15:44:33","modified_gmt":"2024-10-02T21:44:33","slug":"regulacion-de-cannabis-en-mexico-medicamentos","status":"publish","type":"post","link":"https:\/\/garbar.info\/en\/regulacion-de-cannabis-en-mexico-medicamentos\/","title":{"rendered":"Regulaci\u00f3n de cannabis en M\u00e9xico. Medicamentos."},"content":{"rendered":"<div data-elementor-type=\"wp-post\" data-elementor-id=\"480\" class=\"elementor elementor-480\" data-elementor-post-type=\"post\">\n\t\t\t\t\t\t<section class=\"elementor-section elementor-top-section elementor-element elementor-element-8fd0310 elementor-section-boxed elementor-section-height-default elementor-section-height-default\" data-id=\"8fd0310\" data-element_type=\"section\" data-settings=\"{&quot;background_background&quot;:&quot;classic&quot;}\">\n\t\t\t\t\t\t<div class=\"elementor-container elementor-column-gap-default\">\n\t\t\t\t\t<div class=\"elementor-column elementor-col-50 elementor-top-column elementor-element elementor-element-0f328b8\" data-id=\"0f328b8\" data-element_type=\"column\">\n\t\t\t<div class=\"elementor-widget-wrap elementor-element-populated\">\n\t\t\t\t\t\t<div class=\"elementor-element elementor-element-d3842a5 elementor-widget elementor-widget-heading\" data-id=\"d3842a5\" data-element_type=\"widget\" data-widget_type=\"heading.default\">\n\t\t\t\t<div class=\"elementor-widget-container\">\n\t\t\t\t\t<h2 class=\"elementor-heading-title elementor-size-default\">Regulatory<\/h2>\t\t\t\t<\/div>\n\t\t\t\t<\/div>\n\t\t\t\t<div class=\"elementor-element elementor-element-97e86da elementor-widget elementor-widget-image\" data-id=\"97e86da\" data-element_type=\"widget\" data-widget_type=\"image.default\">\n\t\t\t\t<div class=\"elementor-widget-container\">\n\t\t\t\t\t\t\t\t\t\t\t\t\t\t\t<img loading=\"lazy\" decoding=\"async\" width=\"900\" height=\"506\" src=\"https:\/\/garbar.info\/wp-content\/uploads\/2018\/11\/Seguimiento-a-la-regulacion-de-cannabis-en-Mexico.-Alimentos-Suplementos-Alimenticios-Bebidas-no-Alcoholicas-y-Bebidas-Alcoholicas-1024x576.jpg\" class=\"attachment-large size-large wp-image-779\" alt=\"\" srcset=\"https:\/\/garbar.info\/wp-content\/uploads\/2018\/11\/Seguimiento-a-la-regulacion-de-cannabis-en-Mexico.-Alimentos-Suplementos-Alimenticios-Bebidas-no-Alcoholicas-y-Bebidas-Alcoholicas-1024x576.jpg 1024w, https:\/\/garbar.info\/wp-content\/uploads\/2018\/11\/Seguimiento-a-la-regulacion-de-cannabis-en-Mexico.-Alimentos-Suplementos-Alimenticios-Bebidas-no-Alcoholicas-y-Bebidas-Alcoholicas-300x169.jpg 300w, https:\/\/garbar.info\/wp-content\/uploads\/2018\/11\/Seguimiento-a-la-regulacion-de-cannabis-en-Mexico.-Alimentos-Suplementos-Alimenticios-Bebidas-no-Alcoholicas-y-Bebidas-Alcoholicas-768x432.jpg 768w, https:\/\/garbar.info\/wp-content\/uploads\/2018\/11\/Seguimiento-a-la-regulacion-de-cannabis-en-Mexico.-Alimentos-Suplementos-Alimenticios-Bebidas-no-Alcoholicas-y-Bebidas-Alcoholicas-18x10.jpg 18w, https:\/\/garbar.info\/wp-content\/uploads\/2018\/11\/Seguimiento-a-la-regulacion-de-cannabis-en-Mexico.-Alimentos-Suplementos-Alimenticios-Bebidas-no-Alcoholicas-y-Bebidas-Alcoholicas.jpg 1200w\" sizes=\"(max-width: 900px) 100vw, 900px\" \/>\t\t\t\t\t\t\t\t\t\t\t\t\t\t\t<\/div>\n\t\t\t\t<\/div>\n\t\t\t\t<div class=\"elementor-element elementor-element-b85d41d elementor-widget elementor-widget-heading\" data-id=\"b85d41d\" data-element_type=\"widget\" data-widget_type=\"heading.default\">\n\t\t\t\t<div class=\"elementor-widget-container\">\n\t\t\t\t\t<h1 class=\"elementor-heading-title elementor-size-default\">Regulaci\u00f3n de cannabis en M\u00e9xico. Medicamentos.\n<\/h1>\t\t\t\t<\/div>\n\t\t\t\t<\/div>\n\t\t\t\t<div class=\"elementor-element elementor-element-ee35502 elementor-widget elementor-widget-text-editor\" data-id=\"ee35502\" data-element_type=\"widget\" data-widget_type=\"text-editor.default\">\n\t\t\t\t<div class=\"elementor-widget-container\">\n\t\t\t\t\t\t\t\t\t<article class=\"post-content\"><p><span style=\"color: #ffffff;\"><strong>SUMARIO: I. Antecedentes. II. Jurisprudencia. III. Lineamientos en Materia de Control Sanitario de la Cannabis y Derivados de la Misma. IV. Proyecto de Decreto por el que se expide la Ley General para Regulaci\u00f3n y Control de Cannabis. V. Comentarios finales.<\/strong><\/span><\/p><p>\u00a0<\/p><p><span style=\"color: #ffffff;\">I. ANTECEDENTES<\/span><\/p><p><span style=\"color: #ffffff;\">El Decreto de Reforma a la Ley General de Salud (Ley), publicado el 19 de junio de 2017, mediante el cual se autoriz\u00f3 el uso terap\u00e9utico del Tetrahidrocannabinol (THC), estableci\u00f3, en el art\u00edculo cuarto transitorio, que la autoridad tiene 180 d\u00edas para armonizar los reglamentos y la normatividad en esta materia.<\/span><\/p><p><span style=\"color: #ffffff;\">Esta modificaci\u00f3n a la Ley se dio en un contexto donde la Suprema Corte de Justicia de la Naci\u00f3n, m\u00e1ximo tribunal en M\u00e9xico, hab\u00eda resuelto en el 2015, el amparo en revisi\u00f3n 237\/2014, donde asent\u00f3 por vez primera el criterio sobre la inconstitucionalidad de la prohibici\u00f3n del consumo recreativo de la marihuana, ya que dicha prohibici\u00f3n vulnera el derecho humano al libre desarrollo de la personalidad.<\/span><\/p><p><span style=\"color: #ffffff;\">El reglamento a la Ley en materia de cannabis debi\u00f3 de haber sido publicado el 20 de diciembre del 2017, sin embargo, \u00e9ste estuvo detenido varios meses en la Comisi\u00f3n Nacional de Mejora Regulatoria (CONAMER), mas nunca se public\u00f3. El 31 de octubre del a\u00f1o en curso, la Comisi\u00f3n Federal para la Protecci\u00f3n Contra Riesgos Sanitarios (COFEPRIS), de manera expr\u00e9s, public\u00f3 los Lineamientos en Materia de Control Sanitario de la Cannabis y Derivados de la Misma, en vez del reglamento. En este sentido, cabe destacar que COFEPRIS no est\u00e1 facultada para emitir un reglamento, puesto que esta atribuci\u00f3n le corresponde al Poder Ejecutivo, a trav\u00e9s de la Secretar\u00eda de Salud, por tratarse de la materia en cuesti\u00f3n.<\/span><\/p><p>\u00a0<\/p><p><span style=\"color: #ffffff;\">II. JURISPRUDENCIA<\/span><\/p><p><span style=\"color: #ffffff;\">El 31 de octubre del a\u00f1o en curso la Primera Sala de la Suprema Corte de Justicia de la Naci\u00f3n reiter\u00f3 la inconstitucionalidad de la prohibici\u00f3n absoluta del consumo recreativo de marihuana, al haber aprobado los amparos en revisi\u00f3n 547\/2018 y 548\/2018. Tras la resoluci\u00f3n de dichos amparos se integr\u00f3 jurisprudencia, puesto que estos constituyeron la cuarta y quinta vez, respectivamente, y sin interrupci\u00f3n de criterios contrarios, en que las salas de la SCJN sustentaron un mismo criterio, por una mayor\u00eda de cuando menos cuatro votos. El criterio sustentado, como se mencion\u00f3 anteriormente, fue el de la inconstitucionalidad de la prohibici\u00f3n absoluta del consumo recreativo de marihuana. Lo relevante de la situaci\u00f3n, es que esta jurisprudencia es obligatoria para los juzgados y tribunales, es decir, estos deben acatar el criterio que yace en la jurisprudencia, por lo que de manera uniforme se reconoce la existencia del derecho.<\/span><\/p><p><span style=\"color: #ffffff;\">A la par, se inician los tr\u00e1mites para la declaratoria general de inconstitucionalidad. Esto quiere decir que se notifica al Congreso, una vez que se hayan emitido los engroses y se haya publicado en el Semanario Judicial de la Federaci\u00f3n la jurisprudencia. Una vez que se notifica al Congreso, se le da 90 d\u00edas para cambiar las leyes. En la pr\u00e1ctica, si no se cambian las leyes, la consecuencia es nula para el Congreso, puesto que no hay una obligaci\u00f3n real de cambiar las leyes; \u00fanicamente es el poder judicial, la SCJN, quien le notifica al Congreso el cambio por ser inconstitucionales. Si el Congreso no cambia las leyes, contin\u00faa el proceso de la declaratoria general de inconstitucionalidad, y si hay 8 votos en la SCJN, que nos los hay en este momento, entonces la SCJN, por s\u00ed misma, elimina de la Ley estos art\u00edculos. Nunca se ha llevado a cabo este acto, pero en este caso que nos compete, no tendr\u00eda mucho impacto porque la Ley fue reformada en 2017, o sea, se estar\u00eda declarando la inconstitucionalidad de art\u00edculos que ya fueron modificados.<\/span><\/p><p>\u00a0<\/p><p><span style=\"color: #ffffff;\">III. LINEAMIENTOS EN MATERIA DE CONTROL SANITARIO DE LA CANNABIS Y DERIVADOS DE LA MISMA (LINEAMIENTO)<\/span><\/p><p><span style=\"color: #ffffff;\">Los lineamientos establecen los criterios sobre cannabis y sus derivados farmacol\u00f3gicos respecto de los siguientes aspectos: la investigaci\u00f3n para fines m\u00e9dicos y cient\u00edficos; uso m\u00e9dico; comercializaci\u00f3n, importaci\u00f3n y exportaci\u00f3n para uso industrial; publicidad y promoci\u00f3n, y verificaci\u00f3n, medidas de seguridad y sanciones.<\/span><\/p><p>\u00a0<\/p><p><span style=\"color: #ffffff;\"><strong>1. DEFINICIONES<\/strong><\/span><\/p><p><span style=\"color: #ffffff;\">Los Lineamientos asientan tres definiciones que son importantes de mencionar: \u00a0cannabis, derivado farmacol\u00f3gico y uso industrial.<\/span><\/p><p><span style=\"color: #ffffff;\"><strong>A. Cannabis:<\/strong>\u00a0A la Cannabis sativa, \u00edndica y americana o marihuana, su resina, preparados o semillas.<\/span><\/p><p>\u00a0<\/p><p><span style=\"color: #ffffff;\"><strong>B. Derivado Farmacol\u00f3gico de la Cannabis:<\/strong>\u00a0A todo cannabinoide o la mezcla o composici\u00f3n de estos, que tengan alguna actividad farmacol\u00f3gica, que se identifique por sus propiedades f\u00edsicas, qu\u00edmicas o acciones biol\u00f3gicas, que no se presente en forma farmac\u00e9utica y que re\u00fana condiciones para ser empleado como Medicamento o principio activo de un Medicamento.<\/span><\/p><p>\u00a0<\/p><p><span style=\"color: #ffffff;\"><strong>C. Uso Industrial:<\/strong>\u00a0Al uso correspondiente a la obtenci\u00f3n, elaboraci\u00f3n, fabricaci\u00f3n, preparaci\u00f3n, conservaci\u00f3n, mezclado, acondicionamiento, envasado, manipulaci\u00f3n, transporte, distribuci\u00f3n, almacenamiento y expendio o suministro al p\u00fablico de productos distintos a Medicamentos, que contengan derivados de la Cannabis en concentraciones del 1% o menores de THC.<\/span><\/p><p>\u00a0<\/p><p><span style=\"color: #ffffff;\"><strong>2. MEDICAMENTOS<\/strong><\/span><\/p><p><span style=\"color: #ffffff;\">En los Lineamientos se dedica uno de los apartados al uso m\u00e9dico de cannabis y sus derivados farmacol\u00f3gicos. \u00c9ste contempla el proceso de Medicamentos que contengan derivados farmacol\u00f3gicos de cannabis, as\u00ed como la importaci\u00f3n de estos o de materia prima que intervenga en su elaboraci\u00f3n. Los puntos m\u00e1s importantes de los Lineamientos respecto de los Medicamentos se mencionan a continuaci\u00f3n.<\/span><\/p><p><span style=\"color: #ffffff;\"><strong>A.\u00a0\u00a0\u00a0 Fines M\u00e9dicos<\/strong><\/span><\/p><p><span style=\"color: #ffffff;\">Todo acto relacionado con cualquier derivado farmacol\u00f3gico de cannabis, como lo son la elaboraci\u00f3n, preparaci\u00f3n, acondicionamiento, adquisici\u00f3n, posesi\u00f3n, comercio, transporte en cualquier forma, prescripci\u00f3n m\u00e9dica, suministro, empleo, uso y consumo, se realizan con fines m\u00e9dicos cuando dichas actividades formen parte o se deriven del proceso de autorizaci\u00f3n sanitaria de Medicamentos.<\/span><\/p><p><span style=\"color: #ffffff;\"><strong>B.\u00a0\u00a0\u00a0 Licencia Sanitaria para Estupefacientes o Psicotr\u00f3picos<\/strong><\/span><\/p><p><span style=\"color: #ffffff;\">Los establecimientos que importen Medicamentos que contengan Derivados Farmacol\u00f3gicos de la Cannabis o materia prima que intervenga en su elaboraci\u00f3n deber\u00e1n contar con licencia sanitaria para estupefacientes o psicotr\u00f3picos.<\/span><\/p><p><span style=\"color: #ffffff;\"><strong>C.\u00a0\u00a0\u00a0 Opini\u00f3n favorable del Comit\u00e9 de Mol\u00e9culas Nuevas<\/strong><\/span><\/p><p><span style=\"color: #ffffff;\">Para obtener la autorizaci\u00f3n para realizar las actividades de siembra, cultivo y cosecha con fines m\u00e9dicos o que dichas actividades deriven del proceso de autorizaci\u00f3n sanitaria de medicamentos, se deber\u00e1 contar con la opini\u00f3n favorable del Comit\u00e9 de Mol\u00e9culas Nuevas o con el Registro Sanitario vigente de medicamentos que contengan derivados farmacol\u00f3gicos de la Cannabis y se deber\u00e1 presentar solicitud a la Secretar\u00eda de Salud, por conducto de COFEPRIS, acompa\u00f1ada de una serie de requisitos, entre los que destacan la Licencia Sanitaria para la fabricaci\u00f3n de estupefacientes o psicotr\u00f3picos y el Certificado de Buenas Pr\u00e1cticas de Fabricaci\u00f3n.<\/span><\/p><p><span style=\"color: #ffffff;\"><strong>D.\u00a0\u00a0\u00a0 Registro Sanitario<\/strong><\/span><\/p><p><span style=\"color: #ffffff;\">Los Medicamentos que contengan Derivados Farmacol\u00f3gicos de la Cannabis o materia prima deber\u00e1n contar con el registro sanitario correspondiente para su importaci\u00f3n. En caso de que el importador no sea el titular del registro sanitario, deber\u00e1 contar con el consentimiento del titular de dicho registro.<\/span><\/p><p><span style=\"color: #ffffff;\"><strong>E.\u00a0\u00a0\u00a0 Caducidad de los Medicamentos<\/strong><\/span><\/p><p><span style=\"color: #ffffff;\">S\u00f3lo se podr\u00e1n importar Medicamentos que contengan Derivados Farmacol\u00f3gicos de la Cannabis cuya fecha de caducidad sea mayor a doce meses, contados a partir de su entrada al pa\u00eds, salvo que tengan una estabilidad reducida, dada su naturaleza, y as\u00ed lo autorice COFEPRIS.<\/span><\/p><p><span style=\"color: #ffffff;\"><strong>F.\u00a0\u00a0\u00a0\u00a0 Permiso Sanitario para Paciente<\/strong><\/span><\/p><p><span style=\"color: #ffffff;\">La COFEPRIS podr\u00e1 otorgar al paciente el permiso sanitario para la importaci\u00f3n de medicamentos que no cuenten con registro sanitario ante la COFEPRIS y que contengan derivados farmacol\u00f3gicos de la Cannabis, previa solicitud de permiso y cumplimiento de determinados requisitos establecidos en los Lineamientos.<\/span><\/p><p><span style=\"color: #ffffff;\"><strong>G.\u00a0\u00a0\u00a0 Permiso para Importaci\u00f3n de Semillas y Plantas de Cannabis<\/strong><\/span><\/p><p><span style=\"color: #ffffff;\">El fin de estas actividades debe ser m\u00e9dico y, a su vez, \u00e9stas deben formar parte o derivarse del proceso de autorizaci\u00f3n sanitaria de Medicamentos, una vez obtenida la autorizaci\u00f3n para realizar actividades de siembra, cultivo y cosecha.<\/span><\/p><p><span style=\"color: #ffffff;\"><strong>H.\u00a0\u00a0\u00a0 Aduana<\/strong><\/span><\/p><p><span style=\"color: #ffffff;\">Para recibir en la aduana Medicamentos que contengan derivados farmacol\u00f3gicos de la cannabis o materia prima que intervenga en su elaboraci\u00f3n, se debe cumplir con ciertas condiciones.<\/span><\/p><p><span style=\"color: #ffffff;\"><strong>I.\u00a0\u00a0\u00a0\u00a0\u00a0\u00a0 Verificador Sanitario<\/strong><\/span><\/p><p><span style=\"color: #ffffff;\">El importador deber\u00e1 solicitar la presencia de un verificador sanitario en aduana, quien ser\u00e1 el encargado de retirar las fajillas, mediante el formato que emita la Secretar\u00eda de Salud, a trav\u00e9s de un Acuerdo, el cual ser\u00e1 publicado en el Diario Oficial de la Federaci\u00f3n. En este momento, el verificador sanitario deber\u00e1 constatar el n\u00famero de lote, la fecha de caducidad, la cantidad y el nombre de la materia prima o Medicamento que se libere, con base en los resultados del certificado de an\u00e1lisis del fabricante. Asimismo, deber\u00e1 asentar en el acta y en el libro de control de estupefacientes y psicotr\u00f3picos el n\u00famero y la fecha del permiso de importaci\u00f3n. Dichos actos deber\u00e1n realizarse en presencia del propietario o del responsable sanitario del establecimiento donde est\u00e9 consignado el producto.\u00a0<\/span><\/p><p><span style=\"color: #ffffff;\"><strong>J.\u00a0\u00a0\u00a0\u00a0 Certificado Anal\u00edtico<\/strong><\/span><\/p><p><span style=\"color: #ffffff;\">Si se presenta un certificado anal\u00edtico emitido por entidad radicada en el extranjero reconocida por la COFEPRIS, se autorizar\u00e1 el uso o comercializaci\u00f3n de los productos que contengan derivados farmacol\u00f3gicos de la cannabis o materia prima.<\/span><\/p><p><span style=\"color: #ffffff;\"><strong>K.\u00a0\u00a0\u00a0 Toma de Muestras y Resultados Anal\u00edticos<\/strong><\/span><\/p><p><span style=\"color: #ffffff;\">En el supuesto de que no se cuente con el certificado anal\u00edtico mencionado arriba, se proceder\u00e1 a la toma de muestras y obtenci\u00f3n de los resultados anal\u00edticos. En este caso, para autorizar el uso o comercializaci\u00f3n, se deber\u00e1 presentar el certificado anal\u00edtico emitido por la COFEPRIS.<\/span><\/p><p><span style=\"color: #ffffff;\"><strong>L. \u00c1rea de Toma de Muestras<\/strong><\/span><\/p><p><span style=\"color: #ffffff;\">COFEPRIS podr\u00e1 establecer dentro de sus instalaciones colindantes a las aduanas por donde ingresen los Medicamentos que contengan derivados farmacol\u00f3gicos de la cannabis o materia prima que intervenga en su elaboraci\u00f3n, \u00e1reas donde se realicen la toma de muestras y verificaci\u00f3n de los datos.<\/span><\/p><p><span style=\"color: #ffffff;\"><strong>L.\u00a0\u00a0\u00a0\u00a0 Aval\u00fao de Certificados Anal\u00edticos de Medicamentos<\/strong><\/span><\/p><p><span style=\"color: #ffffff;\">La COFEPRIS requerir\u00e1 que los certificados anal\u00edticos de Medicamentos que contengan derivados farmacol\u00f3gicos de la cannabis o materia prima que intervenga en su elaboraci\u00f3n, que se importen al pa\u00eds, est\u00e9n avaluados por el responsable sanitario del establecimiento que los importa.<\/span><\/p><p><span style=\"color: #ffffff;\"><strong>M.\u00a0\u00a0\u00a0 Destino de los Medicamentos<\/strong><\/span><\/p><p><span style=\"color: #ffffff;\">El importador, dentro de los tres d\u00edas h\u00e1biles siguientes al requerimiento de la COFEPRIS, deber\u00e1 informar el destino que se d\u00e9 a los Medicamentos que contengan derivados farmacol\u00f3gicos de la cannabis o materia prima que intervenga en su elaboraci\u00f3n, introducidos al pa\u00eds.<\/span><\/p><p><span style=\"color: #ffffff;\"><strong>N.\u00a0\u00a0\u00a0 Medicamentos Introducidos Ilegalmente<\/strong><\/span><\/p><p><span style=\"color: #ffffff;\">Los Medicamentos que contengan derivados farmacol\u00f3gicos de la cannabis o materia prima que intervenga en su elaboraci\u00f3n, introducidos sin el permiso sanitario previo de importaci\u00f3n, se considerar\u00e1n ilegalmente internados. La COFEPRIS aplicar\u00e1 las medidas de seguridad y sanciones correspondientes, y lo pondr\u00e1 en conocimiento del Ministerio P\u00fablico Federal.<\/span><\/p><p><span style=\"color: #ffffff;\"><strong>O.\u00a0\u00a0\u00a0 Conservaci\u00f3n de Permisos Sanitarios<\/strong><\/span><\/p><p><span style=\"color: #ffffff;\">Los importadores deber\u00e1n conservar los permisos sanitarios previos de importaci\u00f3n de los Medicamentos que contengan derivados farmacol\u00f3gicos de la cannabis o materia prima que intervenga en su elaboraci\u00f3n.<\/span><\/p><p><span style=\"color: #ffffff;\"><strong>IV. Proyecto de Decreto por el que se expide la Ley General para Regulaci\u00f3n y Control de Cannabis.<\/strong><\/span><\/p><p><span style=\"color: #ffffff;\">El Proyecto fue presentado por la senadora Olga S\u00e1nchez Cordero de la bancada de MORENA el d\u00eda 6 de noviembre del a\u00f1o en curso. El Proyecto consta de ocho t\u00edtulos: Disposiciones Generales; Producci\u00f3n para Uso personal; Uso Cient\u00edfico y de Investigaci\u00f3n; Uso Comercial; Instituto Mexicano de Regulaci\u00f3n y control de la Cannabis; Licencias y permisos; Reducci\u00f3n de riesgos, y Sanciones.<\/span><\/p><p><span style=\"color: #ffffff;\">La novedad del Proyecto estriba en los siguientes puntos:<\/span><\/p><p><span style=\"color: #ffffff;\"><strong>A.\u00a0\u00a0\u00a0 Autoconsumo de cannabis.<\/strong><\/span><\/p><p><span style=\"color: #ffffff;\">Se propone la autorizaci\u00f3n del autoconsumo de cannabis, a trav\u00e9s de la regulaci\u00f3n de la producci\u00f3n de \u00e9sta con el fin de hacer un uso personal.<\/span><\/p><p><span style=\"color: #ffffff;\"><strong>B.\u00a0\u00a0\u00a0 Cooperativas de producci\u00f3n.<\/strong><\/span><\/p><p><span style=\"color: #ffffff;\">Se propone permitir la constituci\u00f3n de sociedades cooperativas de producci\u00f3n de cannabis, a quienes se les autorizar\u00eda realizar las actividades de siembra, cultivo, cosecha, aprovechamiento, preparaci\u00f3n y transformaci\u00f3n de plantas de cannabis. Se establecen los requisitos que dichas cooperativas deben de cumplir, as\u00ed como las limitaciones a las que estar\u00edan sujetas, tanto ellas como sus socios.<\/span><\/p><p><span style=\"color: #ffffff;\"><strong>C.\u00a0\u00a0\u00a0 Uso comercial<\/strong><\/span><\/p><p><span style=\"color: #ffffff;\">El uso comercial implica la siembra, cultivo, cosecha, producci\u00f3n, procesamiento y venta de cannabis con fines comerciales, es decir, de lucro. Se proponen distintos tipos de uso comercial de cannabis, de acuerdo con la finalidad para la que se la adquiera, entre los que se encuentran el farmac\u00e9utico, terap\u00e9utico o paliativo, herbolario, adulto e industrial.<\/span><\/p><p><span style=\"color: #ffffff;\"><strong>D.\u00a0\u00a0\u00a0 Uso farmac\u00e9utico<\/strong><\/span><\/p><p><span style=\"color: #ffffff;\"><strong>a.\u00a0\u00a0\u00a0\u00a0 Licencia de autorizaci\u00f3n.<\/strong>\u00a0Las actividades de siembra, cultivo, cosecha, preparaci\u00f3n, producci\u00f3n, procesamiento, transporte, distribuci\u00f3n y venta de cannabis con fines farmac\u00e9uticos quedan permitidas, siempre y cuando se cuente con una licencia de autorizaci\u00f3n.<\/span><\/p><p><span style=\"color: #ffffff;\"><strong>b.\u00a0\u00a0\u00a0 Transporte.<\/strong>\u00a0El Instituto determinar\u00e1 las disposiciones a las que quedar\u00e1 sujeto el transporte de f\u00e1rmacos.<\/span><\/p><p><span style=\"color: #ffffff;\"><strong>c.\u00a0\u00a0\u00a0\u00a0 Venta.<\/strong>\u00a0La venta de cannabis y sus derivados se realizar\u00e1 \u00fanicamente con receta m\u00e9dica. Si se trata de cannabinoides sint\u00e9ticos, estos requerir\u00e1n de receta m\u00e9dica controlada.<\/span><\/p><p><span style=\"color: #ffffff;\"><strong>d.\u00a0\u00a0\u00a0 Farmacias.<\/strong>\u00a0La venta de derivados de cannabis se delimitar\u00e1 \u00fanicamente a farmacias. Estos establecimientos estar\u00e1n obligados a ofrecer servicios de informaci\u00f3n y asesoramiento profesionalizado.<\/span><\/p><p><span style=\"color: #ffffff;\"><strong>e.\u00a0\u00a0\u00a0\u00a0 Publicidad.<\/strong>\u00a0Los medicamentos derivados del cannabis s\u00f3lo podr\u00e1n anunciarse o promocionarse en publicaciones de car\u00e1cter cient\u00edfico o t\u00e9cnico, dirigidos al cuerpo m\u00e9dico o veterinario.<\/span><\/p><p>\u00a0<\/p><p><span style=\"color: #ffffff;\"><strong>E.\u00a0\u00a0\u00a0 Instituto Mexicano de Regulaci\u00f3n y Control de la Cannabis (IMRCC)<\/strong><\/span><\/p><p><span style=\"color: #ffffff;\">Se propone la creaci\u00f3n de dicha entidad, a la cual se le otorgar\u00eda el car\u00e1cter de organismo p\u00fablico desconcentrado de la Secretar\u00eda de Salud. Este organismo tendr\u00eda un papel de regulador y director de las pol\u00edticas p\u00fablicas en materia de cannabis, as\u00ed como de fiscal. Entre sus posibles facultades destacan: establecer los lineamientos respecto de las licencias; implementar el Registro An\u00f3nimo de Autoproductores para Uso Personal de Cannabis; establecer los lineamientos para la creaci\u00f3n del padr\u00f3n de cooperativas de cannabis, entre otros.<\/span><\/p><p>\u00a0<\/p><p><span style=\"color: #ffffff;\"><strong>V. COMENTARIOS FINALES<\/strong><\/span><\/p><p><span style=\"color: #ffffff;\">Los aspectos que se regularon en los Lineamientos fueron, entre otros: el uso de cannabis puede ser para medicamentos, investigaci\u00f3n, cosm\u00e9ticos, alimentos, bebidas, suplementos alimenticios y remedios herbolarios, siempre y cuando las variedades de cannabis y los derivados que se usen contengan menos del 1% de THC. Los Lineamientos incluso brindan oportunidad de producir y vender cosm\u00e9ticos que contengan cannabis e incluso suplementos alimenticios de c\u00e1\u00f1amo o hemp, siempre y cuando no rebasen la concentraci\u00f3n m\u00e1xima establecida que es 1% de THC. Por otro lado, para sembrar y cultivar cannabis se requiere estar dentro de un padr\u00f3n de investigadores, es decir, no cualquier persona puede realizar estas actividades. Por \u00faltimo, los Lineamientos no regulan el uso l\u00fadico o recreativo de cannabis.<\/span><\/p><p><span style=\"color: #ffffff;\">El Proyecto presentado por la senadora S\u00e1nchez Cordero es de trascendencia por el contexto pol\u00edtico en el que est\u00e1 inmerso. La senadora pedir\u00e1 licencia en estos d\u00edas para incorporarse al nuevo gobierno como Secretaria de Gobernaci\u00f3n. El hecho de haber presentado la iniciativa demuestra que la regulaci\u00f3n de cannabis, principalmente, el consumo para uso personal, y con fines l\u00fadicos o recreativos, es una pol\u00edtica que abandera el nuevo gobierno. Asimismo, es importante recordar que Morena tiene fuerza mayoritaria en el Congreso, por lo que la aprobaci\u00f3n de la iniciativa no deber\u00eda tener ning\u00fan problema, sin embargo, no es posible asegurar nada.<\/span><\/p><p><span style=\"color: #ffffff;\">El Proyecto de Morena cuenta con los tres elementos indispensables para ser una ley s\u00f3lida que regule cualquier droga, en este caso, cannabis. Los elementos son los siguientes:<\/span><\/p><p><span style=\"color: #ffffff;\">1. Despenalizar. Esto implica no sancionar; no usar el aparato militar o policiaco para violentar a los usuarios de cannabis;<\/span><\/p><p><span style=\"color: #ffffff;\">2. Regular el acceso, y.<\/span><\/p><p><span style=\"color: #ffffff;\">3. Pol\u00edtica de reducci\u00f3n de da\u00f1os. Para ello es necesario un consenso sobre los riesgos en la salud que implica el consumo de cannabis. Estos deben ser riesgos y da\u00f1os manejables desde el sistema de salud.<\/span><\/p><p><span style=\"color: #ffffff;\">No obstante, el Proyecto contiene otros elementos que son cuestionables, por ejemplo, el padr\u00f3n an\u00f3nimo que llevar\u00e1 el Instituto donde se registrar\u00e1n las plantas de los usuarios. Asimismo, el Proyecto responde a un modelo de libre mercado, por lo que podr\u00eda pensarse si no ser\u00eda mejor utilizar un modelo m\u00e1s restringido; o bien, implementar una segmentaci\u00f3n no s\u00f3lo de productos sino de la cadena de producci\u00f3n, es decir, que las personas que produzcan cannabis \u00fanicamente se dediquen a esta actividad, por lo que no podr\u00edan transportarla o comercializarla.<\/span><\/p><p><span style=\"color: #ffffff;\">El hecho de que los Lineamientos, hoy vigentes, permitan el cannabis para uso industrial, mientras que el Proyecto no define uso industrial, y, en todo caso, parece prohibirlo, generar\u00e1 incertidumbre.<\/span><\/p><p><span style=\"color: #ffffff;\">En conclusi\u00f3n, es muy importante mencionar que estamos frente a un r\u00e9gimen normativo de cannabis, inestable y tendiente al cambio, por lo tanto, las decisiones de negocios deben tomarse con cautela.<\/span><\/p><\/article>\t\t\t\t\t\t\t\t<\/div>\n\t\t\t\t<\/div>\n\t\t\t\t\t<\/div>\n\t\t<\/div>\n\t\t\t\t<div class=\"elementor-column elementor-col-50 elementor-top-column elementor-element elementor-element-4b1b38c\" data-id=\"4b1b38c\" data-element_type=\"column\">\n\t\t\t<div class=\"elementor-widget-wrap elementor-element-populated\">\n\t\t\t\t\t\t<div class=\"elementor-element elementor-element-482ce6d elementor-widget elementor-widget-spacer\" data-id=\"482ce6d\" data-element_type=\"widget\" data-widget_type=\"spacer.default\">\n\t\t\t\t<div class=\"elementor-widget-container\">\n\t\t\t\t\t\t\t<div class=\"elementor-spacer\">\n\t\t\t<div class=\"elementor-spacer-inner\"><\/div>\n\t\t<\/div>\n\t\t\t\t\t\t<\/div>\n\t\t\t\t<\/div>\n\t\t\t\t<div class=\"elementor-element elementor-element-6a0e022 elementor-widget elementor-widget-sidebar\" data-id=\"6a0e022\" data-element_type=\"widget\" data-widget_type=\"sidebar.default\">\n\t\t\t\t<div class=\"elementor-widget-container\">\n\t\t\t\t\t<aside id=\"block-3\" class=\"widget inner-padding widget_block\">\n<div class=\"wp-block-group is-layout-constrained wp-block-group-is-layout-constrained\"><ul style=\"font-size:13px;\" class=\"wp-block-latest-posts__list has-dates has-author wp-block-latest-posts\"><li><div class=\"wp-block-latest-posts__featured-image alignright\"><a href=\"https:\/\/garbar.info\/en\/chambers-and-partners-2026-ha-reconocido-a-nuestro-socio-daniel-garcia-barragan-l\/\" aria-label=\"Chambers and Partners 2026 ha reconocido a nuestro socio Daniel Garc\u00eda Barrag\u00e1n L.\"><img loading=\"lazy\" decoding=\"async\" width=\"150\" height=\"150\" src=\"https:\/\/garbar.info\/wp-content\/uploads\/2026\/02\/garbar-dgbl-chambers-2026-all-150x150.jpg\" class=\"attachment-thumbnail size-thumbnail wp-post-image\" alt=\"\" style=\"max-width:113px;max-height:113px;\" srcset=\"https:\/\/garbar.info\/wp-content\/uploads\/2026\/02\/garbar-dgbl-chambers-2026-all-150x150.jpg 150w, https:\/\/garbar.info\/wp-content\/uploads\/2026\/02\/garbar-dgbl-chambers-2026-all-700x700.jpg 700w\" sizes=\"(max-width: 150px) 100vw, 150px\" \/><\/a><\/div><a class=\"wp-block-latest-posts__post-title\" href=\"https:\/\/garbar.info\/en\/chambers-and-partners-2026-ha-reconocido-a-nuestro-socio-daniel-garcia-barragan-l\/\">Chambers and Partners 2026 ha reconocido a nuestro socio Daniel Garc\u00eda Barrag\u00e1n L.<\/a><div class=\"wp-block-latest-posts__post-author\">by Garc\u00eda Barrag\u00e1n Abogados<\/div><time datetime=\"2026-02-18T12:45:12-06:00\" class=\"wp-block-latest-posts__post-date\">18 de February de 2026<\/time><div class=\"wp-block-latest-posts__post-excerpt\">Con gran orgullo y entusiasmo, compartimos que el d\u00eda de ayer nuestra consejera, la licenciada Luc\u00eda Mello Gonz\u00e1lez recibi\u00f3 por parte de la ANIERM, en el marco de\u00a0\u201cThe Logistics World Summit & Expo 2025\u201d, el evento de log\u00edstica m\u00e1s importante de Latinoam\u00e9rica, su certificado del Diplomado de Comercio Exterior y Operaciones Aduaneras, as\u00ed como su certificaci\u00f3n en el Est\u00e1ndar de Competencias Laborales EC0537, avalada por el CONOCER y la SEP; lo que refleja su compromiso y trayectoria en esta \u00e1rea del Derecho.<\/div><\/li>\n<li><div class=\"wp-block-latest-posts__featured-image alignright\"><a href=\"https:\/\/garbar.info\/en\/analisis-al-decreto-por-el-que-se-reforman-y-adicionan-disposiciones-a-la-ley-de-amparo\/\" aria-label=\"\u00a0An\u00e1lisis al Decreto por el que se reforman y adicionan disposiciones a la Ley de Amparo\"><img loading=\"lazy\" decoding=\"async\" width=\"150\" height=\"150\" src=\"https:\/\/garbar.info\/wp-content\/uploads\/2025\/11\/garbar.2025.analisis.ley_.amparo.news_-150x150.jpg\" class=\"attachment-thumbnail size-thumbnail wp-post-image\" alt=\"\" style=\"max-width:113px;max-height:113px;\" srcset=\"https:\/\/garbar.info\/wp-content\/uploads\/2025\/11\/garbar.2025.analisis.ley_.amparo.news_-150x150.jpg 150w, https:\/\/garbar.info\/wp-content\/uploads\/2025\/11\/garbar.2025.analisis.ley_.amparo.news_-700x700.jpg 700w\" sizes=\"(max-width: 150px) 100vw, 150px\" \/><\/a><\/div><a class=\"wp-block-latest-posts__post-title\" href=\"https:\/\/garbar.info\/en\/analisis-al-decreto-por-el-que-se-reforman-y-adicionan-disposiciones-a-la-ley-de-amparo\/\">\u00a0An\u00e1lisis al Decreto por el que se reforman y adicionan disposiciones a la Ley de Amparo<\/a><div class=\"wp-block-latest-posts__post-author\">by Garc\u00eda Barrag\u00e1n Abogados<\/div><time datetime=\"2025-11-05T11:47:30-06:00\" class=\"wp-block-latest-posts__post-date\">5 de November de 2025<\/time><div class=\"wp-block-latest-posts__post-excerpt\">Con gran orgullo y entusiasmo, compartimos que el d\u00eda de ayer nuestra consejera, la licenciada Luc\u00eda Mello Gonz\u00e1lez recibi\u00f3 por parte de la ANIERM, en el marco de\u00a0\u201cThe Logistics World Summit & Expo 2025\u201d, el evento de log\u00edstica m\u00e1s importante de Latinoam\u00e9rica, su certificado del Diplomado de Comercio Exterior y Operaciones Aduaneras, as\u00ed como su certificaci\u00f3n en el Est\u00e1ndar de Competencias Laborales EC0537, avalada por el CONOCER y la SEP; lo que refleja su compromiso y trayectoria en esta \u00e1rea del Derecho.<\/div><\/li>\n<li><div class=\"wp-block-latest-posts__featured-image alignright\"><a href=\"https:\/\/garbar.info\/en\/compartimos-el-reconocimiento-de-nuestro-socio-daniel-garcia-barragan-lopez-como-socio-de-proxima-generacion-en-el-ranking-de-legal-500-2026-para-mexico\/\" aria-label=\"Compartimos el reconocimiento de nuestro socio Daniel Garc\u00eda Barrag\u00e1n L\u00f3pez como Socio de Pr\u00f3xima Generaci\u00f3n, en el ranking de Legal 500 2026 para M\u00e9xico\"><img loading=\"lazy\" decoding=\"async\" width=\"150\" height=\"150\" src=\"https:\/\/garbar.info\/wp-content\/uploads\/2025\/10\/garbar.web_.dgbl_.2025-150x150.jpg\" class=\"attachment-thumbnail size-thumbnail wp-post-image\" alt=\"\" style=\"max-width:113px;max-height:113px;\" srcset=\"https:\/\/garbar.info\/wp-content\/uploads\/2025\/10\/garbar.web_.dgbl_.2025-150x150.jpg 150w, https:\/\/garbar.info\/wp-content\/uploads\/2025\/10\/garbar.web_.dgbl_.2025-700x700.jpg 700w\" sizes=\"(max-width: 150px) 100vw, 150px\" \/><\/a><\/div><a class=\"wp-block-latest-posts__post-title\" href=\"https:\/\/garbar.info\/en\/compartimos-el-reconocimiento-de-nuestro-socio-daniel-garcia-barragan-lopez-como-socio-de-proxima-generacion-en-el-ranking-de-legal-500-2026-para-mexico\/\">Compartimos el reconocimiento de nuestro socio Daniel Garc\u00eda Barrag\u00e1n L\u00f3pez como Socio de Pr\u00f3xima Generaci\u00f3n, en el ranking de Legal 500 2026 para M\u00e9xico<\/a><div class=\"wp-block-latest-posts__post-author\">by Garc\u00eda Barrag\u00e1n Abogados<\/div><time datetime=\"2025-10-27T13:06:22-06:00\" class=\"wp-block-latest-posts__post-date\">27 de October de 2025<\/time><div class=\"wp-block-latest-posts__post-excerpt\">Con gran orgullo y entusiasmo, compartimos que el d\u00eda de ayer nuestra consejera, la licenciada Luc\u00eda Mello Gonz\u00e1lez recibi\u00f3 por parte de la ANIERM, en el marco de\u00a0\u201cThe Logistics World Summit & Expo 2025\u201d, el evento de log\u00edstica m\u00e1s importante de Latinoam\u00e9rica, su certificado del Diplomado de Comercio Exterior y Operaciones Aduaneras, as\u00ed como su certificaci\u00f3n en el Est\u00e1ndar de Competencias Laborales EC0537, avalada por el CONOCER y la SEP; lo que refleja su compromiso y trayectoria en esta \u00e1rea del Derecho.<\/div><\/li>\n<li><div class=\"wp-block-latest-posts__featured-image alignright\"><a href=\"https:\/\/garbar.info\/en\/compartimos-el-reconocimiento-de-nuestro-socio-fundador-manuel-garcia-barragan-martinez-como-abogado-recomendado-en-el-ranking-de-the-legal-500-2026-para-mexico\/\" aria-label=\"Compartimos el reconocimiento de nuestro socio fundador Manuel Garc\u00eda Barrag\u00e1n Mart\u00ednez como Abogado Recomendado, en el ranking de The Legal 500 2026 para M\u00e9xico\"><img loading=\"lazy\" decoding=\"async\" width=\"150\" height=\"150\" src=\"https:\/\/garbar.info\/wp-content\/uploads\/2025\/10\/garbar.web_.mgbm_.2025-150x150.jpg\" class=\"attachment-thumbnail size-thumbnail wp-post-image\" alt=\"\" style=\"max-width:113px;max-height:113px;\" srcset=\"https:\/\/garbar.info\/wp-content\/uploads\/2025\/10\/garbar.web_.mgbm_.2025-150x150.jpg 150w, https:\/\/garbar.info\/wp-content\/uploads\/2025\/10\/garbar.web_.mgbm_.2025-700x700.jpg 700w\" sizes=\"auto, (max-width: 150px) 100vw, 150px\" \/><\/a><\/div><a class=\"wp-block-latest-posts__post-title\" href=\"https:\/\/garbar.info\/en\/compartimos-el-reconocimiento-de-nuestro-socio-fundador-manuel-garcia-barragan-martinez-como-abogado-recomendado-en-el-ranking-de-the-legal-500-2026-para-mexico\/\">Compartimos el reconocimiento de nuestro socio fundador Manuel Garc\u00eda Barrag\u00e1n Mart\u00ednez como Abogado Recomendado, en el ranking de The Legal 500 2026 para M\u00e9xico<\/a><div class=\"wp-block-latest-posts__post-author\">by Garc\u00eda Barrag\u00e1n Abogados<\/div><time datetime=\"2025-10-27T13:03:40-06:00\" class=\"wp-block-latest-posts__post-date\">27 de October de 2025<\/time><div class=\"wp-block-latest-posts__post-excerpt\">Con gran orgullo y entusiasmo, compartimos que el d\u00eda de ayer nuestra consejera, la licenciada Luc\u00eda Mello Gonz\u00e1lez recibi\u00f3 por parte de la ANIERM, en el marco de\u00a0\u201cThe Logistics World Summit & Expo 2025\u201d, el evento de log\u00edstica m\u00e1s importante de Latinoam\u00e9rica, su certificado del Diplomado de Comercio Exterior y Operaciones Aduaneras, as\u00ed como su certificaci\u00f3n en el Est\u00e1ndar de Competencias Laborales EC0537, avalada por el CONOCER y la SEP; lo que refleja su compromiso y trayectoria en esta \u00e1rea del Derecho.<\/div><\/li>\n<li><div class=\"wp-block-latest-posts__featured-image alignright\"><a href=\"https:\/\/garbar.info\/en\/garcia-barragan-abogados-s-c-ha-sido-reconocido-por-legal-500-como-firma-recomendada-y-destacada-en-el-area-de-practica-de-resolucion-de-disputas-arbitraje-en-el-ranking-de-2026-para-mexico\/\" aria-label=\"Garc\u00eda Barrag\u00e1n Abogados, S.C., ha sido reconocido por Legal 500 como Firma recomendada y destacada en el \u00e1rea de pr\u00e1ctica de Resoluci\u00f3n de Disputas: Arbitraje en el ranking de 2026 para M\u00e9xico\"><img loading=\"lazy\" decoding=\"async\" width=\"150\" height=\"150\" src=\"https:\/\/garbar.info\/wp-content\/uploads\/2025\/10\/garbar.web_.gba_.2025-150x150.jpg\" class=\"attachment-thumbnail size-thumbnail wp-post-image\" alt=\"\" style=\"max-width:113px;max-height:113px;\" srcset=\"https:\/\/garbar.info\/wp-content\/uploads\/2025\/10\/garbar.web_.gba_.2025-150x150.jpg 150w, https:\/\/garbar.info\/wp-content\/uploads\/2025\/10\/garbar.web_.gba_.2025-700x700.jpg 700w\" sizes=\"auto, (max-width: 150px) 100vw, 150px\" \/><\/a><\/div><a class=\"wp-block-latest-posts__post-title\" href=\"https:\/\/garbar.info\/en\/garcia-barragan-abogados-s-c-ha-sido-reconocido-por-legal-500-como-firma-recomendada-y-destacada-en-el-area-de-practica-de-resolucion-de-disputas-arbitraje-en-el-ranking-de-2026-para-mexico\/\">Garc\u00eda Barrag\u00e1n Abogados, S.C., ha sido reconocido por Legal 500 como Firma recomendada y destacada en el \u00e1rea de pr\u00e1ctica de Resoluci\u00f3n de Disputas: Arbitraje en el ranking de 2026 para M\u00e9xico<\/a><div class=\"wp-block-latest-posts__post-author\">by Garc\u00eda Barrag\u00e1n Abogados<\/div><time datetime=\"2025-10-27T12:51:54-06:00\" class=\"wp-block-latest-posts__post-date\">27 de October de 2025<\/time><div class=\"wp-block-latest-posts__post-excerpt\">Con gran orgullo y entusiasmo, compartimos que el d\u00eda de ayer nuestra consejera, la licenciada Luc\u00eda Mello Gonz\u00e1lez recibi\u00f3 por parte de la ANIERM, en el marco de\u00a0\u201cThe Logistics World Summit & Expo 2025\u201d, el evento de log\u00edstica m\u00e1s importante de Latinoam\u00e9rica, su certificado del Diplomado de Comercio Exterior y Operaciones Aduaneras, as\u00ed como su certificaci\u00f3n en el Est\u00e1ndar de Competencias Laborales EC0537, avalada por el CONOCER y la SEP; lo que refleja su compromiso y trayectoria en esta \u00e1rea del Derecho.<\/div><\/li>\n<li><div class=\"wp-block-latest-posts__featured-image alignright\"><a href=\"https:\/\/garbar.info\/en\/proyecto-de-reforma-a-la-ley-de-amparo\/\" aria-label=\"Amparo Law Reform Initiative\"><img loading=\"lazy\" decoding=\"async\" width=\"150\" height=\"150\" src=\"https:\/\/garbar.info\/wp-content\/uploads\/2025\/09\/garbar.2025.proyecto.de_.reforma.a.la_.ley_.de_.amparo.news_-150x150.jpg\" class=\"attachment-thumbnail size-thumbnail wp-post-image\" alt=\"\" style=\"max-width:113px;max-height:113px;\" srcset=\"https:\/\/garbar.info\/wp-content\/uploads\/2025\/09\/garbar.2025.proyecto.de_.reforma.a.la_.ley_.de_.amparo.news_-150x150.jpg 150w, https:\/\/garbar.info\/wp-content\/uploads\/2025\/09\/garbar.2025.proyecto.de_.reforma.a.la_.ley_.de_.amparo.news_-700x700.jpg 700w\" sizes=\"auto, (max-width: 150px) 100vw, 150px\" \/><\/a><\/div><a class=\"wp-block-latest-posts__post-title\" href=\"https:\/\/garbar.info\/en\/proyecto-de-reforma-a-la-ley-de-amparo\/\">Amparo Law Reform Initiative<\/a><div class=\"wp-block-latest-posts__post-author\">by Garc\u00eda Barrag\u00e1n Abogados<\/div><time datetime=\"2025-09-23T17:09:48-06:00\" class=\"wp-block-latest-posts__post-date\">23 de September de 2025<\/time><div class=\"wp-block-latest-posts__post-excerpt\">Con gran orgullo y entusiasmo, compartimos que el d\u00eda de ayer nuestra consejera, la licenciada Luc\u00eda Mello Gonz\u00e1lez recibi\u00f3 por parte de la ANIERM, en el marco de\u00a0\u201cThe Logistics World Summit & Expo 2025\u201d, el evento de log\u00edstica m\u00e1s importante de Latinoam\u00e9rica, su certificado del Diplomado de Comercio Exterior y Operaciones Aduaneras, as\u00ed como su certificaci\u00f3n en el Est\u00e1ndar de Competencias Laborales EC0537, avalada por el CONOCER y la SEP; lo que refleja su compromiso y trayectoria en esta \u00e1rea del Derecho.<\/div><\/li>\n<li><div class=\"wp-block-latest-posts__featured-image alignright\"><a href=\"https:\/\/garbar.info\/en\/adriana-lopez-gonzalez-latin-america-guide-en-arbitration-mexico-band-4\/\" aria-label=\"Adriana L\u00f3pez Gonz\u00e1lez Latin America Guide\u00a0en\u00a0Arbitration \u2013 Mexico, Band 4\"><img loading=\"lazy\" decoding=\"async\" width=\"150\" height=\"150\" src=\"https:\/\/garbar.info\/wp-content\/uploads\/2025\/08\/garbar-alg-chambers-intellectual-property-2026-150x150.png\" class=\"attachment-thumbnail size-thumbnail wp-post-image\" alt=\"\" style=\"max-width:113px;max-height:113px;\" srcset=\"https:\/\/garbar.info\/wp-content\/uploads\/2025\/08\/garbar-alg-chambers-intellectual-property-2026-150x150.png 150w, https:\/\/garbar.info\/wp-content\/uploads\/2025\/08\/garbar-alg-chambers-intellectual-property-2026-700x700.png 700w\" sizes=\"auto, (max-width: 150px) 100vw, 150px\" \/><\/a><\/div><a class=\"wp-block-latest-posts__post-title\" href=\"https:\/\/garbar.info\/en\/adriana-lopez-gonzalez-latin-america-guide-en-arbitration-mexico-band-4\/\">Adriana L\u00f3pez Gonz\u00e1lez Latin America Guide\u00a0en\u00a0Arbitration \u2013 Mexico, Band 4<\/a><div class=\"wp-block-latest-posts__post-author\">by Garc\u00eda Barrag\u00e1n Abogados<\/div><time datetime=\"2025-08-26T09:57:03-06:00\" class=\"wp-block-latest-posts__post-date\">26 de August de 2025<\/time><div class=\"wp-block-latest-posts__post-excerpt\">Con gran orgullo y entusiasmo, compartimos que el d\u00eda de ayer nuestra consejera, la licenciada Luc\u00eda Mello Gonz\u00e1lez recibi\u00f3 por parte de la ANIERM, en el marco de\u00a0\u201cThe Logistics World Summit & Expo 2025\u201d, el evento de log\u00edstica m\u00e1s importante de Latinoam\u00e9rica, su certificado del Diplomado de Comercio Exterior y Operaciones Aduaneras, as\u00ed como su certificaci\u00f3n en el Est\u00e1ndar de Competencias Laborales EC0537, avalada por el CONOCER y la SEP; lo que refleja su compromiso y trayectoria en esta \u00e1rea del Derecho.<\/div><\/li>\n<li><div class=\"wp-block-latest-posts__featured-image alignright\"><a href=\"https:\/\/garbar.info\/en\/daniel-garcia-barragan-lopez-corporate-ma-highly-regarded-mexico-band-4\/\" aria-label=\"Daniel Garc\u00eda Barrag\u00e1n L\u00f3pez Corporate \/ M&amp;A: Highly Regarded \u2013 Mexico, Band 4\"><img loading=\"lazy\" decoding=\"async\" width=\"150\" height=\"150\" src=\"https:\/\/garbar.info\/wp-content\/uploads\/2025\/08\/garbar-dgbl-chambers-corporate-ma-2026-150x150.png\" class=\"attachment-thumbnail size-thumbnail wp-post-image\" alt=\"\" style=\"max-width:113px;max-height:113px;\" srcset=\"https:\/\/garbar.info\/wp-content\/uploads\/2025\/08\/garbar-dgbl-chambers-corporate-ma-2026-150x150.png 150w, https:\/\/garbar.info\/wp-content\/uploads\/2025\/08\/garbar-dgbl-chambers-corporate-ma-2026-700x700.png 700w\" sizes=\"auto, (max-width: 150px) 100vw, 150px\" \/><\/a><\/div><a class=\"wp-block-latest-posts__post-title\" href=\"https:\/\/garbar.info\/en\/daniel-garcia-barragan-lopez-corporate-ma-highly-regarded-mexico-band-4\/\">Daniel Garc\u00eda Barrag\u00e1n L\u00f3pez Corporate \/ M&amp;A: Highly Regarded \u2013 Mexico, Band 4<\/a><div class=\"wp-block-latest-posts__post-author\">by Garc\u00eda Barrag\u00e1n Abogados<\/div><time datetime=\"2025-08-26T09:45:30-06:00\" class=\"wp-block-latest-posts__post-date\">26 de August de 2025<\/time><div class=\"wp-block-latest-posts__post-excerpt\">Con gran orgullo y entusiasmo, compartimos que el d\u00eda de ayer nuestra consejera, la licenciada Luc\u00eda Mello Gonz\u00e1lez recibi\u00f3 por parte de la ANIERM, en el marco de\u00a0\u201cThe Logistics World Summit & Expo 2025\u201d, el evento de log\u00edstica m\u00e1s importante de Latinoam\u00e9rica, su certificado del Diplomado de Comercio Exterior y Operaciones Aduaneras, as\u00ed como su certificaci\u00f3n en el Est\u00e1ndar de Competencias Laborales EC0537, avalada por el CONOCER y la SEP; lo que refleja su compromiso y trayectoria en esta \u00e1rea del Derecho.<\/div><\/li>\n<li><div class=\"wp-block-latest-posts__featured-image alignright\"><a href=\"https:\/\/garbar.info\/en\/daniel-garcia-barragan-lopez-dispute-resolution-civil-commercial-litigation-mexico-band-4\/\" aria-label=\"Daniel Garc\u00eda Barrag\u00e1n L\u00f3pez Dispute Resolution: Civil &amp; Commercial Litigation \u2013 Mexico, Band 4\"><img loading=\"lazy\" decoding=\"async\" width=\"150\" height=\"150\" src=\"https:\/\/garbar.info\/wp-content\/uploads\/2025\/08\/garbar-dgbl-chambers-civil-commercial-2026-150x150.png\" class=\"attachment-thumbnail size-thumbnail wp-post-image\" alt=\"\" style=\"max-width:113px;max-height:113px;\" srcset=\"https:\/\/garbar.info\/wp-content\/uploads\/2025\/08\/garbar-dgbl-chambers-civil-commercial-2026-150x150.png 150w, https:\/\/garbar.info\/wp-content\/uploads\/2025\/08\/garbar-dgbl-chambers-civil-commercial-2026-700x700.png 700w\" sizes=\"auto, (max-width: 150px) 100vw, 150px\" \/><\/a><\/div><a class=\"wp-block-latest-posts__post-title\" href=\"https:\/\/garbar.info\/en\/daniel-garcia-barragan-lopez-dispute-resolution-civil-commercial-litigation-mexico-band-4\/\">Daniel Garc\u00eda Barrag\u00e1n L\u00f3pez Dispute Resolution: Civil &amp; Commercial Litigation \u2013 Mexico, Band 4<\/a><div class=\"wp-block-latest-posts__post-author\">by Garc\u00eda Barrag\u00e1n Abogados<\/div><time datetime=\"2025-08-26T09:39:53-06:00\" class=\"wp-block-latest-posts__post-date\">26 de August de 2025<\/time><div class=\"wp-block-latest-posts__post-excerpt\">Con gran orgullo y entusiasmo, compartimos que el d\u00eda de ayer nuestra consejera, la licenciada Luc\u00eda Mello Gonz\u00e1lez recibi\u00f3 por parte de la ANIERM, en el marco de\u00a0\u201cThe Logistics World Summit & Expo 2025\u201d, el evento de log\u00edstica m\u00e1s importante de Latinoam\u00e9rica, su certificado del Diplomado de Comercio Exterior y Operaciones Aduaneras, as\u00ed como su certificaci\u00f3n en el Est\u00e1ndar de Competencias Laborales EC0537, avalada por el CONOCER y la SEP; lo que refleja su compromiso y trayectoria en esta \u00e1rea del Derecho.<\/div><\/li>\n<\/ul><\/div>\n<\/aside><aside id=\"block-8\" class=\"widget inner-padding widget_block\">\n<div style=\"height:49px\" aria-hidden=\"true\" class=\"wp-block-spacer\"><\/div>\n<\/aside><aside id=\"nav_menu-3\" class=\"widget inner-padding widget_nav_menu\"><div class=\"menu-garbar-menu-container\"><ul id=\"menu-garbar-menu\" class=\"menu\"><li id=\"menu-item-516\" class=\"menu-item menu-item-type-post_type menu-item-object-page menu-item-516\"><a href=\"https:\/\/garbar.info\/en\/acerca-de\/\">About<\/a><\/li>\n<li id=\"menu-item-501\" class=\"menu-item menu-item-type-post_type menu-item-object-page menu-item-501\"><a href=\"https:\/\/garbar.info\/en\/areas-de-practica\/\">Areas of Practice<\/a><\/li>\n<li id=\"menu-item-502\" class=\"menu-item menu-item-type-post_type menu-item-object-page menu-item-502\"><a href=\"https:\/\/garbar.info\/en\/equipo\/\">Team<\/a><\/li>\n<li id=\"menu-item-503\" class=\"menu-item menu-item-type-post_type menu-item-object-page menu-item-503\"><a href=\"https:\/\/garbar.info\/en\/noticias\/\">News<\/a><\/li>\n<li id=\"menu-item-559\" class=\"menu-item menu-item-type-post_type menu-item-object-page menu-item-559\"><a href=\"https:\/\/garbar.info\/en\/contacto\/\">Contact<\/a><\/li>\n<\/ul><\/div><\/aside>\t\t\t\t<\/div>\n\t\t\t\t<\/div>\n\t\t\t\t\t<\/div>\n\t\t<\/div>\n\t\t\t\t\t<\/div>\n\t\t<\/section>\n\t\t\t\t<\/div>","protected":false},"excerpt":{"rendered":"<p>Regulatorio Regulaci\u00f3n de cannabis en M\u00e9xico. Medicamentos. SUMARIO: I. Antecedentes. II. Jurisprudencia. III. Lineamientos en Materia de Control Sanitario de la Cannabis y Derivados de la Misma. IV. Proyecto de Decreto por el que se expide la Ley General para Regulaci\u00f3n y Control de Cannabis. V. Comentarios finales. \u00a0 I. ANTECEDENTES El Decreto de Reforma &#8230; <a title=\"Regulaci\u00f3n de cannabis en M\u00e9xico. Medicamentos.\" class=\"read-more\" href=\"https:\/\/garbar.info\/en\/regulacion-de-cannabis-en-mexico-medicamentos\/\" aria-label=\"Read more about Regulaci\u00f3n de cannabis en M\u00e9xico. Medicamentos.\">Read more<\/a><\/p>","protected":false},"author":1,"featured_media":779,"comment_status":"open","ping_status":"open","sticky":false,"template":"elementor_header_footer","format":"standard","meta":{"inline_featured_image":false,"footnotes":""},"categories":[60],"tags":[],"class_list":["post-480","post","type-post","status-publish","format-standard","has-post-thumbnail","hentry","category-regulatorio"],"_links":{"self":[{"href":"https:\/\/garbar.info\/en\/wp-json\/wp\/v2\/posts\/480","targetHints":{"allow":["GET"]}}],"collection":[{"href":"https:\/\/garbar.info\/en\/wp-json\/wp\/v2\/posts"}],"about":[{"href":"https:\/\/garbar.info\/en\/wp-json\/wp\/v2\/types\/post"}],"author":[{"embeddable":true,"href":"https:\/\/garbar.info\/en\/wp-json\/wp\/v2\/users\/1"}],"replies":[{"embeddable":true,"href":"https:\/\/garbar.info\/en\/wp-json\/wp\/v2\/comments?post=480"}],"version-history":[{"count":13,"href":"https:\/\/garbar.info\/en\/wp-json\/wp\/v2\/posts\/480\/revisions"}],"predecessor-version":[{"id":808,"href":"https:\/\/garbar.info\/en\/wp-json\/wp\/v2\/posts\/480\/revisions\/808"}],"wp:featuredmedia":[{"embeddable":true,"href":"https:\/\/garbar.info\/en\/wp-json\/wp\/v2\/media\/779"}],"wp:attachment":[{"href":"https:\/\/garbar.info\/en\/wp-json\/wp\/v2\/media?parent=480"}],"wp:term":[{"taxonomy":"category","embeddable":true,"href":"https:\/\/garbar.info\/en\/wp-json\/wp\/v2\/categories?post=480"},{"taxonomy":"post_tag","embeddable":true,"href":"https:\/\/garbar.info\/en\/wp-json\/wp\/v2\/tags?post=480"}],"curies":[{"name":"wp","href":"https:\/\/api.w.org\/{rel}","templated":true}]}}