{"id":1409,"date":"2025-08-05T08:58:15","date_gmt":"2025-08-05T14:58:15","guid":{"rendered":"https:\/\/garbar.info\/?p=1409"},"modified":"2025-08-05T09:00:03","modified_gmt":"2025-08-05T15:00:03","slug":"nueva-ley-en-materia-de-telecomunicaciones-y-radiodifusion","status":"publish","type":"post","link":"https:\/\/garbar.info\/en\/nueva-ley-en-materia-de-telecomunicaciones-y-radiodifusion\/","title":{"rendered":"New Law on Telecommunications and Broadcasting"},"content":{"rendered":"<div data-elementor-type=\"wp-post\" data-elementor-id=\"1409\" class=\"elementor elementor-1409\" data-elementor-post-type=\"post\">\n\t\t\t\t\t\t<section class=\"elementor-section elementor-top-section elementor-element elementor-element-8fd0310 elementor-section-boxed elementor-section-height-default elementor-section-height-default\" data-id=\"8fd0310\" data-element_type=\"section\" data-settings=\"{&quot;background_background&quot;:&quot;classic&quot;}\">\n\t\t\t\t\t\t<div class=\"elementor-container elementor-column-gap-default\">\n\t\t\t\t\t<div class=\"elementor-column elementor-col-50 elementor-top-column elementor-element elementor-element-0f328b8\" data-id=\"0f328b8\" data-element_type=\"column\">\n\t\t\t<div class=\"elementor-widget-wrap elementor-element-populated\">\n\t\t\t\t\t\t<div class=\"elementor-element elementor-element-d3842a5 elementor-widget elementor-widget-heading\" data-id=\"d3842a5\" data-element_type=\"widget\" data-widget_type=\"heading.default\">\n\t\t\t\t<div class=\"elementor-widget-container\">\n\t\t\t\t\t<h2 class=\"elementor-heading-title elementor-size-default\">Telecommunications<\/h2>\t\t\t\t<\/div>\n\t\t\t\t<\/div>\n\t\t\t\t<div class=\"elementor-element elementor-element-74ab396 elementor-widget elementor-widget-image\" data-id=\"74ab396\" data-element_type=\"widget\" data-widget_type=\"image.default\">\n\t\t\t\t<div class=\"elementor-widget-container\">\n\t\t\t\t\t\t\t\t\t\t\t\t\t\t\t<img loading=\"lazy\" decoding=\"async\" width=\"1024\" height=\"562\" src=\"https:\/\/garbar.info\/wp-content\/uploads\/2025\/08\/garbar.2025.nueva_.ley_.de_.telecomunicaciones.y.radiodifusion.news_.eng_.jpg\" class=\"attachment-large size-large wp-image-1410\" alt=\"\" srcset=\"https:\/\/garbar.info\/wp-content\/uploads\/2025\/08\/garbar.2025.nueva_.ley_.de_.telecomunicaciones.y.radiodifusion.news_.eng_.jpg 1920w, https:\/\/garbar.info\/wp-content\/uploads\/2025\/08\/garbar.2025.nueva_.ley_.de_.telecomunicaciones.y.radiodifusion.news_.eng_-300x165.jpg 300w, https:\/\/garbar.info\/wp-content\/uploads\/2025\/08\/garbar.2025.nueva_.ley_.de_.telecomunicaciones.y.radiodifusion.news_.eng_-1024x562.jpg 1024w, https:\/\/garbar.info\/wp-content\/uploads\/2025\/08\/garbar.2025.nueva_.ley_.de_.telecomunicaciones.y.radiodifusion.news_.eng_-768x421.jpg 768w, https:\/\/garbar.info\/wp-content\/uploads\/2025\/08\/garbar.2025.nueva_.ley_.de_.telecomunicaciones.y.radiodifusion.news_.eng_-1536x842.jpg 1536w, https:\/\/garbar.info\/wp-content\/uploads\/2025\/08\/garbar.2025.nueva_.ley_.de_.telecomunicaciones.y.radiodifusion.news_.eng_-18x10.jpg 18w\" sizes=\"(max-width: 1024px) 100vw, 1024px\" \/>\t\t\t\t\t\t\t\t\t\t\t\t\t\t\t<\/div>\n\t\t\t\t<\/div>\n\t\t\t\t<div class=\"elementor-element elementor-element-b85d41d elementor-widget elementor-widget-heading\" data-id=\"b85d41d\" data-element_type=\"widget\" data-widget_type=\"heading.default\">\n\t\t\t\t<div class=\"elementor-widget-container\">\n\t\t\t\t\t<h1 class=\"elementor-heading-title elementor-size-default\">New Law on Telecommunications and Broadcasting\n<\/h1>\t\t\t\t<\/div>\n\t\t\t\t<\/div>\n\t\t\t\t<div class=\"elementor-element elementor-element-ee35502 elementor-widget elementor-widget-text-editor\" data-id=\"ee35502\" data-element_type=\"widget\" data-widget_type=\"text-editor.default\">\n\t\t\t\t<div class=\"elementor-widget-container\">\n\t\t\t\t\t\t\t\t\t<p class=\"p1\"><span class=\"s1\">The new \u201cLaw on Telecommunications and Broadcasting,\u201d published in the Official Gazette of the Federation (DOF) on July 16, 2025, introduces several relevant aspects compared to the former \u201cFederal Telecommunications and Broadcasting Law,\u201d which are analyzed herein. <\/span><\/p><ol class=\"ol1\"><li class=\"li3\"><b><\/b><span class=\"s1\"><b>KEY DEFINITIONS <\/b><\/span><\/li><\/ol><ul class=\"ul1\"><li class=\"li3\"><span class=\"s1\"><b>Agency: <\/b>Agency for Digital Transformation and Telecommunications (ATDT);<\/span><\/li><li class=\"li3\"><span class=\"s1\"><b>Audiences: <\/b>Individuals who hold rights as recipients and consumers of audio or audiovisual content provided through broadcasting services or restricted television and audio services, as applicable;<\/span><\/li><li class=\"li3\"><span class=\"s1\"><b>Resellers: <\/b>Any person who offers telecommunications services to end users through the capacity of one or more public telecom networks, without holding a concession under the terms of this Law;<\/span><\/li><li class=\"li3\"><span class=\"s1\"><b>Commission: <\/b>Telecommunications Regulatory Commission (CRT); <\/span><\/li><li class=\"li3\"><span class=\"s1\"><b>Unlocking: <\/b>The removal of technical restrictions on mobile terminal equipment so they may operate on any compatible telecommunications network;<\/span><\/li><li class=\"li3\"><span class=\"s1\"><b>Law:<\/b> Law on Telecommunications and Broadcasting; <\/span><\/li><li class=\"li3\"><span class=\"s1\"><b>End User: <\/b>Any natural or legal person who uses a telecommunications service as the final recipient. <\/span><\/li><\/ul><ol class=\"ol1\"><li class=\"li3\"><b><\/b><span class=\"s1\"><b>NEW REGULATORY BODIES<\/b><\/span><\/li><\/ol><p class=\"p1\"><span class=\"s1\">One of the most significant changes is the creation of a new regulatory framework in the telecommunications and broadcasting sectors. <\/span><\/p><p class=\"p1\"><span class=\"s1\">The Law provides for the establishment of the following authorities: <\/span><\/p><ol class=\"ol2\"><li class=\"li3\"><b><\/b><span class=\"s1\"><b>Agency for Digital Transformation and Telecommunications (ATDT) <\/b><\/span><\/li><\/ol><p class=\"p1\"><span class=\"s1\">The ATDT is now a Secretariat of State, i.e., a dependency of the Federal Public Administration. This represents a departure from its predecessor, the Federal Telecommunications Institute (IFT), which was an autonomous constitutional body. <\/span><\/p><p class=\"p1\"><span class=\"s1\">The ATDT will be responsible for drafting and implementing national telecommunications, broadcasting, and satellite policy. It must coordinate with the CRT to promote access to information and communication technologies (ICT), broadband, and Internet services across the country. <\/span><\/p><ol class=\"ol2\"><li class=\"li3\"><b><\/b><span class=\"s1\"><b>Telecommunications Regulatory Commission (CRT) <\/b><\/span><\/li><\/ol><p class=\"p1\"><span class=\"s1\">The CRT is a decentralized body with technical, operational, and administrative autonomy. Its mandate is to ensure the efficient development of telecommunications and broadcasting.<\/span><\/p><p class=\"p1\"><span class=\"s1\">Its main powers include: <\/span><\/p><ul class=\"ul1\"><li class=\"li3\"><span class=\"s1\">Issuing administrative regulations, Mexican Official Standards (NOMs), and other binding guidelines; <\/span><\/li><li class=\"li3\"><span class=\"s1\">Granting and revoking concessions and authorizations;<\/span><\/li><li class=\"li3\"><span class=\"s1\">Carrying out public bidding procedures;<span class=\"Apple-converted-space\">\u00a0 \u00a0<\/span><\/span><\/li><li class=\"li3\"><span class=\"s1\">Authorizing, registering, and publishing service rates; <\/span><\/li><li class=\"li3\"><span class=\"s1\">Imposing sanctions for violations of applicable law. <\/span><\/li><\/ul><p class=\"p1\"><span class=\"s1\">The CRT\u2019s governing body is a five-member Plenary, appointed by the Executive and ratified by the Senate. Commissioners serve non-renewable seven-year terms, except for the President, who may serve a three-year term, renewable once. <\/span><\/p><p class=\"p1\"><span class=\"s1\">The Law formally dissolves the IFT and transfers all its functions, assets, obligations, and personnel to the CRT. The transition begins the day after the CRT\u2019s Plenary is fully installed. Until then, the IFT will continue operating.<\/span><\/p><p class=\"p1\"><span class=\"s1\"><b>\u00a0\u00a0<\/b><\/span><\/p><ol class=\"ol1\"><li class=\"li3\"><b><\/b><span class=\"s1\"><b>CONCESSIONS AND AUTHORIZATIONS <\/b><\/span><\/li><\/ol><p class=\"p1\"><span class=\"s1\">The unified concession regime is retained. Entities must obtain a single concession to provide any public telecom or broadcasting service. These concessions may be for commercial, public, private, or social use, with terms of up to 30 years, renewable.<\/span><\/p><p class=\"p6\"><span class=\"s1\">\u200d<\/span><\/p><p class=\"p1\"><span class=\"s1\">Spectrum and orbital resources concessions\u2014granted by the CRT\u2014may also be for commercial, public, private, or social use, with terms of up to 20 years, renewable.<\/span><\/p><p class=\"p6\"><span class=\"s1\">\u200d<\/span><\/p><p class=\"p1\"><span class=\"s1\">The Law also maintains the authorization regime but introduces new scenarios requiring prior authorization from the CRT, including experimental spectrum use, technical or economic viability testing, secondary spectrum use during specific events, or use in commercial\/industrial settings. <\/span><\/p><ol class=\"ol1\"><li class=\"li3\"><b><\/b><span class=\"s1\"><b>RIGHTS OF AUDIENCES AND END USERS <\/b><\/span><\/li><\/ol><p class=\"p1\"><span class=\"s1\">The Law distinguishes between \u201cAudiences\u201d and \u201cEnd Users,\u201d assigning specific rights to each: <\/span><\/p><p class=\"p1\"><span class=\"s1\">Audience Rights: <\/span><\/p><ul class=\"ul1\"><li class=\"li3\"><span class=\"s1\">Receive content reflecting ideological, political, social, and cultural pluralism; <\/span><\/li><li class=\"li3\"><span class=\"s1\">Clear distinction between advertising and editorial content;\u00a0<\/span><\/li><li class=\"li3\"><span class=\"s1\">Respect for scheduled programming and prior notice of changes;\u00a0<\/span><\/li><li class=\"li3\"><span class=\"s1\">Right to reply: broadcasters must clarify when statements are opinions versus news. <\/span><\/li><\/ul><p class=\"p1\"><span class=\"s1\">End User Rights: <\/span><\/p><ul class=\"ul1\"><li class=\"li3\"><span class=\"s1\">Purchase prepaid airtime or balance without restrictions; <\/span><\/li><li class=\"li3\"><span class=\"s1\">Freely choose service providers; <\/span><\/li><li class=\"li3\"><span class=\"s1\">Mandatory unlocking of mobile devices (prepaid and postpaid) upon purchase, without additional procedures;\u00a0<\/span><\/li><li class=\"li3\"><span class=\"s1\">Free calls to a government-defined customer service number; <\/span><\/li><li class=\"li3\"><span class=\"s1\">Explicit consent required for non-original services, which may be canceled anytime; <\/span><\/li><li class=\"li3\"><span class=\"s1\">30-day prior notice for contract changes, allowing users to accept, terminate, or demand specific performance. <\/span><\/li><\/ul><p class=\"p1\"><span class=\"s1\">Mandatory accessibility measures are expanded, requiring that mobile devices and pre-installed applications support users with physical, visual, or hearing disabilities. <\/span><\/p><ol class=\"ol1\"><li class=\"li3\"><b><\/b><span class=\"s1\"><b>DEVICE UNLOCKING <\/b><\/span><\/li><\/ol><p class=\"p1\"><span class=\"s1\">The Law mandates that all mobile devices be delivered unlocked, both prepaid and postpaid. The CRT must issue the corresponding technical guidelines. <\/span><\/p><p class=\"p1\"><span class=\"s1\">Importantly, Article 273 specifies that the CRT must define these guidelines. While they are pending, Transitory Article 28 allows the continued application of existing rules only if they do not contradict the new Law. <\/span><\/p><p class=\"p1\"><span class=\"s1\">The only current guidelines are the \u201cMobile Terminal Equipment Unlocking Guidelines\u201d issued by the IFT on November 29, 2023, which still permit blocking. These are arguably inconsistent with the new Law and may no longer be enforceable. <\/span><\/p><p class=\"p1\"><span class=\"s1\">Per Transitory Article 28, the CRT has 120 business days from the Law\u2019s entry into force to issue new mobile service guidelines. Once issued, all unidentified active lines must be suspended within 120 business days, except for emergency or government numbers.<\/span><\/p><p class=\"p1\"><span class=\"s1\">Transitory Article 24 further clarifies that the unlocking obligation does not apply retroactively to previously signed contracts. For those, unlocking may occur after full payment of the device.<\/span><\/p><p class=\"p1\"><span class=\"s1\">En conclusi\u00f3n, para ver c\u00f3mo deben operar las prestadoras de Servicios M\u00f3viles, hay que esperar a que la Comisi\u00f3n emita los lineamientos correspondientes. Esto siendo \u00fanicamente aplicable a los nuevos equipos m\u00f3viles que hayan de ser entregados, ya que la presente ley no obliga retroactivamente a desbloquear aquellos equipos m\u00f3viles que se encuentren sujetos a un contrato celebrado previo a la entrada en vigor de esta ley; en esos casos, el desbloqueo se llevar\u00e1 a cabo cuando se haya liquidado el costo del equipo. <\/span><\/p><ol class=\"ol1\"><li class=\"li3\"><b><\/b><span class=\"s1\"><b>NEW OBLIGATIONS FOR TELECOMMUNICATIONS CONCESSIONAIRES <\/b><\/span><\/li><\/ol><ol class=\"ol2\"><li class=\"li3\"><span class=\"s1\">User Registration: The ATDT will issue rules requiring mobile service providers to maintain user registries accessible to security and justice authorities. <\/span><\/li><li class=\"li3\"><span class=\"s1\">Device Unlocking: Concessionaires and authorized operators must deliver unlocked devices in all cases (prepaid and postpaid). <\/span><\/li><li class=\"li3\"><span class=\"s1\">Zero-Cost Services: Providers must offer the following services free of charge: alert and emergency notifications; browsing, uploading, and downloading on government platforms and sites; and calls to public service numbers. <\/span><\/li><li class=\"li3\"><span class=\"s1\">Non-Exclusivity Requirements: Concessionaires are barred from entering exclusivity agreements limiting user access to terminal equipment or point-of-sale locations, including airtime purchases. <\/span><\/li><\/ol><ol class=\"ol1\"><li class=\"li3\"><b><\/b><span class=\"s1\"><b>SANCTIONS <\/b><\/span><\/li><\/ol><p class=\"p1\"><span class=\"s1\">The Law introduces new sanctionable entities. In addition to concessionaires and authorized operators, registrars, passive infrastructure providers, and digital platforms can now be penalized. <\/span><\/p><p class=\"p1\"><span class=\"s1\">Fines range from 0.01% to 10% of the violator\u2019s annual revenue. For repeat violations, fines may be doubled. <\/span><\/p><p class=\"p1\"><span class=\"s1\">Specifically, failure to comply with device unlocking obligations may result in fines between 0.01% and 0.75% of the violator\u2019s annual revenue. <\/span><\/p><p class=\"p1\"><span class=\"s1\">For further information, please contact:<\/span><\/p><p class=\"p1\"><span class=\"s1\">Contact:<\/span><\/p><p class=\"p1\"><span class=\"s1\">Lic. Edgar Ru\u00edz Pati\u00f1o<\/span><\/p><p class=\"p8\"><span class=\"s3\"><a href=\"mailto:eruiz@garbar.mx\">eruiz@garbar.mx<\/a><\/span><\/p><p class=\"p1\"><span class=\"s1\">Lic. Daniel Garc\u00eda Barrag\u00e1n L.<\/span><\/p><p class=\"p1\"><a href=\"mailto:danielgb@garbar.mx\"><span class=\"s1\">danielgb@garbar.mx<\/span><\/a><\/p>\t\t\t\t\t\t\t\t<\/div>\n\t\t\t\t<\/div>\n\t\t\t\t\t<\/div>\n\t\t<\/div>\n\t\t\t\t<div class=\"elementor-column elementor-col-50 elementor-top-column elementor-element elementor-element-4b1b38c\" data-id=\"4b1b38c\" data-element_type=\"column\">\n\t\t\t<div class=\"elementor-widget-wrap elementor-element-populated\">\n\t\t\t\t\t\t<div class=\"elementor-element elementor-element-51f16d6 elementor-widget elementor-widget-spacer\" data-id=\"51f16d6\" data-element_type=\"widget\" data-widget_type=\"spacer.default\">\n\t\t\t\t<div class=\"elementor-widget-container\">\n\t\t\t\t\t\t\t<div class=\"elementor-spacer\">\n\t\t\t<div class=\"elementor-spacer-inner\"><\/div>\n\t\t<\/div>\n\t\t\t\t\t\t<\/div>\n\t\t\t\t<\/div>\n\t\t\t\t<div class=\"elementor-element elementor-element-05cf4ec elementor-widget elementor-widget-sidebar\" data-id=\"05cf4ec\" data-element_type=\"widget\" data-widget_type=\"sidebar.default\">\n\t\t\t\t<div class=\"elementor-widget-container\">\n\t\t\t\t\t<aside id=\"block-3\" class=\"widget inner-padding widget_block\">\n<div class=\"wp-block-group is-layout-constrained wp-block-group-is-layout-constrained\"><ul style=\"font-size:13px;\" class=\"wp-block-latest-posts__list has-dates has-author wp-block-latest-posts\"><li><div class=\"wp-block-latest-posts__featured-image alignright\"><a href=\"https:\/\/garbar.info\/en\/chambers-and-partners-2026-ha-reconocido-a-nuestro-socio-daniel-garcia-barragan-l\/\" aria-label=\"Chambers and Partners 2026 ha reconocido a nuestro socio Daniel Garc\u00eda Barrag\u00e1n L.\"><img loading=\"lazy\" decoding=\"async\" width=\"150\" height=\"150\" src=\"https:\/\/garbar.info\/wp-content\/uploads\/2026\/02\/garbar-dgbl-chambers-2026-all-150x150.jpg\" class=\"attachment-thumbnail size-thumbnail wp-post-image\" alt=\"\" style=\"max-width:113px;max-height:113px;\" srcset=\"https:\/\/garbar.info\/wp-content\/uploads\/2026\/02\/garbar-dgbl-chambers-2026-all-150x150.jpg 150w, https:\/\/garbar.info\/wp-content\/uploads\/2026\/02\/garbar-dgbl-chambers-2026-all-700x700.jpg 700w\" sizes=\"(max-width: 150px) 100vw, 150px\" \/><\/a><\/div><a class=\"wp-block-latest-posts__post-title\" href=\"https:\/\/garbar.info\/en\/chambers-and-partners-2026-ha-reconocido-a-nuestro-socio-daniel-garcia-barragan-l\/\">Chambers and Partners 2026 ha reconocido a nuestro socio Daniel Garc\u00eda Barrag\u00e1n L.<\/a><div class=\"wp-block-latest-posts__post-author\">by Garc\u00eda Barrag\u00e1n Abogados<\/div><time datetime=\"2026-02-18T12:45:12-06:00\" class=\"wp-block-latest-posts__post-date\">18 de February de 2026<\/time><div class=\"wp-block-latest-posts__post-excerpt\">Con gran orgullo y entusiasmo, compartimos que el d\u00eda de ayer nuestra consejera, la licenciada Luc\u00eda Mello Gonz\u00e1lez recibi\u00f3 por parte de la ANIERM, en el marco de\u00a0\u201cThe Logistics World Summit & Expo 2025\u201d, el evento de log\u00edstica m\u00e1s importante de Latinoam\u00e9rica, su certificado del Diplomado de Comercio Exterior y Operaciones Aduaneras, as\u00ed como su certificaci\u00f3n en el Est\u00e1ndar de Competencias Laborales EC0537, avalada por el CONOCER y la SEP; lo que refleja su compromiso y trayectoria en esta \u00e1rea del Derecho.<\/div><\/li>\n<li><div class=\"wp-block-latest-posts__featured-image alignright\"><a href=\"https:\/\/garbar.info\/en\/analisis-al-decreto-por-el-que-se-reforman-y-adicionan-disposiciones-a-la-ley-de-amparo\/\" aria-label=\"\u00a0An\u00e1lisis al Decreto por el que se reforman y adicionan disposiciones a la Ley de Amparo\"><img loading=\"lazy\" decoding=\"async\" width=\"150\" height=\"150\" src=\"https:\/\/garbar.info\/wp-content\/uploads\/2025\/11\/garbar.2025.analisis.ley_.amparo.news_-150x150.jpg\" class=\"attachment-thumbnail size-thumbnail wp-post-image\" alt=\"\" style=\"max-width:113px;max-height:113px;\" srcset=\"https:\/\/garbar.info\/wp-content\/uploads\/2025\/11\/garbar.2025.analisis.ley_.amparo.news_-150x150.jpg 150w, https:\/\/garbar.info\/wp-content\/uploads\/2025\/11\/garbar.2025.analisis.ley_.amparo.news_-700x700.jpg 700w\" sizes=\"(max-width: 150px) 100vw, 150px\" \/><\/a><\/div><a class=\"wp-block-latest-posts__post-title\" href=\"https:\/\/garbar.info\/en\/analisis-al-decreto-por-el-que-se-reforman-y-adicionan-disposiciones-a-la-ley-de-amparo\/\">\u00a0An\u00e1lisis al Decreto por el que se reforman y adicionan disposiciones a la Ley de Amparo<\/a><div class=\"wp-block-latest-posts__post-author\">by Garc\u00eda Barrag\u00e1n Abogados<\/div><time datetime=\"2025-11-05T11:47:30-06:00\" class=\"wp-block-latest-posts__post-date\">5 de November de 2025<\/time><div class=\"wp-block-latest-posts__post-excerpt\">Con gran orgullo y entusiasmo, compartimos que el d\u00eda de ayer nuestra consejera, la licenciada Luc\u00eda Mello Gonz\u00e1lez recibi\u00f3 por parte de la ANIERM, en el marco de\u00a0\u201cThe Logistics World Summit & Expo 2025\u201d, el evento de log\u00edstica m\u00e1s importante de Latinoam\u00e9rica, su certificado del Diplomado de Comercio Exterior y Operaciones Aduaneras, as\u00ed como su certificaci\u00f3n en el Est\u00e1ndar de Competencias Laborales EC0537, avalada por el CONOCER y la SEP; lo que refleja su compromiso y trayectoria en esta \u00e1rea del Derecho.<\/div><\/li>\n<li><div class=\"wp-block-latest-posts__featured-image alignright\"><a href=\"https:\/\/garbar.info\/en\/compartimos-el-reconocimiento-de-nuestro-socio-daniel-garcia-barragan-lopez-como-socio-de-proxima-generacion-en-el-ranking-de-legal-500-2026-para-mexico\/\" aria-label=\"Compartimos el reconocimiento de nuestro socio Daniel Garc\u00eda Barrag\u00e1n L\u00f3pez como Socio de Pr\u00f3xima Generaci\u00f3n, en el ranking de Legal 500 2026 para M\u00e9xico\"><img loading=\"lazy\" decoding=\"async\" width=\"150\" height=\"150\" src=\"https:\/\/garbar.info\/wp-content\/uploads\/2025\/10\/garbar.web_.dgbl_.2025-150x150.jpg\" class=\"attachment-thumbnail size-thumbnail wp-post-image\" alt=\"\" style=\"max-width:113px;max-height:113px;\" srcset=\"https:\/\/garbar.info\/wp-content\/uploads\/2025\/10\/garbar.web_.dgbl_.2025-150x150.jpg 150w, https:\/\/garbar.info\/wp-content\/uploads\/2025\/10\/garbar.web_.dgbl_.2025-700x700.jpg 700w\" sizes=\"(max-width: 150px) 100vw, 150px\" \/><\/a><\/div><a class=\"wp-block-latest-posts__post-title\" href=\"https:\/\/garbar.info\/en\/compartimos-el-reconocimiento-de-nuestro-socio-daniel-garcia-barragan-lopez-como-socio-de-proxima-generacion-en-el-ranking-de-legal-500-2026-para-mexico\/\">Compartimos el reconocimiento de nuestro socio Daniel Garc\u00eda Barrag\u00e1n L\u00f3pez como Socio de Pr\u00f3xima Generaci\u00f3n, en el ranking de Legal 500 2026 para M\u00e9xico<\/a><div class=\"wp-block-latest-posts__post-author\">by Garc\u00eda Barrag\u00e1n Abogados<\/div><time datetime=\"2025-10-27T13:06:22-06:00\" class=\"wp-block-latest-posts__post-date\">27 de October de 2025<\/time><div class=\"wp-block-latest-posts__post-excerpt\">Con gran orgullo y entusiasmo, compartimos que el d\u00eda de ayer nuestra consejera, la licenciada Luc\u00eda Mello Gonz\u00e1lez recibi\u00f3 por parte de la ANIERM, en el marco de\u00a0\u201cThe Logistics World Summit & Expo 2025\u201d, el evento de log\u00edstica m\u00e1s importante de Latinoam\u00e9rica, su certificado del Diplomado de Comercio Exterior y Operaciones Aduaneras, as\u00ed como su certificaci\u00f3n en el Est\u00e1ndar de Competencias Laborales EC0537, avalada por el CONOCER y la SEP; lo que refleja su compromiso y trayectoria en esta \u00e1rea del Derecho.<\/div><\/li>\n<li><div class=\"wp-block-latest-posts__featured-image alignright\"><a href=\"https:\/\/garbar.info\/en\/compartimos-el-reconocimiento-de-nuestro-socio-fundador-manuel-garcia-barragan-martinez-como-abogado-recomendado-en-el-ranking-de-the-legal-500-2026-para-mexico\/\" aria-label=\"Compartimos el reconocimiento de nuestro socio fundador Manuel Garc\u00eda Barrag\u00e1n Mart\u00ednez como Abogado Recomendado, en el ranking de The Legal 500 2026 para M\u00e9xico\"><img loading=\"lazy\" decoding=\"async\" width=\"150\" height=\"150\" src=\"https:\/\/garbar.info\/wp-content\/uploads\/2025\/10\/garbar.web_.mgbm_.2025-150x150.jpg\" class=\"attachment-thumbnail size-thumbnail wp-post-image\" alt=\"\" style=\"max-width:113px;max-height:113px;\" srcset=\"https:\/\/garbar.info\/wp-content\/uploads\/2025\/10\/garbar.web_.mgbm_.2025-150x150.jpg 150w, https:\/\/garbar.info\/wp-content\/uploads\/2025\/10\/garbar.web_.mgbm_.2025-700x700.jpg 700w\" sizes=\"auto, (max-width: 150px) 100vw, 150px\" \/><\/a><\/div><a class=\"wp-block-latest-posts__post-title\" href=\"https:\/\/garbar.info\/en\/compartimos-el-reconocimiento-de-nuestro-socio-fundador-manuel-garcia-barragan-martinez-como-abogado-recomendado-en-el-ranking-de-the-legal-500-2026-para-mexico\/\">Compartimos el reconocimiento de nuestro socio fundador Manuel Garc\u00eda Barrag\u00e1n Mart\u00ednez como Abogado Recomendado, en el ranking de The Legal 500 2026 para M\u00e9xico<\/a><div class=\"wp-block-latest-posts__post-author\">by Garc\u00eda Barrag\u00e1n Abogados<\/div><time datetime=\"2025-10-27T13:03:40-06:00\" class=\"wp-block-latest-posts__post-date\">27 de October de 2025<\/time><div class=\"wp-block-latest-posts__post-excerpt\">Con gran orgullo y entusiasmo, compartimos que el d\u00eda de ayer nuestra consejera, la licenciada Luc\u00eda Mello Gonz\u00e1lez recibi\u00f3 por parte de la ANIERM, en el marco de\u00a0\u201cThe Logistics World Summit & Expo 2025\u201d, el evento de log\u00edstica m\u00e1s importante de Latinoam\u00e9rica, su certificado del Diplomado de Comercio Exterior y Operaciones Aduaneras, as\u00ed como su certificaci\u00f3n en el Est\u00e1ndar de Competencias Laborales EC0537, avalada por el CONOCER y la SEP; lo que refleja su compromiso y trayectoria en esta \u00e1rea del Derecho.<\/div><\/li>\n<li><div class=\"wp-block-latest-posts__featured-image alignright\"><a href=\"https:\/\/garbar.info\/en\/garcia-barragan-abogados-s-c-ha-sido-reconocido-por-legal-500-como-firma-recomendada-y-destacada-en-el-area-de-practica-de-resolucion-de-disputas-arbitraje-en-el-ranking-de-2026-para-mexico\/\" aria-label=\"Garc\u00eda Barrag\u00e1n Abogados, S.C., ha sido reconocido por Legal 500 como Firma recomendada y destacada en el \u00e1rea de pr\u00e1ctica de Resoluci\u00f3n de Disputas: Arbitraje en el ranking de 2026 para M\u00e9xico\"><img loading=\"lazy\" decoding=\"async\" width=\"150\" height=\"150\" src=\"https:\/\/garbar.info\/wp-content\/uploads\/2025\/10\/garbar.web_.gba_.2025-150x150.jpg\" class=\"attachment-thumbnail size-thumbnail wp-post-image\" alt=\"\" style=\"max-width:113px;max-height:113px;\" srcset=\"https:\/\/garbar.info\/wp-content\/uploads\/2025\/10\/garbar.web_.gba_.2025-150x150.jpg 150w, https:\/\/garbar.info\/wp-content\/uploads\/2025\/10\/garbar.web_.gba_.2025-700x700.jpg 700w\" sizes=\"auto, (max-width: 150px) 100vw, 150px\" \/><\/a><\/div><a class=\"wp-block-latest-posts__post-title\" href=\"https:\/\/garbar.info\/en\/garcia-barragan-abogados-s-c-ha-sido-reconocido-por-legal-500-como-firma-recomendada-y-destacada-en-el-area-de-practica-de-resolucion-de-disputas-arbitraje-en-el-ranking-de-2026-para-mexico\/\">Garc\u00eda Barrag\u00e1n Abogados, S.C., ha sido reconocido por Legal 500 como Firma recomendada y destacada en el \u00e1rea de pr\u00e1ctica de Resoluci\u00f3n de Disputas: Arbitraje en el ranking de 2026 para M\u00e9xico<\/a><div class=\"wp-block-latest-posts__post-author\">by Garc\u00eda Barrag\u00e1n Abogados<\/div><time datetime=\"2025-10-27T12:51:54-06:00\" class=\"wp-block-latest-posts__post-date\">27 de October de 2025<\/time><div class=\"wp-block-latest-posts__post-excerpt\">Con gran orgullo y entusiasmo, compartimos que el d\u00eda de ayer nuestra consejera, la licenciada Luc\u00eda Mello Gonz\u00e1lez recibi\u00f3 por parte de la ANIERM, en el marco de\u00a0\u201cThe Logistics World Summit & Expo 2025\u201d, el evento de log\u00edstica m\u00e1s importante de Latinoam\u00e9rica, su certificado del Diplomado de Comercio Exterior y Operaciones Aduaneras, as\u00ed como su certificaci\u00f3n en el Est\u00e1ndar de Competencias Laborales EC0537, avalada por el CONOCER y la SEP; lo que refleja su compromiso y trayectoria en esta \u00e1rea del Derecho.<\/div><\/li>\n<li><div class=\"wp-block-latest-posts__featured-image alignright\"><a href=\"https:\/\/garbar.info\/en\/proyecto-de-reforma-a-la-ley-de-amparo\/\" aria-label=\"Amparo Law Reform Initiative\"><img loading=\"lazy\" decoding=\"async\" width=\"150\" height=\"150\" src=\"https:\/\/garbar.info\/wp-content\/uploads\/2025\/09\/garbar.2025.proyecto.de_.reforma.a.la_.ley_.de_.amparo.news_-150x150.jpg\" class=\"attachment-thumbnail size-thumbnail wp-post-image\" alt=\"\" style=\"max-width:113px;max-height:113px;\" srcset=\"https:\/\/garbar.info\/wp-content\/uploads\/2025\/09\/garbar.2025.proyecto.de_.reforma.a.la_.ley_.de_.amparo.news_-150x150.jpg 150w, https:\/\/garbar.info\/wp-content\/uploads\/2025\/09\/garbar.2025.proyecto.de_.reforma.a.la_.ley_.de_.amparo.news_-700x700.jpg 700w\" sizes=\"auto, (max-width: 150px) 100vw, 150px\" \/><\/a><\/div><a class=\"wp-block-latest-posts__post-title\" href=\"https:\/\/garbar.info\/en\/proyecto-de-reforma-a-la-ley-de-amparo\/\">Amparo Law Reform Initiative<\/a><div class=\"wp-block-latest-posts__post-author\">by Garc\u00eda Barrag\u00e1n Abogados<\/div><time datetime=\"2025-09-23T17:09:48-06:00\" class=\"wp-block-latest-posts__post-date\">23 de September de 2025<\/time><div class=\"wp-block-latest-posts__post-excerpt\">Con gran orgullo y entusiasmo, compartimos que el d\u00eda de ayer nuestra consejera, la licenciada Luc\u00eda Mello Gonz\u00e1lez recibi\u00f3 por parte de la ANIERM, en el marco de\u00a0\u201cThe Logistics World Summit & Expo 2025\u201d, el evento de log\u00edstica m\u00e1s importante de Latinoam\u00e9rica, su certificado del Diplomado de Comercio Exterior y Operaciones Aduaneras, as\u00ed como su certificaci\u00f3n en el Est\u00e1ndar de Competencias Laborales EC0537, avalada por el CONOCER y la SEP; lo que refleja su compromiso y trayectoria en esta \u00e1rea del Derecho.<\/div><\/li>\n<li><div class=\"wp-block-latest-posts__featured-image alignright\"><a href=\"https:\/\/garbar.info\/en\/adriana-lopez-gonzalez-latin-america-guide-en-arbitration-mexico-band-4\/\" aria-label=\"Adriana L\u00f3pez Gonz\u00e1lez Latin America Guide\u00a0en\u00a0Arbitration \u2013 Mexico, Band 4\"><img loading=\"lazy\" decoding=\"async\" width=\"150\" height=\"150\" src=\"https:\/\/garbar.info\/wp-content\/uploads\/2025\/08\/garbar-alg-chambers-intellectual-property-2026-150x150.png\" class=\"attachment-thumbnail size-thumbnail wp-post-image\" alt=\"\" style=\"max-width:113px;max-height:113px;\" srcset=\"https:\/\/garbar.info\/wp-content\/uploads\/2025\/08\/garbar-alg-chambers-intellectual-property-2026-150x150.png 150w, https:\/\/garbar.info\/wp-content\/uploads\/2025\/08\/garbar-alg-chambers-intellectual-property-2026-700x700.png 700w\" sizes=\"auto, (max-width: 150px) 100vw, 150px\" \/><\/a><\/div><a class=\"wp-block-latest-posts__post-title\" href=\"https:\/\/garbar.info\/en\/adriana-lopez-gonzalez-latin-america-guide-en-arbitration-mexico-band-4\/\">Adriana L\u00f3pez Gonz\u00e1lez Latin America Guide\u00a0en\u00a0Arbitration \u2013 Mexico, Band 4<\/a><div class=\"wp-block-latest-posts__post-author\">by Garc\u00eda Barrag\u00e1n Abogados<\/div><time datetime=\"2025-08-26T09:57:03-06:00\" class=\"wp-block-latest-posts__post-date\">26 de August de 2025<\/time><div class=\"wp-block-latest-posts__post-excerpt\">Con gran orgullo y entusiasmo, compartimos que el d\u00eda de ayer nuestra consejera, la licenciada Luc\u00eda Mello Gonz\u00e1lez recibi\u00f3 por parte de la ANIERM, en el marco de\u00a0\u201cThe Logistics World Summit & Expo 2025\u201d, el evento de log\u00edstica m\u00e1s importante de Latinoam\u00e9rica, su certificado del Diplomado de Comercio Exterior y Operaciones Aduaneras, as\u00ed como su certificaci\u00f3n en el Est\u00e1ndar de Competencias Laborales EC0537, avalada por el CONOCER y la SEP; lo que refleja su compromiso y trayectoria en esta \u00e1rea del Derecho.<\/div><\/li>\n<li><div class=\"wp-block-latest-posts__featured-image alignright\"><a href=\"https:\/\/garbar.info\/en\/daniel-garcia-barragan-lopez-corporate-ma-highly-regarded-mexico-band-4\/\" aria-label=\"Daniel Garc\u00eda Barrag\u00e1n L\u00f3pez Corporate \/ M&amp;A: Highly Regarded \u2013 Mexico, Band 4\"><img loading=\"lazy\" decoding=\"async\" width=\"150\" height=\"150\" src=\"https:\/\/garbar.info\/wp-content\/uploads\/2025\/08\/garbar-dgbl-chambers-corporate-ma-2026-150x150.png\" class=\"attachment-thumbnail size-thumbnail wp-post-image\" alt=\"\" style=\"max-width:113px;max-height:113px;\" srcset=\"https:\/\/garbar.info\/wp-content\/uploads\/2025\/08\/garbar-dgbl-chambers-corporate-ma-2026-150x150.png 150w, https:\/\/garbar.info\/wp-content\/uploads\/2025\/08\/garbar-dgbl-chambers-corporate-ma-2026-700x700.png 700w\" sizes=\"auto, (max-width: 150px) 100vw, 150px\" \/><\/a><\/div><a class=\"wp-block-latest-posts__post-title\" href=\"https:\/\/garbar.info\/en\/daniel-garcia-barragan-lopez-corporate-ma-highly-regarded-mexico-band-4\/\">Daniel Garc\u00eda Barrag\u00e1n L\u00f3pez Corporate \/ M&amp;A: Highly Regarded \u2013 Mexico, Band 4<\/a><div class=\"wp-block-latest-posts__post-author\">by Garc\u00eda Barrag\u00e1n Abogados<\/div><time datetime=\"2025-08-26T09:45:30-06:00\" class=\"wp-block-latest-posts__post-date\">26 de August de 2025<\/time><div class=\"wp-block-latest-posts__post-excerpt\">Con gran orgullo y entusiasmo, compartimos que el d\u00eda de ayer nuestra consejera, la licenciada Luc\u00eda Mello Gonz\u00e1lez recibi\u00f3 por parte de la ANIERM, en el marco de\u00a0\u201cThe Logistics World Summit & Expo 2025\u201d, el evento de log\u00edstica m\u00e1s importante de Latinoam\u00e9rica, su certificado del Diplomado de Comercio Exterior y Operaciones Aduaneras, as\u00ed como su certificaci\u00f3n en el Est\u00e1ndar de Competencias Laborales EC0537, avalada por el CONOCER y la SEP; lo que refleja su compromiso y trayectoria en esta \u00e1rea del Derecho.<\/div><\/li>\n<li><div class=\"wp-block-latest-posts__featured-image alignright\"><a href=\"https:\/\/garbar.info\/en\/daniel-garcia-barragan-lopez-dispute-resolution-civil-commercial-litigation-mexico-band-4\/\" aria-label=\"Daniel Garc\u00eda Barrag\u00e1n L\u00f3pez Dispute Resolution: Civil &amp; Commercial Litigation \u2013 Mexico, Band 4\"><img loading=\"lazy\" decoding=\"async\" width=\"150\" height=\"150\" src=\"https:\/\/garbar.info\/wp-content\/uploads\/2025\/08\/garbar-dgbl-chambers-civil-commercial-2026-150x150.png\" class=\"attachment-thumbnail size-thumbnail wp-post-image\" alt=\"\" style=\"max-width:113px;max-height:113px;\" srcset=\"https:\/\/garbar.info\/wp-content\/uploads\/2025\/08\/garbar-dgbl-chambers-civil-commercial-2026-150x150.png 150w, https:\/\/garbar.info\/wp-content\/uploads\/2025\/08\/garbar-dgbl-chambers-civil-commercial-2026-700x700.png 700w\" sizes=\"auto, (max-width: 150px) 100vw, 150px\" \/><\/a><\/div><a class=\"wp-block-latest-posts__post-title\" href=\"https:\/\/garbar.info\/en\/daniel-garcia-barragan-lopez-dispute-resolution-civil-commercial-litigation-mexico-band-4\/\">Daniel Garc\u00eda Barrag\u00e1n L\u00f3pez Dispute Resolution: Civil &amp; Commercial Litigation \u2013 Mexico, Band 4<\/a><div class=\"wp-block-latest-posts__post-author\">by Garc\u00eda Barrag\u00e1n Abogados<\/div><time datetime=\"2025-08-26T09:39:53-06:00\" class=\"wp-block-latest-posts__post-date\">26 de August de 2025<\/time><div class=\"wp-block-latest-posts__post-excerpt\">Con gran orgullo y entusiasmo, compartimos que el d\u00eda de ayer nuestra consejera, la licenciada Luc\u00eda Mello Gonz\u00e1lez recibi\u00f3 por parte de la ANIERM, en el marco de\u00a0\u201cThe Logistics World Summit & Expo 2025\u201d, el evento de log\u00edstica m\u00e1s importante de Latinoam\u00e9rica, su certificado del Diplomado de Comercio Exterior y Operaciones Aduaneras, as\u00ed como su certificaci\u00f3n en el Est\u00e1ndar de Competencias Laborales EC0537, avalada por el CONOCER y la SEP; lo que refleja su compromiso y trayectoria en esta \u00e1rea del Derecho.<\/div><\/li>\n<\/ul><\/div>\n<\/aside><aside id=\"block-8\" class=\"widget inner-padding widget_block\">\n<div style=\"height:49px\" aria-hidden=\"true\" class=\"wp-block-spacer\"><\/div>\n<\/aside><aside id=\"nav_menu-3\" class=\"widget inner-padding widget_nav_menu\"><div class=\"menu-garbar-menu-container\"><ul id=\"menu-garbar-menu\" class=\"menu\"><li id=\"menu-item-516\" class=\"menu-item menu-item-type-post_type menu-item-object-page menu-item-516\"><a href=\"https:\/\/garbar.info\/en\/acerca-de\/\">About<\/a><\/li>\n<li id=\"menu-item-501\" class=\"menu-item menu-item-type-post_type menu-item-object-page menu-item-501\"><a href=\"https:\/\/garbar.info\/en\/areas-de-practica\/\">Areas of Practice<\/a><\/li>\n<li id=\"menu-item-502\" class=\"menu-item menu-item-type-post_type menu-item-object-page menu-item-502\"><a href=\"https:\/\/garbar.info\/en\/equipo\/\">Team<\/a><\/li>\n<li id=\"menu-item-503\" class=\"menu-item menu-item-type-post_type menu-item-object-page menu-item-503\"><a href=\"https:\/\/garbar.info\/en\/noticias\/\">News<\/a><\/li>\n<li id=\"menu-item-559\" class=\"menu-item menu-item-type-post_type menu-item-object-page menu-item-559\"><a href=\"https:\/\/garbar.info\/en\/contacto\/\">Contact<\/a><\/li>\n<\/ul><\/div><\/aside>\t\t\t\t<\/div>\n\t\t\t\t<\/div>\n\t\t\t\t\t<\/div>\n\t\t<\/div>\n\t\t\t\t\t<\/div>\n\t\t<\/section>\n\t\t\t\t<\/div>","protected":false},"excerpt":{"rendered":"<p>Con gran orgullo y entusiasmo, compartimos que el d\u00eda de ayer nuestra consejera, la licenciada Luc\u00eda Mello Gonz\u00e1lez recibi\u00f3 por parte de la ANIERM, en el marco de\u00a0\u201cThe Logistics World Summit &#038; Expo 2025\u201d, el evento de log\u00edstica m\u00e1s importante de Latinoam\u00e9rica, su certificado del Diplomado de Comercio Exterior y Operaciones Aduaneras, as\u00ed como su certificaci\u00f3n en el Est\u00e1ndar de Competencias Laborales EC0537, avalada por el CONOCER y la SEP; lo que refleja su compromiso y trayectoria en esta \u00e1rea del Derecho.<\/p>","protected":false},"author":1,"featured_media":1410,"comment_status":"open","ping_status":"open","sticky":false,"template":"elementor_header_footer","format":"standard","meta":{"inline_featured_image":false,"footnotes":""},"categories":[75],"tags":[],"class_list":["post-1409","post","type-post","status-publish","format-standard","has-post-thumbnail","hentry","category-telecomunicaciones"],"_links":{"self":[{"href":"https:\/\/garbar.info\/en\/wp-json\/wp\/v2\/posts\/1409","targetHints":{"allow":["GET"]}}],"collection":[{"href":"https:\/\/garbar.info\/en\/wp-json\/wp\/v2\/posts"}],"about":[{"href":"https:\/\/garbar.info\/en\/wp-json\/wp\/v2\/types\/post"}],"author":[{"embeddable":true,"href":"https:\/\/garbar.info\/en\/wp-json\/wp\/v2\/users\/1"}],"replies":[{"embeddable":true,"href":"https:\/\/garbar.info\/en\/wp-json\/wp\/v2\/comments?post=1409"}],"version-history":[{"count":4,"href":"https:\/\/garbar.info\/en\/wp-json\/wp\/v2\/posts\/1409\/revisions"}],"predecessor-version":[{"id":1414,"href":"https:\/\/garbar.info\/en\/wp-json\/wp\/v2\/posts\/1409\/revisions\/1414"}],"wp:featuredmedia":[{"embeddable":true,"href":"https:\/\/garbar.info\/en\/wp-json\/wp\/v2\/media\/1410"}],"wp:attachment":[{"href":"https:\/\/garbar.info\/en\/wp-json\/wp\/v2\/media?parent=1409"}],"wp:term":[{"taxonomy":"category","embeddable":true,"href":"https:\/\/garbar.info\/en\/wp-json\/wp\/v2\/categories?post=1409"},{"taxonomy":"post_tag","embeddable":true,"href":"https:\/\/garbar.info\/en\/wp-json\/wp\/v2\/tags?post=1409"}],"curies":[{"name":"wp","href":"https:\/\/api.w.org\/{rel}","templated":true}]}}