{"id":1071,"date":"2024-10-09T08:07:59","date_gmt":"2024-10-09T14:07:59","guid":{"rendered":"https:\/\/garbar.info\/?p=1071"},"modified":"2024-10-09T08:11:52","modified_gmt":"2024-10-09T14:11:52","slug":"reforma-al-codigo-civil-de-la-ciudad-de-mexico-y-la-ley-del-notariado-para-la-ciudad-de-mexico-en-materia-de-actos-juridicos-digitales","status":"publish","type":"post","link":"https:\/\/garbar.info\/en\/reforma-al-codigo-civil-de-la-ciudad-de-mexico-y-la-ley-del-notariado-para-la-ciudad-de-mexico-en-materia-de-actos-juridicos-digitales\/","title":{"rendered":"Reform to the Civil Code of Mexico City and the Notarial Law for Mexico City in the Matter of Digital Legal Acts"},"content":{"rendered":"<div data-elementor-type=\"wp-post\" data-elementor-id=\"1071\" class=\"elementor elementor-1071\" data-elementor-post-type=\"post\">\n\t\t\t\t\t\t<section class=\"elementor-section elementor-top-section elementor-element elementor-element-8fd0310 elementor-section-boxed elementor-section-height-default elementor-section-height-default\" data-id=\"8fd0310\" data-element_type=\"section\" data-settings=\"{&quot;background_background&quot;:&quot;classic&quot;}\">\n\t\t\t\t\t\t<div class=\"elementor-container elementor-column-gap-default\">\n\t\t\t\t\t<div class=\"elementor-column elementor-col-50 elementor-top-column elementor-element elementor-element-0f328b8\" data-id=\"0f328b8\" data-element_type=\"column\">\n\t\t\t<div class=\"elementor-widget-wrap elementor-element-populated\">\n\t\t\t\t\t\t<div class=\"elementor-element elementor-element-d3842a5 elementor-widget elementor-widget-heading\" data-id=\"d3842a5\" data-element_type=\"widget\" data-widget_type=\"heading.default\">\n\t\t\t\t<div class=\"elementor-widget-container\">\n\t\t\t\t\t<h2 class=\"elementor-heading-title elementor-size-default\">Commercial Law<\/h2>\t\t\t\t<\/div>\n\t\t\t\t<\/div>\n\t\t\t\t<div class=\"elementor-element elementor-element-74ab396 elementor-widget elementor-widget-image\" data-id=\"74ab396\" data-element_type=\"widget\" data-widget_type=\"image.default\">\n\t\t\t\t<div class=\"elementor-widget-container\">\n\t\t\t\t\t\t\t\t\t\t\t\t\t\t\t<img loading=\"lazy\" decoding=\"async\" width=\"900\" height=\"506\" src=\"https:\/\/garbar.info\/wp-content\/uploads\/2024\/10\/Reforma-al-Codigo-Civil-de-la-Ciudad-de-Mexico-y-la-Ley-del-Notariado-para-la-Ciudad-de-Mexico-en-Materia-de-Actos-Juridicos-Digitales-1024x576.jpg\" class=\"attachment-large size-large wp-image-1072\" alt=\"\" srcset=\"https:\/\/garbar.info\/wp-content\/uploads\/2024\/10\/Reforma-al-Codigo-Civil-de-la-Ciudad-de-Mexico-y-la-Ley-del-Notariado-para-la-Ciudad-de-Mexico-en-Materia-de-Actos-Juridicos-Digitales-1024x576.jpg 1024w, https:\/\/garbar.info\/wp-content\/uploads\/2024\/10\/Reforma-al-Codigo-Civil-de-la-Ciudad-de-Mexico-y-la-Ley-del-Notariado-para-la-Ciudad-de-Mexico-en-Materia-de-Actos-Juridicos-Digitales-300x169.jpg 300w, https:\/\/garbar.info\/wp-content\/uploads\/2024\/10\/Reforma-al-Codigo-Civil-de-la-Ciudad-de-Mexico-y-la-Ley-del-Notariado-para-la-Ciudad-de-Mexico-en-Materia-de-Actos-Juridicos-Digitales-768x432.jpg 768w, https:\/\/garbar.info\/wp-content\/uploads\/2024\/10\/Reforma-al-Codigo-Civil-de-la-Ciudad-de-Mexico-y-la-Ley-del-Notariado-para-la-Ciudad-de-Mexico-en-Materia-de-Actos-Juridicos-Digitales-18x10.jpg 18w, https:\/\/garbar.info\/wp-content\/uploads\/2024\/10\/Reforma-al-Codigo-Civil-de-la-Ciudad-de-Mexico-y-la-Ley-del-Notariado-para-la-Ciudad-de-Mexico-en-Materia-de-Actos-Juridicos-Digitales.jpg 1200w\" sizes=\"(max-width: 900px) 100vw, 900px\" \/>\t\t\t\t\t\t\t\t\t\t\t\t\t\t\t<\/div>\n\t\t\t\t<\/div>\n\t\t\t\t<div class=\"elementor-element elementor-element-b85d41d elementor-widget elementor-widget-heading\" data-id=\"b85d41d\" data-element_type=\"widget\" data-widget_type=\"heading.default\">\n\t\t\t\t<div class=\"elementor-widget-container\">\n\t\t\t\t\t<h1 class=\"elementor-heading-title elementor-size-default\">Reform to the Civil Code of Mexico City and the Notarial Law for Mexico City in the Matter of Digital Legal Acts<\/h1>\t\t\t\t<\/div>\n\t\t\t\t<\/div>\n\t\t\t\t<div class=\"elementor-element elementor-element-ee35502 elementor-widget elementor-widget-text-editor\" data-id=\"ee35502\" data-element_type=\"widget\" data-widget_type=\"text-editor.default\">\n\t\t\t\t<div class=\"elementor-widget-container\">\n\t\t\t\t\t\t\t\t\t<article class=\"post-content\"><article class=\"post-content\"><p><span style=\"color: #ffffff;\">La presente nota se refiere a la implementaci\u00f3n de diversas modificaciones legislativas que el Poder Legislativo de la Ciudad de M\u00e9xico ha implementado a partir del creciente desarrollo y aceptaci\u00f3n que los actos jur\u00eddicos que constan en medios digitales han tenido en otras partes del mundo y a partir de la reforma y adicisi\u00f3n de diversos art\u00edculos del C\u00f3digo Civil y la Ley del Notariado, ambos de la Ciudad de M\u00e9xico; complementando as\u00ed la regulaci\u00f3n mercantil en materia de contrataci\u00f3n electr\u00f3nica.\u00a0<\/span><br \/><span style=\"color: #ffffff;\">\u00a0<\/span><br \/><span style=\"color: #ffffff;\">Como consecuencia de lo anterior, en la Gaceta Oficial No. 654 de la Ciudad de M\u00e9xico, publicada el d\u00eda 04 de agosto de 2021 se publicaron cambios legislativos en torno a legados, testamentos, contratos electr\u00f3nicos, constituci\u00f3n de sociedades y asociaciones, as\u00ed como la actuaci\u00f3n notarial digital, mismos que a continuaci\u00f3n se describen:<\/span><br \/><span style=\"color: #ffffff;\">\u00a0<\/span><br \/><span style=\"color: #ffffff;\"><strong>Legados<\/strong><\/span><br \/><span style=\"color: #ffffff;\">\u00a0<\/span><br \/><span style=\"color: #ffffff;\">\u2022 Se contempla que pueden legarse bienes o derechos digitales.<\/span><br \/><span style=\"color: #ffffff;\">\u2022 Se establece que los bienes o derechos digitales, entre otros, son:<\/span><br \/><span style=\"color: #ffffff;\">&#8211; Cuentas de correo electr\u00f3nico, direcciones electr\u00f3nicas de internet, archivos electr\u00f3nicos, sitios y dominios; y<\/span><br \/><span style=\"color: #ffffff;\">&#8211; Claves y contrase\u00f1as de acceso a cuentas bancarias, de valores o de aplicaciones de tecnolog\u00eda financiera.<\/span><br \/><span style=\"color: #ffffff;\">\u2022 En caso de actuaci\u00f3n digital notarial, el notario resguardar\u00e1 los datos de acceso a las cuentas digitales del de cujus en el ap\u00e9ndice del instrumento o en el sistema de almacenamiento permanente.<\/span><br \/><span style=\"color: #ffffff;\">\u2022 En caso de que no exista disposici\u00f3n testamentaria, se eliminar\u00e1 la informaci\u00f3n personal contenida en registros electr\u00f3nicos, por el albacea o ejecutor especial, a fin de salvaguardar el derecho al olvido del de cujus.<\/span><br \/><span style=\"color: #ffffff;\">\u00a0<\/span><br \/><span style=\"color: #ffffff;\"><strong>Testamentos<\/strong><\/span><br \/><span style=\"color: #ffffff;\">\u00a0<\/span><br \/><span style=\"color: #ffffff;\">\u2022 El Testamento P\u00fablico Abierto podr\u00e1 otorgarse digitalmente ante notario, salvo que el testador presente mudez, sordera, sordomudez o ceguera.<\/span><br \/><span style=\"color: #ffffff;\">\u2022 El testador podr\u00e1 firmar el testamiento mediante su Firma Electr\u00f3nica Avanzada, quedando registrada la fecha y hora del mismo con aquella que aparezca estampada a partir del uso de dicha Firma Electr\u00f3nica Avanzada.<\/span><br \/><span style=\"color: #ffffff;\">\u2022 Para que se permita otorgar testamento ante notario mediante dispositivo electr\u00f3nico, ser\u00e1 necesario que el notario pueda halar con el testador de manera directa, simult\u00e1nea y en tiempo real durante el otorgamiento.<\/span><br \/><span style=\"color: #ffffff;\">\u2022 En este sentido, la posibilidad del testamento electr\u00f3nica est\u00e1 reservado para aquellas personas que se encuentren en cualquiera de los siguentes supuestos:<\/span><br \/><span style=\"color: #ffffff;\">\u00a0<\/span><br \/><span style=\"color: #ffffff;\">a) Ante un peligro inminente de muerte;<\/span><br \/><span style=\"color: #ffffff;\">b) Sufra al momento de una enfermedad grave o contagiosa;<\/span><br \/><span style=\"color: #ffffff;\">c) Haya sufrido lesionas que pongan en riesgo su vida; o<\/span><br \/><span style=\"color: #ffffff;\">d) Se encuentre en un lugar al que, por una situaci\u00f3n excepcional, no se pueda acceder en persona.<\/span><br \/><span style=\"color: #ffffff;\">\u00a0<\/span><br \/><span style=\"color: #ffffff;\"><strong>Contrataci\u00f3n<\/strong><\/span><br \/><span style=\"color: #ffffff;\">\u00a0<\/span><br \/><span style=\"color: #ffffff;\">\u2022 Al hacer uso de medios tecnol\u00f3gicos que permitan oferta y aceptaci\u00f3n inmediata, el autor de la oferta queda desligado si no hay aceptaci\u00f3n en el mismo acto y siempre que no se haya dado plazo para expresar la aceptaci\u00f3n o rechazo.<\/span><br \/><span style=\"color: #ffffff;\">\u2022 No es necesario estipular previamente la oferta y aceptaci\u00f3n electr\u00f3nica para que produzcan efectos.<\/span><br \/><span style=\"color: #ffffff;\">\u2022 Se admite expresamente el uso de Firma Electr\u00f3nica Avanzada o Firma Electr\u00f3nica de la Ciudad de M\u00e9xico para contratos que exijan la forma escrita.<\/span><br \/><span style=\"color: #ffffff;\">\u2022 Se prev\u00e9 el uso del protocolo digital notarial para contratos que deban otorgarse ante notario p\u00fablico.\u00a0<\/span><br \/><span style=\"color: #ffffff;\">\u00a0<\/span><br \/><span style=\"color: #ffffff;\"><strong>Sociedades Civiles y Asociaciones\u00a0<\/strong><\/span><br \/><span style=\"color: #ffffff;\">\u00a0<\/span><br \/><span style=\"color: #ffffff;\">\u2022 Podr\u00e1n celebrarse asambleas por videoconferencia en tiempo real, siempre que la convocatoria correspondiente indique el medio electr\u00f3nico a utilizarse, correo electr\u00f3nico, n\u00famero de reuni\u00f3n y contrase\u00f1a.<\/span><br \/><span style=\"color: #ffffff;\">\u2022 El \u00f3rgano de administraci\u00f3n grabar\u00e1 y conservar\u00e1 una copia de la asamblea.<\/span><br \/><span style=\"color: #ffffff;\">\u2022 La asamblea se podr\u00e1 asentar en documento electr\u00f3nico con la Firma Electr\u00f3nica Avanzada del Presidente y el Secretario de la Sociedad o Asociaci\u00f3n.<\/span><br \/><span style=\"color: #ffffff;\">\u2022 Las resoluciones fuera de asamblea que sean aprobadas por unanimidad y confirmadas por escrito electr\u00f3nico con la Firma Electr\u00f3nica Avanzada de la totalidad de los socios ser\u00e1n v\u00e1lidas.<\/span><br \/><span style=\"color: #ffffff;\">\u00a0<\/span><br \/><span style=\"color: #ffffff;\"><strong>Ley del Notariado para la Ciudad de M\u00e9xico.<\/strong><\/span><br \/><span style=\"color: #ffffff;\">\u00a0<\/span><br \/><span style=\"color: #ffffff;\">\u2022 La actuaci\u00f3n notarial por medios electr\u00f3nicos y la actuaci\u00f3n en papel, tienen valor equivalente. En caso de \u00a0discrepancia entre actos f\u00edsicos y electr\u00f3nicos se da preferencia al documento f\u00edsico.<\/span><br \/><span style=\"color: #ffffff;\">\u2022 Se prev\u00e9 un Ap\u00e9ndice del Instrumento Electr\u00f3nico en que se archivar\u00e1n los documentos y elementos relacionados con la escritura o acta correspondiente.<\/span><br \/><span style=\"color: #ffffff;\">\u2022 Se prev\u00e9 el uso de la Firma Electr\u00f3nica Notarial como aquella empleada por el Notario a trav\u00e9s del Sistema Inform\u00e1tico.<\/span><br \/><span style=\"color: #ffffff;\">\u2022 Se prev\u00e9 la creaci\u00f3n de un \u00cdndice Electr\u00f3nico en que se capturan, en cada notar\u00eda, los instrumentos asentados en el protocolo ordinario, digital y el Libro de Registro de Cotejos.<\/span><br \/><span style=\"color: #ffffff;\">&#8211; El Libro de Registro de Cotejos es el conjunto de folios encuadernados con los registros de los cotejos de documentos.<\/span><br \/><span style=\"color: #ffffff;\">\u2022 Se fija la existencia de la Matricidad Electr\u00f3nica, constituida por todos los instrumentos electr\u00f3nicos firmados por cada notario.<\/span><br \/><span style=\"color: #ffffff;\">\u2022 Se define al Sistema Inform\u00e1tico como la plataforma tecnol\u00f3gica e inform\u00e1tica del Notariado, administrada por el Colegio, conformado a su vez, por la Red Integral Notarial por la que se permite la interconexi\u00f3n de autoridades para ejercer sus facultades correspondientes.\u00a0<\/span><br \/><span style=\"color: #ffffff;\">\u2022 Se obliga a los Notarios a que los instrumentos y ap\u00e9ndices que integren el protocolo ordinario tambi\u00e9n consten en el Archivo Electr\u00f3nico o cualquier otra tecnolog\u00eda autorizada.<\/span><br \/><span style=\"color: #ffffff;\">\u2022 Se obliga a los Notarios a elaborar un \u00cdndice Electr\u00f3nico de todos los instrumentos autorizados o con la raz\u00f3n de \u201cNo pas\u00f3\u201d.<\/span><br \/><span style=\"color: #ffffff;\">\u2022 Entiende a la Actuaci\u00f3n Digital Notarial como la realizada por el Notario en el entorno digital cerrado y centralizado del Sistema Inform\u00e1tico y a trav\u00e9s de la Red Integral Notaria.\u00a0<\/span><br \/><span style=\"color: #ffffff;\">\u2022 Define al Protocolo Digital como la matriz en soporte electr\u00f3nico donde el Notario aloja y autoriza las escrituras y actas, con sus respectivos ap\u00e9ndices e \u00edndices.<\/span><br \/><span style=\"color: #ffffff;\">\u2022 El instrumento electr\u00f3nico autorizado por el Notario, a trav\u00e9s de la Firma Electr\u00f3nica Notarial, goza de fe p\u00fablica y se presume aut\u00e9ntico.<\/span><br \/><span style=\"color: #ffffff;\">\u2022 Se concede a los Notarios la facultad de expedir en soporte papel, testimonios, certificaciones y copias certificadas firmadas electr\u00f3nicamente, firmando el mensaje de datos que contenga la reproducci\u00f3n del Archivo Electr\u00f3nico con su Firma Electr\u00f3nica Notarial.<\/span><br \/><span style=\"color: #ffffff;\">\u2022 Define a la Copia Certificada Electr\u00f3nica como la reproducci\u00f3n, total o parcial, de una escritura o acta, con o sin sus documentos del ap\u00e9ndice, que el Notario expide \u00fanicamente en soporte electr\u00f3nico y que autoriza mediante el uso de su Firma Electr\u00f3nica Notarial; copia dotada de validez jur\u00eddica, considerada equivalente a los testimonios.<\/span><br \/><span style=\"color: #ffffff;\">\u00a0<\/span><br \/><span style=\"color: #ffffff;\">La reforma y adiciones a la Ley del Notariado de la Ciudad de M\u00e9xico entrar\u00e1n en vigor a los dos a\u00f1os a partir de la fecha de la publicaci\u00f3n, es decir, a partir del 4 de agosto del 2023.<\/span><br \/><span style=\"color: #ffffff;\">\u00a0<\/span><br \/><span style=\"color: #ffffff;\">En Garc\u00eda Barrag\u00e1n Abogados contamos con un equipo especializado en materia de derecho societario y contrataci\u00f3n electr\u00f3nica para atender cualquier duda que puedan tener en relaci\u00f3n a la presente.<\/span><br \/><span style=\"color: #ffffff;\">\u00a0<\/span><br \/><span style=\"color: #ffffff;\">Lic. Manuel Garc\u00eda Barrag\u00e1n M.<\/span><br \/><span style=\"color: #ffffff;\">mgb@garbar.mx<\/span><br \/><br \/><span style=\"color: #ffffff;\">Lic. Daniel Garc\u00eda Barrag\u00e1n L.<\/span><br \/><span style=\"color: #ffffff;\">danielgb@garbar.mx<\/span><br \/><br \/><span style=\"color: #ffffff;\">Lic. Daniel Ordu\u00f1a Montekio<\/span><br \/><span style=\"color: #ffffff;\">dorduna@garbar.mx<\/span><br \/><br \/><span style=\"color: #ffffff;\">Lic. Sa\u00fal Navarro Ruiz<\/span><br \/><span style=\"color: #ffffff;\">snavarro@garbar.mx<\/span><\/p><\/article><\/article>\t\t\t\t\t\t\t\t<\/div>\n\t\t\t\t<\/div>\n\t\t\t\t\t<\/div>\n\t\t<\/div>\n\t\t\t\t<div class=\"elementor-column elementor-col-50 elementor-top-column elementor-element elementor-element-4b1b38c\" data-id=\"4b1b38c\" data-element_type=\"column\">\n\t\t\t<div class=\"elementor-widget-wrap elementor-element-populated\">\n\t\t\t\t\t\t<div class=\"elementor-element elementor-element-51f16d6 elementor-widget elementor-widget-spacer\" data-id=\"51f16d6\" data-element_type=\"widget\" data-widget_type=\"spacer.default\">\n\t\t\t\t<div class=\"elementor-widget-container\">\n\t\t\t\t\t\t\t<div class=\"elementor-spacer\">\n\t\t\t<div class=\"elementor-spacer-inner\"><\/div>\n\t\t<\/div>\n\t\t\t\t\t\t<\/div>\n\t\t\t\t<\/div>\n\t\t\t\t<div class=\"elementor-element elementor-element-05cf4ec elementor-widget elementor-widget-sidebar\" data-id=\"05cf4ec\" data-element_type=\"widget\" data-widget_type=\"sidebar.default\">\n\t\t\t\t<div class=\"elementor-widget-container\">\n\t\t\t\t\t<aside id=\"block-3\" class=\"widget inner-padding widget_block\">\n<div class=\"wp-block-group is-layout-constrained wp-block-group-is-layout-constrained\"><ul style=\"font-size:13px;\" class=\"wp-block-latest-posts__list has-dates has-author wp-block-latest-posts\"><li><div class=\"wp-block-latest-posts__featured-image alignright\"><a href=\"https:\/\/garbar.info\/en\/chambers-and-partners-2026-ha-reconocido-a-nuestro-socio-daniel-garcia-barragan-l\/\" aria-label=\"Chambers and Partners 2026 ha reconocido a nuestro socio Daniel Garc\u00eda Barrag\u00e1n L.\"><img loading=\"lazy\" decoding=\"async\" width=\"150\" height=\"150\" src=\"https:\/\/garbar.info\/wp-content\/uploads\/2026\/02\/garbar-dgbl-chambers-2026-all-150x150.jpg\" class=\"attachment-thumbnail size-thumbnail wp-post-image\" alt=\"\" style=\"max-width:113px;max-height:113px;\" srcset=\"https:\/\/garbar.info\/wp-content\/uploads\/2026\/02\/garbar-dgbl-chambers-2026-all-150x150.jpg 150w, https:\/\/garbar.info\/wp-content\/uploads\/2026\/02\/garbar-dgbl-chambers-2026-all-700x700.jpg 700w\" sizes=\"(max-width: 150px) 100vw, 150px\" \/><\/a><\/div><a class=\"wp-block-latest-posts__post-title\" href=\"https:\/\/garbar.info\/en\/chambers-and-partners-2026-ha-reconocido-a-nuestro-socio-daniel-garcia-barragan-l\/\">Chambers and Partners 2026 ha reconocido a nuestro socio Daniel Garc\u00eda Barrag\u00e1n L.<\/a><div class=\"wp-block-latest-posts__post-author\">by Garc\u00eda Barrag\u00e1n Abogados<\/div><time datetime=\"2026-02-18T12:45:12-06:00\" class=\"wp-block-latest-posts__post-date\">18 de February de 2026<\/time><div class=\"wp-block-latest-posts__post-excerpt\">Con gran orgullo y entusiasmo, compartimos que el d\u00eda de ayer nuestra consejera, la licenciada Luc\u00eda Mello Gonz\u00e1lez recibi\u00f3 por parte de la ANIERM, en el marco de\u00a0\u201cThe Logistics World Summit & Expo 2025\u201d, el evento de log\u00edstica m\u00e1s importante de Latinoam\u00e9rica, su certificado del Diplomado de Comercio Exterior y Operaciones Aduaneras, as\u00ed como su certificaci\u00f3n en el Est\u00e1ndar de Competencias Laborales EC0537, avalada por el CONOCER y la SEP; lo que refleja su compromiso y trayectoria en esta \u00e1rea del Derecho.<\/div><\/li>\n<li><div class=\"wp-block-latest-posts__featured-image alignright\"><a href=\"https:\/\/garbar.info\/en\/analisis-al-decreto-por-el-que-se-reforman-y-adicionan-disposiciones-a-la-ley-de-amparo\/\" aria-label=\"\u00a0An\u00e1lisis al Decreto por el que se reforman y adicionan disposiciones a la Ley de Amparo\"><img loading=\"lazy\" decoding=\"async\" width=\"150\" height=\"150\" src=\"https:\/\/garbar.info\/wp-content\/uploads\/2025\/11\/garbar.2025.analisis.ley_.amparo.news_-150x150.jpg\" class=\"attachment-thumbnail size-thumbnail wp-post-image\" alt=\"\" style=\"max-width:113px;max-height:113px;\" srcset=\"https:\/\/garbar.info\/wp-content\/uploads\/2025\/11\/garbar.2025.analisis.ley_.amparo.news_-150x150.jpg 150w, https:\/\/garbar.info\/wp-content\/uploads\/2025\/11\/garbar.2025.analisis.ley_.amparo.news_-700x700.jpg 700w\" sizes=\"(max-width: 150px) 100vw, 150px\" \/><\/a><\/div><a class=\"wp-block-latest-posts__post-title\" href=\"https:\/\/garbar.info\/en\/analisis-al-decreto-por-el-que-se-reforman-y-adicionan-disposiciones-a-la-ley-de-amparo\/\">\u00a0An\u00e1lisis al Decreto por el que se reforman y adicionan disposiciones a la Ley de Amparo<\/a><div class=\"wp-block-latest-posts__post-author\">by Garc\u00eda Barrag\u00e1n Abogados<\/div><time datetime=\"2025-11-05T11:47:30-06:00\" class=\"wp-block-latest-posts__post-date\">5 de November de 2025<\/time><div class=\"wp-block-latest-posts__post-excerpt\">Con gran orgullo y entusiasmo, compartimos que el d\u00eda de ayer nuestra consejera, la licenciada Luc\u00eda Mello Gonz\u00e1lez recibi\u00f3 por parte de la ANIERM, en el marco de\u00a0\u201cThe Logistics World Summit & Expo 2025\u201d, el evento de log\u00edstica m\u00e1s importante de Latinoam\u00e9rica, su certificado del Diplomado de Comercio Exterior y Operaciones Aduaneras, as\u00ed como su certificaci\u00f3n en el Est\u00e1ndar de Competencias Laborales EC0537, avalada por el CONOCER y la SEP; lo que refleja su compromiso y trayectoria en esta \u00e1rea del Derecho.<\/div><\/li>\n<li><div class=\"wp-block-latest-posts__featured-image alignright\"><a href=\"https:\/\/garbar.info\/en\/compartimos-el-reconocimiento-de-nuestro-socio-daniel-garcia-barragan-lopez-como-socio-de-proxima-generacion-en-el-ranking-de-legal-500-2026-para-mexico\/\" aria-label=\"Compartimos el reconocimiento de nuestro socio Daniel Garc\u00eda Barrag\u00e1n L\u00f3pez como Socio de Pr\u00f3xima Generaci\u00f3n, en el ranking de Legal 500 2026 para M\u00e9xico\"><img loading=\"lazy\" decoding=\"async\" width=\"150\" height=\"150\" src=\"https:\/\/garbar.info\/wp-content\/uploads\/2025\/10\/garbar.web_.dgbl_.2025-150x150.jpg\" class=\"attachment-thumbnail size-thumbnail wp-post-image\" alt=\"\" style=\"max-width:113px;max-height:113px;\" srcset=\"https:\/\/garbar.info\/wp-content\/uploads\/2025\/10\/garbar.web_.dgbl_.2025-150x150.jpg 150w, https:\/\/garbar.info\/wp-content\/uploads\/2025\/10\/garbar.web_.dgbl_.2025-700x700.jpg 700w\" sizes=\"(max-width: 150px) 100vw, 150px\" \/><\/a><\/div><a class=\"wp-block-latest-posts__post-title\" href=\"https:\/\/garbar.info\/en\/compartimos-el-reconocimiento-de-nuestro-socio-daniel-garcia-barragan-lopez-como-socio-de-proxima-generacion-en-el-ranking-de-legal-500-2026-para-mexico\/\">Compartimos el reconocimiento de nuestro socio Daniel Garc\u00eda Barrag\u00e1n L\u00f3pez como Socio de Pr\u00f3xima Generaci\u00f3n, en el ranking de Legal 500 2026 para M\u00e9xico<\/a><div class=\"wp-block-latest-posts__post-author\">by Garc\u00eda Barrag\u00e1n Abogados<\/div><time datetime=\"2025-10-27T13:06:22-06:00\" class=\"wp-block-latest-posts__post-date\">27 de October de 2025<\/time><div class=\"wp-block-latest-posts__post-excerpt\">Con gran orgullo y entusiasmo, compartimos que el d\u00eda de ayer nuestra consejera, la licenciada Luc\u00eda Mello Gonz\u00e1lez recibi\u00f3 por parte de la ANIERM, en el marco de\u00a0\u201cThe Logistics World Summit & Expo 2025\u201d, el evento de log\u00edstica m\u00e1s importante de Latinoam\u00e9rica, su certificado del Diplomado de Comercio Exterior y Operaciones Aduaneras, as\u00ed como su certificaci\u00f3n en el Est\u00e1ndar de Competencias Laborales EC0537, avalada por el CONOCER y la SEP; lo que refleja su compromiso y trayectoria en esta \u00e1rea del Derecho.<\/div><\/li>\n<li><div class=\"wp-block-latest-posts__featured-image alignright\"><a href=\"https:\/\/garbar.info\/en\/compartimos-el-reconocimiento-de-nuestro-socio-fundador-manuel-garcia-barragan-martinez-como-abogado-recomendado-en-el-ranking-de-the-legal-500-2026-para-mexico\/\" aria-label=\"Compartimos el reconocimiento de nuestro socio fundador Manuel Garc\u00eda Barrag\u00e1n Mart\u00ednez como Abogado Recomendado, en el ranking de The Legal 500 2026 para M\u00e9xico\"><img loading=\"lazy\" decoding=\"async\" width=\"150\" height=\"150\" src=\"https:\/\/garbar.info\/wp-content\/uploads\/2025\/10\/garbar.web_.mgbm_.2025-150x150.jpg\" class=\"attachment-thumbnail size-thumbnail wp-post-image\" alt=\"\" style=\"max-width:113px;max-height:113px;\" srcset=\"https:\/\/garbar.info\/wp-content\/uploads\/2025\/10\/garbar.web_.mgbm_.2025-150x150.jpg 150w, https:\/\/garbar.info\/wp-content\/uploads\/2025\/10\/garbar.web_.mgbm_.2025-700x700.jpg 700w\" sizes=\"auto, (max-width: 150px) 100vw, 150px\" \/><\/a><\/div><a class=\"wp-block-latest-posts__post-title\" href=\"https:\/\/garbar.info\/en\/compartimos-el-reconocimiento-de-nuestro-socio-fundador-manuel-garcia-barragan-martinez-como-abogado-recomendado-en-el-ranking-de-the-legal-500-2026-para-mexico\/\">Compartimos el reconocimiento de nuestro socio fundador Manuel Garc\u00eda Barrag\u00e1n Mart\u00ednez como Abogado Recomendado, en el ranking de The Legal 500 2026 para M\u00e9xico<\/a><div class=\"wp-block-latest-posts__post-author\">by Garc\u00eda Barrag\u00e1n Abogados<\/div><time datetime=\"2025-10-27T13:03:40-06:00\" class=\"wp-block-latest-posts__post-date\">27 de October de 2025<\/time><div class=\"wp-block-latest-posts__post-excerpt\">Con gran orgullo y entusiasmo, compartimos que el d\u00eda de ayer nuestra consejera, la licenciada Luc\u00eda Mello Gonz\u00e1lez recibi\u00f3 por parte de la ANIERM, en el marco de\u00a0\u201cThe Logistics World Summit & Expo 2025\u201d, el evento de log\u00edstica m\u00e1s importante de Latinoam\u00e9rica, su certificado del Diplomado de Comercio Exterior y Operaciones Aduaneras, as\u00ed como su certificaci\u00f3n en el Est\u00e1ndar de Competencias Laborales EC0537, avalada por el CONOCER y la SEP; lo que refleja su compromiso y trayectoria en esta \u00e1rea del Derecho.<\/div><\/li>\n<li><div class=\"wp-block-latest-posts__featured-image alignright\"><a href=\"https:\/\/garbar.info\/en\/garcia-barragan-abogados-s-c-ha-sido-reconocido-por-legal-500-como-firma-recomendada-y-destacada-en-el-area-de-practica-de-resolucion-de-disputas-arbitraje-en-el-ranking-de-2026-para-mexico\/\" aria-label=\"Garc\u00eda Barrag\u00e1n Abogados, S.C., ha sido reconocido por Legal 500 como Firma recomendada y destacada en el \u00e1rea de pr\u00e1ctica de Resoluci\u00f3n de Disputas: Arbitraje en el ranking de 2026 para M\u00e9xico\"><img loading=\"lazy\" decoding=\"async\" width=\"150\" height=\"150\" src=\"https:\/\/garbar.info\/wp-content\/uploads\/2025\/10\/garbar.web_.gba_.2025-150x150.jpg\" class=\"attachment-thumbnail size-thumbnail wp-post-image\" alt=\"\" style=\"max-width:113px;max-height:113px;\" srcset=\"https:\/\/garbar.info\/wp-content\/uploads\/2025\/10\/garbar.web_.gba_.2025-150x150.jpg 150w, https:\/\/garbar.info\/wp-content\/uploads\/2025\/10\/garbar.web_.gba_.2025-700x700.jpg 700w\" sizes=\"auto, (max-width: 150px) 100vw, 150px\" \/><\/a><\/div><a class=\"wp-block-latest-posts__post-title\" href=\"https:\/\/garbar.info\/en\/garcia-barragan-abogados-s-c-ha-sido-reconocido-por-legal-500-como-firma-recomendada-y-destacada-en-el-area-de-practica-de-resolucion-de-disputas-arbitraje-en-el-ranking-de-2026-para-mexico\/\">Garc\u00eda Barrag\u00e1n Abogados, S.C., ha sido reconocido por Legal 500 como Firma recomendada y destacada en el \u00e1rea de pr\u00e1ctica de Resoluci\u00f3n de Disputas: Arbitraje en el ranking de 2026 para M\u00e9xico<\/a><div class=\"wp-block-latest-posts__post-author\">by Garc\u00eda Barrag\u00e1n Abogados<\/div><time datetime=\"2025-10-27T12:51:54-06:00\" class=\"wp-block-latest-posts__post-date\">27 de October de 2025<\/time><div class=\"wp-block-latest-posts__post-excerpt\">Con gran orgullo y entusiasmo, compartimos que el d\u00eda de ayer nuestra consejera, la licenciada Luc\u00eda Mello Gonz\u00e1lez recibi\u00f3 por parte de la ANIERM, en el marco de\u00a0\u201cThe Logistics World Summit & Expo 2025\u201d, el evento de log\u00edstica m\u00e1s importante de Latinoam\u00e9rica, su certificado del Diplomado de Comercio Exterior y Operaciones Aduaneras, as\u00ed como su certificaci\u00f3n en el Est\u00e1ndar de Competencias Laborales EC0537, avalada por el CONOCER y la SEP; lo que refleja su compromiso y trayectoria en esta \u00e1rea del Derecho.<\/div><\/li>\n<li><div class=\"wp-block-latest-posts__featured-image alignright\"><a href=\"https:\/\/garbar.info\/en\/proyecto-de-reforma-a-la-ley-de-amparo\/\" aria-label=\"Amparo Law Reform Initiative\"><img loading=\"lazy\" decoding=\"async\" width=\"150\" height=\"150\" src=\"https:\/\/garbar.info\/wp-content\/uploads\/2025\/09\/garbar.2025.proyecto.de_.reforma.a.la_.ley_.de_.amparo.news_-150x150.jpg\" class=\"attachment-thumbnail size-thumbnail wp-post-image\" alt=\"\" style=\"max-width:113px;max-height:113px;\" srcset=\"https:\/\/garbar.info\/wp-content\/uploads\/2025\/09\/garbar.2025.proyecto.de_.reforma.a.la_.ley_.de_.amparo.news_-150x150.jpg 150w, https:\/\/garbar.info\/wp-content\/uploads\/2025\/09\/garbar.2025.proyecto.de_.reforma.a.la_.ley_.de_.amparo.news_-700x700.jpg 700w\" sizes=\"auto, (max-width: 150px) 100vw, 150px\" \/><\/a><\/div><a class=\"wp-block-latest-posts__post-title\" href=\"https:\/\/garbar.info\/en\/proyecto-de-reforma-a-la-ley-de-amparo\/\">Amparo Law Reform Initiative<\/a><div class=\"wp-block-latest-posts__post-author\">by Garc\u00eda Barrag\u00e1n Abogados<\/div><time datetime=\"2025-09-23T17:09:48-06:00\" class=\"wp-block-latest-posts__post-date\">23 de September de 2025<\/time><div class=\"wp-block-latest-posts__post-excerpt\">Con gran orgullo y entusiasmo, compartimos que el d\u00eda de ayer nuestra consejera, la licenciada Luc\u00eda Mello Gonz\u00e1lez recibi\u00f3 por parte de la ANIERM, en el marco de\u00a0\u201cThe Logistics World Summit & Expo 2025\u201d, el evento de log\u00edstica m\u00e1s importante de Latinoam\u00e9rica, su certificado del Diplomado de Comercio Exterior y Operaciones Aduaneras, as\u00ed como su certificaci\u00f3n en el Est\u00e1ndar de Competencias Laborales EC0537, avalada por el CONOCER y la SEP; lo que refleja su compromiso y trayectoria en esta \u00e1rea del Derecho.<\/div><\/li>\n<li><div class=\"wp-block-latest-posts__featured-image alignright\"><a href=\"https:\/\/garbar.info\/en\/adriana-lopez-gonzalez-latin-america-guide-en-arbitration-mexico-band-4\/\" aria-label=\"Adriana L\u00f3pez Gonz\u00e1lez Latin America Guide\u00a0en\u00a0Arbitration \u2013 Mexico, Band 4\"><img loading=\"lazy\" decoding=\"async\" width=\"150\" height=\"150\" src=\"https:\/\/garbar.info\/wp-content\/uploads\/2025\/08\/garbar-alg-chambers-intellectual-property-2026-150x150.png\" class=\"attachment-thumbnail size-thumbnail wp-post-image\" alt=\"\" style=\"max-width:113px;max-height:113px;\" srcset=\"https:\/\/garbar.info\/wp-content\/uploads\/2025\/08\/garbar-alg-chambers-intellectual-property-2026-150x150.png 150w, https:\/\/garbar.info\/wp-content\/uploads\/2025\/08\/garbar-alg-chambers-intellectual-property-2026-700x700.png 700w\" sizes=\"auto, (max-width: 150px) 100vw, 150px\" \/><\/a><\/div><a class=\"wp-block-latest-posts__post-title\" href=\"https:\/\/garbar.info\/en\/adriana-lopez-gonzalez-latin-america-guide-en-arbitration-mexico-band-4\/\">Adriana L\u00f3pez Gonz\u00e1lez Latin America Guide\u00a0en\u00a0Arbitration \u2013 Mexico, Band 4<\/a><div class=\"wp-block-latest-posts__post-author\">by Garc\u00eda Barrag\u00e1n Abogados<\/div><time datetime=\"2025-08-26T09:57:03-06:00\" class=\"wp-block-latest-posts__post-date\">26 de August de 2025<\/time><div class=\"wp-block-latest-posts__post-excerpt\">Con gran orgullo y entusiasmo, compartimos que el d\u00eda de ayer nuestra consejera, la licenciada Luc\u00eda Mello Gonz\u00e1lez recibi\u00f3 por parte de la ANIERM, en el marco de\u00a0\u201cThe Logistics World Summit & Expo 2025\u201d, el evento de log\u00edstica m\u00e1s importante de Latinoam\u00e9rica, su certificado del Diplomado de Comercio Exterior y Operaciones Aduaneras, as\u00ed como su certificaci\u00f3n en el Est\u00e1ndar de Competencias Laborales EC0537, avalada por el CONOCER y la SEP; lo que refleja su compromiso y trayectoria en esta \u00e1rea del Derecho.<\/div><\/li>\n<li><div class=\"wp-block-latest-posts__featured-image alignright\"><a href=\"https:\/\/garbar.info\/en\/daniel-garcia-barragan-lopez-corporate-ma-highly-regarded-mexico-band-4\/\" aria-label=\"Daniel Garc\u00eda Barrag\u00e1n L\u00f3pez Corporate \/ M&amp;A: Highly Regarded \u2013 Mexico, Band 4\"><img loading=\"lazy\" decoding=\"async\" width=\"150\" height=\"150\" src=\"https:\/\/garbar.info\/wp-content\/uploads\/2025\/08\/garbar-dgbl-chambers-corporate-ma-2026-150x150.png\" class=\"attachment-thumbnail size-thumbnail wp-post-image\" alt=\"\" style=\"max-width:113px;max-height:113px;\" srcset=\"https:\/\/garbar.info\/wp-content\/uploads\/2025\/08\/garbar-dgbl-chambers-corporate-ma-2026-150x150.png 150w, https:\/\/garbar.info\/wp-content\/uploads\/2025\/08\/garbar-dgbl-chambers-corporate-ma-2026-700x700.png 700w\" sizes=\"auto, (max-width: 150px) 100vw, 150px\" \/><\/a><\/div><a class=\"wp-block-latest-posts__post-title\" href=\"https:\/\/garbar.info\/en\/daniel-garcia-barragan-lopez-corporate-ma-highly-regarded-mexico-band-4\/\">Daniel Garc\u00eda Barrag\u00e1n L\u00f3pez Corporate \/ M&amp;A: Highly Regarded \u2013 Mexico, Band 4<\/a><div class=\"wp-block-latest-posts__post-author\">by Garc\u00eda Barrag\u00e1n Abogados<\/div><time datetime=\"2025-08-26T09:45:30-06:00\" class=\"wp-block-latest-posts__post-date\">26 de August de 2025<\/time><div class=\"wp-block-latest-posts__post-excerpt\">Con gran orgullo y entusiasmo, compartimos que el d\u00eda de ayer nuestra consejera, la licenciada Luc\u00eda Mello Gonz\u00e1lez recibi\u00f3 por parte de la ANIERM, en el marco de\u00a0\u201cThe Logistics World Summit & Expo 2025\u201d, el evento de log\u00edstica m\u00e1s importante de Latinoam\u00e9rica, su certificado del Diplomado de Comercio Exterior y Operaciones Aduaneras, as\u00ed como su certificaci\u00f3n en el Est\u00e1ndar de Competencias Laborales EC0537, avalada por el CONOCER y la SEP; lo que refleja su compromiso y trayectoria en esta \u00e1rea del Derecho.<\/div><\/li>\n<li><div class=\"wp-block-latest-posts__featured-image alignright\"><a href=\"https:\/\/garbar.info\/en\/daniel-garcia-barragan-lopez-dispute-resolution-civil-commercial-litigation-mexico-band-4\/\" aria-label=\"Daniel Garc\u00eda Barrag\u00e1n L\u00f3pez Dispute Resolution: Civil &amp; Commercial Litigation \u2013 Mexico, Band 4\"><img loading=\"lazy\" decoding=\"async\" width=\"150\" height=\"150\" src=\"https:\/\/garbar.info\/wp-content\/uploads\/2025\/08\/garbar-dgbl-chambers-civil-commercial-2026-150x150.png\" class=\"attachment-thumbnail size-thumbnail wp-post-image\" alt=\"\" style=\"max-width:113px;max-height:113px;\" srcset=\"https:\/\/garbar.info\/wp-content\/uploads\/2025\/08\/garbar-dgbl-chambers-civil-commercial-2026-150x150.png 150w, https:\/\/garbar.info\/wp-content\/uploads\/2025\/08\/garbar-dgbl-chambers-civil-commercial-2026-700x700.png 700w\" sizes=\"auto, (max-width: 150px) 100vw, 150px\" \/><\/a><\/div><a class=\"wp-block-latest-posts__post-title\" href=\"https:\/\/garbar.info\/en\/daniel-garcia-barragan-lopez-dispute-resolution-civil-commercial-litigation-mexico-band-4\/\">Daniel Garc\u00eda Barrag\u00e1n L\u00f3pez Dispute Resolution: Civil &amp; Commercial Litigation \u2013 Mexico, Band 4<\/a><div class=\"wp-block-latest-posts__post-author\">by Garc\u00eda Barrag\u00e1n Abogados<\/div><time datetime=\"2025-08-26T09:39:53-06:00\" class=\"wp-block-latest-posts__post-date\">26 de August de 2025<\/time><div class=\"wp-block-latest-posts__post-excerpt\">Con gran orgullo y entusiasmo, compartimos que el d\u00eda de ayer nuestra consejera, la licenciada Luc\u00eda Mello Gonz\u00e1lez recibi\u00f3 por parte de la ANIERM, en el marco de\u00a0\u201cThe Logistics World Summit & Expo 2025\u201d, el evento de log\u00edstica m\u00e1s importante de Latinoam\u00e9rica, su certificado del Diplomado de Comercio Exterior y Operaciones Aduaneras, as\u00ed como su certificaci\u00f3n en el Est\u00e1ndar de Competencias Laborales EC0537, avalada por el CONOCER y la SEP; lo que refleja su compromiso y trayectoria en esta \u00e1rea del Derecho.<\/div><\/li>\n<\/ul><\/div>\n<\/aside><aside id=\"block-8\" class=\"widget inner-padding widget_block\">\n<div style=\"height:49px\" aria-hidden=\"true\" class=\"wp-block-spacer\"><\/div>\n<\/aside><aside id=\"nav_menu-3\" class=\"widget inner-padding widget_nav_menu\"><div class=\"menu-garbar-menu-container\"><ul id=\"menu-garbar-menu\" class=\"menu\"><li id=\"menu-item-516\" class=\"menu-item menu-item-type-post_type menu-item-object-page menu-item-516\"><a href=\"https:\/\/garbar.info\/en\/acerca-de\/\">About<\/a><\/li>\n<li id=\"menu-item-501\" class=\"menu-item menu-item-type-post_type menu-item-object-page menu-item-501\"><a href=\"https:\/\/garbar.info\/en\/areas-de-practica\/\">Areas of Practice<\/a><\/li>\n<li id=\"menu-item-502\" class=\"menu-item menu-item-type-post_type menu-item-object-page menu-item-502\"><a href=\"https:\/\/garbar.info\/en\/equipo\/\">Team<\/a><\/li>\n<li id=\"menu-item-503\" class=\"menu-item menu-item-type-post_type menu-item-object-page menu-item-503\"><a href=\"https:\/\/garbar.info\/en\/noticias\/\">News<\/a><\/li>\n<li id=\"menu-item-559\" class=\"menu-item menu-item-type-post_type menu-item-object-page menu-item-559\"><a href=\"https:\/\/garbar.info\/en\/contacto\/\">Contact<\/a><\/li>\n<\/ul><\/div><\/aside>\t\t\t\t<\/div>\n\t\t\t\t<\/div>\n\t\t\t\t\t<\/div>\n\t\t<\/div>\n\t\t\t\t\t<\/div>\n\t\t<\/section>\n\t\t\t\t<\/div>","protected":false},"excerpt":{"rendered":"<p>Mercantil Reforma al C\u00f3digo Civil de la Ciudad de M\u00e9xico y la Ley del Notariado para la Ciudad de M\u00e9xico en Materia de Actos Jur\u00eddicos Digitales La presente nota se refiere a la implementaci\u00f3n de diversas modificaciones legislativas que el Poder Legislativo de la Ciudad de M\u00e9xico ha implementado a partir del creciente desarrollo y &#8230; <a title=\"Reform to the Civil Code of Mexico City and the Notarial Law for Mexico City in the Matter of Digital Legal Acts\" class=\"read-more\" href=\"https:\/\/garbar.info\/en\/reforma-al-codigo-civil-de-la-ciudad-de-mexico-y-la-ley-del-notariado-para-la-ciudad-de-mexico-en-materia-de-actos-juridicos-digitales\/\" aria-label=\"Read more about Reforma al C\u00f3digo Civil de la Ciudad de M\u00e9xico y la Ley del Notariado para la Ciudad de M\u00e9xico en Materia de Actos Jur\u00eddicos Digitales\">Read more<\/a><\/p>","protected":false},"author":1,"featured_media":1072,"comment_status":"open","ping_status":"open","sticky":false,"template":"elementor_header_footer","format":"standard","meta":{"inline_featured_image":false,"footnotes":""},"categories":[71],"tags":[],"class_list":["post-1071","post","type-post","status-publish","format-standard","has-post-thumbnail","hentry","category-mercantil"],"_links":{"self":[{"href":"https:\/\/garbar.info\/en\/wp-json\/wp\/v2\/posts\/1071","targetHints":{"allow":["GET"]}}],"collection":[{"href":"https:\/\/garbar.info\/en\/wp-json\/wp\/v2\/posts"}],"about":[{"href":"https:\/\/garbar.info\/en\/wp-json\/wp\/v2\/types\/post"}],"author":[{"embeddable":true,"href":"https:\/\/garbar.info\/en\/wp-json\/wp\/v2\/users\/1"}],"replies":[{"embeddable":true,"href":"https:\/\/garbar.info\/en\/wp-json\/wp\/v2\/comments?post=1071"}],"version-history":[{"count":4,"href":"https:\/\/garbar.info\/en\/wp-json\/wp\/v2\/posts\/1071\/revisions"}],"predecessor-version":[{"id":1076,"href":"https:\/\/garbar.info\/en\/wp-json\/wp\/v2\/posts\/1071\/revisions\/1076"}],"wp:featuredmedia":[{"embeddable":true,"href":"https:\/\/garbar.info\/en\/wp-json\/wp\/v2\/media\/1072"}],"wp:attachment":[{"href":"https:\/\/garbar.info\/en\/wp-json\/wp\/v2\/media?parent=1071"}],"wp:term":[{"taxonomy":"category","embeddable":true,"href":"https:\/\/garbar.info\/en\/wp-json\/wp\/v2\/categories?post=1071"},{"taxonomy":"post_tag","embeddable":true,"href":"https:\/\/garbar.info\/en\/wp-json\/wp\/v2\/tags?post=1071"}],"curies":[{"name":"wp","href":"https:\/\/api.w.org\/{rel}","templated":true}]}}